{"id":764,"date":"2015-03-01T11:20:20","date_gmt":"2015-03-01T10:20:20","guid":{"rendered":"http:\/\/www.collanzo.com\/WP_blog\/?p=764"},"modified":"2015-03-08T22:41:11","modified_gmt":"2015-03-08T21:41:11","slug":"fallecimiento-de-ruben-montes-y-ferrote","status":"publish","type":"post","link":"https:\/\/www.collanzo.com\/WP_blog\/?p=764","title":{"rendered":"FALLECIMIENTO DE RUBEN MONTES Y FERROTE"},"content":{"rendered":"<p>En estos d\u00edas , hemos tenido en nuestros pueblos dos fallecimientos, uno de una persona joven , Ruben , y por ello muy doloroso e inexplicable y otro de una persona mayor, Ferrote, muy popular tanto en Collanzo como en todo el concejo<br \/>\nEn ambos casos los actos f\u00fanebres han sido muy respaldados por numerosas personas que han acudido a acompa\u00f1ar a las familias y como despedida.<br \/>\nA trav\u00e9s de de esta lineas queremos tener unas palabras de de recuerdo hacia ambos y para ello creemos oportuno reflejar algunas de los peque\u00f1os mensajes que fueron le\u00eddos.<br \/>\nA FERROTE , MI AMIGU DE LUIS TEJON :<br \/>\n<a href=\"http:\/\/www.collanzo.com\/WP_blog\/wp-content\/uploads\/2015\/03\/IMG-20150301-WA0000.jpg\"><img loading=\"lazy\" decoding=\"async\" class=\"alignleft size-medium wp-image-773\" title=\"IMG-20150301-WA0000\" src=\"http:\/\/www.collanzo.com\/WP_blog\/wp-content\/uploads\/2015\/03\/IMG-20150301-WA0000-188x300.jpg\" alt=\"\" width=\"188\" height=\"300\" srcset=\"https:\/\/www.collanzo.com\/WP_blog\/wp-content\/uploads\/2015\/03\/IMG-20150301-WA0000-188x300.jpg 188w, https:\/\/www.collanzo.com\/WP_blog\/wp-content\/uploads\/2015\/03\/IMG-20150301-WA0000.jpg 361w\" sizes=\"auto, (max-width: 188px) 100vw, 188px\" \/><\/a>Amigos todos ,\u00a1 buenos d\u00edas y malos d\u00edas !<br \/>\nfai un a\u00f1o aproximadamente tando en el texu -Felechosa- dizme Ferrote : \u201ctocayu , ayer so\u00f1\u00e9 que habia muerto y tu me chabes un discursu en la iglesia y yo oyiate y prestabame lo que dec\u00edas\u201d.<br \/>\namigo, si muerres antes que yo, ten presente que te dire unes palabres de despedida y aqu\u00ed toy cumpliendo la palabra.<br \/>\nDespedimos hoy a D. Luis Carballo Velasco, una persona que fue dejando huellay amigos alla por donde paso porque yera un hombre buenu,en el buen sentido de la palabra como dira Machado .<br \/>\nSiempre tendre en la retina los cientos de chistes y a an\u00e9cdotas, que con su gracia contaba , de tus pasos por la mina , por el arenero d elos Fueyos, con el taxi, y la cantidad de vaqueros que acurrucabas a la vuelta d etus viajes .<br \/>\nsolo pnias dos condiciones :\u00a1 con cachusques chenas de cuchu nun montaben nel coche !<br \/>\n-Ay mante , pues emporcare yo muncho, respond\u00eda alg\u00fan .<br \/>\nIgualmente les rutes con la pe\u00f1a gastron\u00f3mica El Panchon, por les pistes de de castilla,\u2026con el jamon , la tortilla y la bota al hombro.Como \u00edbamos uniformados con niki de rojo intenso, al llegar a un pueblu los rapacinos preguntaban :<br \/>\nOye\u00bf vosotros quienes sois?<br \/>\nTu dabas como respuesta :de la selecci\u00f3n espa\u00f1ola o sino de una orquesta que tocaba por les fiestes del pueblu .<br \/>\n\u00a1Cu\u00e1ntos recuerdos \u2026!<br \/>\nMira aunque viva cien a\u00f1os , siempre que vuelva por esos lugares me acordare de ti y llorare tu recuerdo .<a href=\"http:\/\/www.collanzo.com\/WP_blog\/wp-content\/uploads\/2015\/03\/IMG-20150301-WA0001.jpg\"><img loading=\"lazy\" decoding=\"async\" class=\"alignright size-medium wp-image-774\" title=\"IMG-20150301-WA0001\" src=\"http:\/\/www.collanzo.com\/WP_blog\/wp-content\/uploads\/2015\/03\/IMG-20150301-WA0001-216x300.jpg\" alt=\"\" width=\"216\" height=\"300\" srcset=\"https:\/\/www.collanzo.com\/WP_blog\/wp-content\/uploads\/2015\/03\/IMG-20150301-WA0001-216x300.jpg 216w, https:\/\/www.collanzo.com\/WP_blog\/wp-content\/uploads\/2015\/03\/IMG-20150301-WA0001-738x1024.jpg 738w, https:\/\/www.collanzo.com\/WP_blog\/wp-content\/uploads\/2015\/03\/IMG-20150301-WA0001.jpg 923w\" sizes=\"auto, (max-width: 216px) 100vw, 216px\" \/><\/a><br \/>\nYeras muy atopaizu y ocupabes mucho espacio por lo que el vaciu que dejas ser\u00e1 muy dif\u00edcil de rellenar.<br \/>\nFerrote te vas para siempre, pero igualmente par siempre estar\u00e1s en el recuerdo y en el coraz\u00f3n de todos los que tuvimos la suerte y honor de conocerte .<br \/>\nDescansa en paz amigo.<br \/>\nS\u00e1bado 21 de febrero de 2015<br \/>\nCuerigo<br \/>\nLuis Tej\u00f3n Fern\u00e1ndez<\/p>\n<p>A LA MEMORIA DE LUIS CARBALLO<br \/>\nYo conoc\u00ed a Luis Carballo, all\u00e1 por los a\u00f1os 1967, en el antiguo bar del \u201cRizosu\u201d, en Felechosa, donde algunas tardes-noches me sentaba en el \u201cesquenu\u201d de la cocina a ordenar las notas que hab\u00eda obtenido de las gentes de los pueblos que visitaba, y antes de tomar la v\u00eda de Moreda hacia casa. Ya me dominaba el que en mi domicilio y en mi c\u00edrculo familiar denominaban \u201cviciu de los pueblos de Aller\u201d.<br \/>\nAll\u00ed en aquella cocina, ya familiar, de la que frecuentemente sal\u00eda Emilia a atender a los clientes a la barra del bar, conoc\u00ed al que me ha sido presentado, no como Luis, sino como \u201cFerrote\u201d. Fue un hombre que me cay\u00f3 bien desde el primer momento, por varias razones; una de ellas, porque me pareci\u00f3, con el transcurso de los d\u00edas y de mis observaciones que me confirmaban la idea del \u201cprimer momento\u201d, que no se encontraba entre las gentes que piensan en los obst\u00e1culos de cualquier empresa o circunstancia, sino que estaba en el grupo opuesto: en el de las gentes que piensan en las facilidades para vencer esos obst\u00e1culos.<br \/>\nAdem\u00e1s la prudencia en la conversaci\u00f3n es otra virtud digna de tener en cuenta a la hora de catalogar. No se puede decir que haya ning\u00fan triunfalismo en sus relatos simples y sencillos, sobre sus triunfales tourn\u00e8es por Sudam\u00e9rica.<br \/>\nHemos sido amigos. Es curioso c\u00f3mo la jovialidad de las personas lleva a hacernos desear sus amistad. Bueno, pues, con el tiempo he ido d\u00e1ndome cuenta de que Ferrote era una persona sobresaliente, y en especial en el conglomerado allerano del Alto Aller, debido a su inteligencia, a su cultura adquirida a golpe de movimientos migratorios, en un principio, y en carreras de taxi, ya en su segunda etapa en Felechosa. Hay que a\u00f1adir prudencia y don de gentes.<br \/>\nCuando coincid\u00eda con \u00e9l en mis correr\u00edas por los pueblos por los que andaba en busca de informaci\u00f3n, como corresponsal, para mi peri\u00f3dico REGI\u00d3N, me admiraba o\u00edrle conversar con otras gentes; luc\u00eda su conversaci\u00f3n. Me enorgullec\u00ed de contarme entre sus amistades.<br \/>\nDescanse en paz el buen hombre y el buen amigo. En verdad, en mi memoria queda como un ejemplo de amistad y bonhom\u00eda.<\/p>\n<p>Guillermo Fern\u00e1ndez Lorenzo<br \/>\nMoreda, 21 de febrero de 2015.<\/p>\n<p><em><strong>\u00a0<\/strong><\/em><strong><em>PALABRAS DEDICADAS A\u00a0\u00a0 RUBEN<\/em><\/strong><\/p>\n<p><em><strong>Escrita por Claudia Rojo Fern\u00e1ndez:<\/strong><\/em><\/p>\n<p><em><strong>Un escritor franc\u00e9s dijo: la muerte no nos roba los seres amados. Al contrario, nos los guarda y nos los inmortaliza en el recuerdo.<br \/>\n<a href=\"http:\/\/www.collanzo.com\/WP_blog\/wp-content\/uploads\/2015\/03\/IMG_5132.jpg\"><img loading=\"lazy\" decoding=\"async\" class=\"alignleft size-medium wp-image-772\" title=\"IMG_5132\" src=\"http:\/\/www.collanzo.com\/WP_blog\/wp-content\/uploads\/2015\/03\/IMG_5132-300x200.jpg\" alt=\"\" width=\"300\" height=\"200\" srcset=\"https:\/\/www.collanzo.com\/WP_blog\/wp-content\/uploads\/2015\/03\/IMG_5132-300x200.jpg 300w, https:\/\/www.collanzo.com\/WP_blog\/wp-content\/uploads\/2015\/03\/IMG_5132.jpg 1024w\" sizes=\"auto, (max-width: 300px) 100vw, 300px\" \/><\/a>Siempre fuiste experto en hacer sentir mil cosas a la vez, eras un picotero, que siempre sabias como hacer de rabiar, supongo que era porque nos conoc\u00edas bien, nos rabiabas y al minuto siempre estabas con tu &#8216;veenga no te enfades home&#8217; y ya esa sonrisa tuya, que no permit\u00eda mantener el enfado mucho tiempo. Por buscar un ejemplo sencillo, dir\u00eda que nuestra amistad es como un vaso de agua, el cual fuimos llenando desde que \u00e9ramos apenas unos enanos que jugaban a Fuga en la plaza, hasta nuestros primeras noches en Felechosa, la esquina de Collanzo donde cada s\u00e1bado ah\u00ed est\u00e1bamos todos, llenando el vaso,todas tus sonrisas, todos tus abrazos, tus bromas, todos las aventuras con los guajes, las charlas internas, la complicidad, la confianza que fuiste otorg\u00e1ndonos a cada uno de nosotros, d\u00e1ndonos la suerte de conocerte, para poder afrontar hoy esto. El vaso esta medio lleno, solo medio, nos has dejado un hueco inmenso que no podremos llenar nunca, quedaba much\u00edsimo espacio, para much\u00edsimo tiempo mas, todas las gotas, todos los recuerdos, se desparraman, caen un 12 de febrero, e intentamos estar enteros, recuperar lo bueno, a veces auto convenci\u00e9ndonos de que no puede estar pasando, y por desgracia si, y solo nos queda una mitad de vaso, consolarnos con haber sido una de las personas que formo parte de tu vida, y haber tenido la suerte de contar con alguien como t\u00fa en la nuestra. Isabel Allende dijo que la muerte no existe, la gente s\u00f3lo muere cuando la olvidan; si puedes recordarles, siempre estar\u00e1n contigo. Sobra decirlo, hoy nos despedimos de ti, pero no te decimos adi\u00f3s, adi\u00f3s significa irse, irse olvidar, y nosotros nunca lo haremos, y siempre estaras a nuestro lado, en cada campo de futbol, cada rinc\u00f3n de tu casa, de las nuestras, de Collanzo, de Caba\u00f1a, Santi, y sin duda tienes parcela en nuestros corazones, hoy y siempre, te queremos Rubenin.<\/strong><\/em><\/p>\n<p><em><strong>\u00a0<\/strong><\/em><em><strong>Escrita por Isa Fern\u00e1ndez Casta\u00f1\u00f3n:<\/strong><\/em><\/p>\n<p><em><strong>Volveremos a subir la cuesta de Santiba\u00f1ez todos juntos, no precisamente para ir al colegio como en esa \u00e9poca en la que no exist\u00edan preocupaciones. No iremos cargados de maletas, libros e ilusi\u00f3n por <a href=\"http:\/\/www.collanzo.com\/WP_blog\/wp-content\/uploads\/2015\/03\/IMG_5126.jpg\"><img loading=\"lazy\" decoding=\"async\" class=\"alignright size-medium wp-image-771\" title=\"IMG_5126\" src=\"http:\/\/www.collanzo.com\/WP_blog\/wp-content\/uploads\/2015\/03\/IMG_5126-300x200.jpg\" alt=\"\" width=\"300\" height=\"200\" srcset=\"https:\/\/www.collanzo.com\/WP_blog\/wp-content\/uploads\/2015\/03\/IMG_5126-300x200.jpg 300w, https:\/\/www.collanzo.com\/WP_blog\/wp-content\/uploads\/2015\/03\/IMG_5126.jpg 1024w\" sizes=\"auto, (max-width: 300px) 100vw, 300px\" \/><\/a>aprender, ahora llevamos a cuestas kilos de dolor, impotencia y l\u00e1grimas. Ya no saltaremos al cementerio a escondidas de los \u00abmaestros\u00bb a rescatar el bal\u00f3n que azotaste de una patada cuando jug\u00e1bamos en el recreo, ahora entramos por la puerta grande, como los mayores!!!, a dejar un pedazo de nosotros&#8230; Qui\u00e9n nos lo iba a decir Ruben\u00edn<br \/>\nEn la memoria de todos quedan millones de recuerdos, unos de hace tiempo, otros recientes, pero todos tienen en com\u00fan una cosa&#8230;todos llevan T\u00fa sonrisa! Siempre tan hablador y sonriente. Imposible decirte adi\u00f3s&#8230;<br \/>\nAhora todos estamos aqu\u00ed, arropando a tu familia, rotos de dolor y esa cuesta que nos vio crecer se hace m\u00e1s dura y pendiente&#8230; Y se sube para aprender una lecci\u00f3n, esta vez no es de conocimiento del medio, ni de matem\u00e1ticas, ni le lengua, ahora la lecci\u00f3n que toca aprender es la m\u00e1s dura de todas&#8230; Tener que decirte hasta luego&#8230;<br \/>\nAll\u00ed donde est\u00e9s acu\u00e9rdate de nosotros, aqu\u00ed abajo tus amigos no te olvidan.<\/strong><\/em><\/p>\n<p>&nbsp;<\/p>\n","protected":false},"excerpt":{"rendered":"<p>En estos d\u00edas , hemos tenido en nuestros pueblos dos fallecimientos, uno de una persona joven , Ruben , y por ello muy doloroso e inexplicable y otro de una persona mayor, Ferrote, muy popular tanto en Collanzo como en todo el concejo En ambos casos los actos f\u00fanebres han sido muy respaldados por numerosas [&hellip;]<\/p>\n","protected":false},"author":3,"featured_media":0,"comment_status":"open","ping_status":"open","sticky":false,"template":"","format":"standard","meta":{"footnotes":"","_links_to":"","_links_to_target":""},"categories":[10],"tags":[],"class_list":["post-764","post","type-post","status-publish","format-standard","hentry","category-general-2"],"_links":{"self":[{"href":"https:\/\/www.collanzo.com\/WP_blog\/index.php?rest_route=\/wp\/v2\/posts\/764","targetHints":{"allow":["GET"]}}],"collection":[{"href":"https:\/\/www.collanzo.com\/WP_blog\/index.php?rest_route=\/wp\/v2\/posts"}],"about":[{"href":"https:\/\/www.collanzo.com\/WP_blog\/index.php?rest_route=\/wp\/v2\/types\/post"}],"author":[{"embeddable":true,"href":"https:\/\/www.collanzo.com\/WP_blog\/index.php?rest_route=\/wp\/v2\/users\/3"}],"replies":[{"embeddable":true,"href":"https:\/\/www.collanzo.com\/WP_blog\/index.php?rest_route=%2Fwp%2Fv2%2Fcomments&post=764"}],"version-history":[{"count":5,"href":"https:\/\/www.collanzo.com\/WP_blog\/index.php?rest_route=\/wp\/v2\/posts\/764\/revisions"}],"predecessor-version":[{"id":767,"href":"https:\/\/www.collanzo.com\/WP_blog\/index.php?rest_route=\/wp\/v2\/posts\/764\/revisions\/767"}],"wp:attachment":[{"href":"https:\/\/www.collanzo.com\/WP_blog\/index.php?rest_route=%2Fwp%2Fv2%2Fmedia&parent=764"}],"wp:term":[{"taxonomy":"category","embeddable":true,"href":"https:\/\/www.collanzo.com\/WP_blog\/index.php?rest_route=%2Fwp%2Fv2%2Fcategories&post=764"},{"taxonomy":"post_tag","embeddable":true,"href":"https:\/\/www.collanzo.com\/WP_blog\/index.php?rest_route=%2Fwp%2Fv2%2Ftags&post=764"}],"curies":[{"name":"wp","href":"https:\/\/api.w.org\/{rel}","templated":true}]}}