{"id":740,"date":"2015-01-29T21:35:42","date_gmt":"2015-01-29T20:35:42","guid":{"rendered":"http:\/\/www.collanzo.com\/WP_blog\/?p=740"},"modified":"2015-02-21T12:36:18","modified_gmt":"2015-02-21T11:36:18","slug":"boletin-de-la-aa-vv-san-blas-enero-2015","status":"publish","type":"post","link":"https:\/\/www.collanzo.com\/WP_blog\/?p=740","title":{"rendered":"BOLET\u00cdN  DE LA AA VV SAN BLAS  ENERO 2015"},"content":{"rendered":"<p>BOLET\u00cdN INFORMATIVO N\u00ba 2<br \/>\nAA. VV SAN BLAS ENERO DE 2015<\/p>\n<p>Estimados vecinos :<br \/>\nTras varios meses al frente de la gesti\u00f3n de nuestra asociaci\u00f3n vecinal presentamos este bolet\u00edn informativo para dar cuenta de las gestiones, actividades y otros temas de inter\u00e9s.<br \/>\nEn primer lugar hemos metido varios escritos al Ayuntamiento , tanto para presentar la nueva directiva as\u00ed como reclamando diversos temas .Hemos de lamentar que habiendo trascurrido m\u00e1s de seis meses no hemos tenido la necesaria recepci\u00f3n por parte del Alcalde , donde ten\u00edamos depositadas bastantes confianzas para ir avanzando en temas significativos , entre otros el tema de los locales o terrenos necesarios para el nuevo consultorio m\u00e9dico .Lamentamos tener que decir que no hemos sido recibidos pese a ser solicitado repetidas veces .<br \/>\nPor otro lado agradecemos<!--more--> la colaboraci\u00f3n del servicio de obras municipales que nos han dado apoyo en bastantes ocasiones.<br \/>\nHemos trabajado en torno a posibles terrenos para el centro m\u00e9dico pero sin la colaboraci\u00f3n o inter\u00e9s desde el ayuntamiento no podemos avanzar \u201cgran cosa \u201c y como dec\u00edamos anteriormente el tema est\u00e1 estancado .<br \/>\nHemos realizado las fiestas del Cristo (septiembre de 2014) de las cuales facilitamos informaci\u00f3n de los ingresos y gastos .Tras esta experiencia de realizar estas fiestas hemos tomado la decisi\u00f3n de cara al futuro de desvincular el temas de las fiestas de la asociaci\u00f3n vecinal .Creemos que es importante organizar las fiestas pero creemos que es m\u00e1s importante otros temas de inter\u00e9s general y la directiva vecinal dado el poco n\u00famero de personas que componen la directiva , no puede asumir todo :fiestas m\u00e1s los temas propios de la asociaci\u00f3n .<br \/>\nPor ello dejamos bien claro ante la comunidad vecinal que esta directiva renuncia a organizar en el futuro las fiestas ,si bien alg\u00fan acto de las mismas podr\u00eda ser subvencionado o financiado por la AA VV San Blas .(ejemplo Galardones de Vecino o Allerano Ejemplar ) .<br \/>\nHemos realizado un sencillo Belen Navide\u00f1o dentro de una boca de mina , colocada en un lateral del iglesia de Collanzo , que de cara al pr\u00f3ximo a\u00f1o quisi\u00e9ramos poder realizar con figuras de tama\u00f1o real , mediante maniqu\u00eds . Confiamos poder realizarlo de modo brillante .<br \/>\nLocales de las escuelas antiguas :tras una fase de desgobierno y anarqu\u00eda en su uso , hemos realizado una sextaferia para reacondicionar los locales (limpieza y colocaci\u00f3n de los equipamientos y materiales ) . Esperemos que en el futuro el uso sea adecuado.<br \/>\nPor otro lado estamos recibiendo algunas reclamaciones econ\u00f3micas de alg\u00fan vecino de Cuerigo sobre devoluci\u00f3n econ\u00f3mica proporcional a las aportaciones que con anterioridad han depositado en la asociaci\u00f3n vecinal : los act\u00faales recursos econ\u00f3micos de la asociaci\u00f3n vecinal son los que figuran en el estado econ\u00f3mico y no estamos en disposici\u00f3n a entrar en repartos .Creemos que la anterior directiva realizo una muy buena gesti\u00f3n de la asociaci\u00f3n y se gasto mucho dinero en Cuerigo y si en determinado momento , algunos vecinos han decidido crear una asociaci\u00f3n cultural , no por ello tienen derecho a reclamar repartos de los dineros o materiales .Lamentamos estas actitudes negativas que no buscan m\u00e1s que enturbiar las relaciones amistosas entre los vecinos .<\/p>\n<p>FIESTA DE SAN BLAS : domingo 8 de febrero de 2015<br \/>\nComo es de sobra conocido desde hace casi veinticinco a\u00f1os la asociaci\u00f3n vecinal vine otorgando unos galardones anuales tanto nivel vecinal como del concejo .<br \/>\nEstos galardonen tienen la finalidad de reconocer los meritos de distintas personas o asociaciones que se han distinguido en los \u00faltimos a\u00f1os en su colaboraci\u00f3n en favor de los dem\u00e1s o por su trabajo admirable y ejemplar .<br \/>\nEn estos anteriores a\u00f1os las directivas vecinales han concedido estos premios a varios vecinos del entorno vecinal , as\u00ed como a otros de distinta localidades alleranas o colectivos \/entidades vecinales , culturales , deportivas,\u2026..<br \/>\nEl a\u00f1o pasado se interrumpi\u00f3 esta tradici\u00f3n ya que tras diversos problemas con vecinos de Santiba\u00f1ez se decidi\u00f3 no realizar ese a\u00f1o dicho acto.<br \/>\nEste a\u00f1o hemos decidido retomar la tradici\u00f3n y la asociaci\u00f3n vecinal ha decidido conceder los galardones a :<br \/>\nVECINO EJEMPLAR :<br \/>\nALLERANO EJEMPLAR :<br \/>\nLos premios ser\u00e1n entregados el domingo 8 de febrero al finalizar la misa de San Blas en el interior de la iglesia de Santib\u00e1\u00f1ez .Invitamos a los vecinos de Collanzo a participar en dichos actos , arropando a la directiva y los premiados .Gracias .<br \/>\n(L\u00d3GICAMENTE ESTE APARTADO QUEDA SUSPENDIDO AL HABERSE TOMADO EL ACUERDO DEL CESE DE LA DIRECTIVA )<\/p>\n<p>LOTERIA -BENEFICIO<br \/>\nHa habido un beneficio de 445 \u20ac en la Loter\u00eda de Navidad y de 304 \u20ac en la Reyes .Total 749 \u20ac<br \/>\nRELACI\u00d3N DE SOCIOS : SE EXPONEN LAS PERSONAS QUE HAN PAGADO LA CUOTA DESDE JUNIO DEL 2014 AL 10 DE ENERO DE 2015<\/p>\n<p>1. ARCADIO ALONSO<br \/>\n2. SANTOS FERNANDEZ FANJUL (TITI)<br \/>\n3. ROBERTO CASTA\u00d1ON (APARTAMENTOS LA ESTACION )<br \/>\n4. LUZ CASTA\u00d1ON DIAZ<br \/>\n5. CANDELA FANJUL<br \/>\n6. RENE BAIZAN<br \/>\n7. PLACIDA FERNANDEZ<br \/>\n8. CLARA FERNANDEZ GUTIERREZ<br \/>\n9. MARIA JESUS FERNANDEZ<br \/>\n10. CARMEN FERNANDEZ (LIBRER\u00cdA )<br \/>\n11. JUAN JOSE FERNANDEZ (LIBRER\u00cdA )<br \/>\n12. MARIA FEDZ VELASCO<br \/>\n13. MAXIMINO Y FLORENTINA<br \/>\n14. EMILIO GARCIA SANCHEZ<br \/>\n15. PEPITA GARCIA SANCHEZ<br \/>\n16. CARMINA GLEZ SOLIS<br \/>\n17. GUILLERMINA BAIZAN<br \/>\n18. ROCIO Y GUILLERMO<br \/>\n19. MATILDE GUTIERREZ BERNARDO<br \/>\n20. JOAQUIN HERNANDEZ SANCHEZ<br \/>\n21. FRANCISCO LOBO GLEZ<br \/>\n22. FERNANDO LOPEZ GLEZ<br \/>\n23. MANUEL LOPEZ GLEZ<br \/>\n24. LUIS Y MANOLITA (CUERIGO)<br \/>\n25. ROSARIO Y MARINO<br \/>\n26. BEATRIZ MARTINEZ CUESTA<br \/>\n27. ADOLFO MIRANDA<br \/>\n28. ASCENSION MIRANDA<br \/>\n29. MANUEL MIRANDA MEGIDO<br \/>\n30. ESTHER NESPRAL<br \/>\n31. PARROQUIA<br \/>\n32. RAUL MIRANDA VELASCO<br \/>\n33. PEDRO DIAZ (CASA RAMON Y JUSTA )<br \/>\n34. ANTONIO (CENTRAL CUERIGO9<br \/>\n35. DOMINGUEZ<br \/>\n36. NOEMI RODRIGUEZ RODRIGUEZ<br \/>\n37. ELENA RODRIGUEZ Y JOSE LUIS<br \/>\n38. CARMEN SUAREZ FERNANDEZ<br \/>\n39. MUEBLES JUAN LUIS<br \/>\n40. VALIENTE Y MARGARITA<br \/>\n41. ISABEL VILLABRILLE<br \/>\n42. ADELINA (SEVERO )<\/p>\n","protected":false},"excerpt":{"rendered":"<p>BOLET\u00cdN INFORMATIVO N\u00ba 2 AA. VV SAN BLAS ENERO DE 2015 Estimados vecinos : Tras varios meses al frente de la gesti\u00f3n de nuestra asociaci\u00f3n vecinal presentamos este bolet\u00edn informativo para dar cuenta de las gestiones, actividades y otros temas de inter\u00e9s. En primer lugar hemos metido varios escritos al Ayuntamiento , tanto para presentar [&hellip;]<\/p>\n","protected":false},"author":3,"featured_media":0,"comment_status":"open","ping_status":"open","sticky":false,"template":"","format":"standard","meta":{"footnotes":"","_links_to":"","_links_to_target":""},"categories":[10],"tags":[],"class_list":["post-740","post","type-post","status-publish","format-standard","hentry","category-general-2"],"_links":{"self":[{"href":"https:\/\/www.collanzo.com\/WP_blog\/index.php?rest_route=\/wp\/v2\/posts\/740","targetHints":{"allow":["GET"]}}],"collection":[{"href":"https:\/\/www.collanzo.com\/WP_blog\/index.php?rest_route=\/wp\/v2\/posts"}],"about":[{"href":"https:\/\/www.collanzo.com\/WP_blog\/index.php?rest_route=\/wp\/v2\/types\/post"}],"author":[{"embeddable":true,"href":"https:\/\/www.collanzo.com\/WP_blog\/index.php?rest_route=\/wp\/v2\/users\/3"}],"replies":[{"embeddable":true,"href":"https:\/\/www.collanzo.com\/WP_blog\/index.php?rest_route=%2Fwp%2Fv2%2Fcomments&post=740"}],"version-history":[{"count":4,"href":"https:\/\/www.collanzo.com\/WP_blog\/index.php?rest_route=\/wp\/v2\/posts\/740\/revisions"}],"predecessor-version":[{"id":756,"href":"https:\/\/www.collanzo.com\/WP_blog\/index.php?rest_route=\/wp\/v2\/posts\/740\/revisions\/756"}],"wp:attachment":[{"href":"https:\/\/www.collanzo.com\/WP_blog\/index.php?rest_route=%2Fwp%2Fv2%2Fmedia&parent=740"}],"wp:term":[{"taxonomy":"category","embeddable":true,"href":"https:\/\/www.collanzo.com\/WP_blog\/index.php?rest_route=%2Fwp%2Fv2%2Fcategories&post=740"},{"taxonomy":"post_tag","embeddable":true,"href":"https:\/\/www.collanzo.com\/WP_blog\/index.php?rest_route=%2Fwp%2Fv2%2Ftags&post=740"}],"curies":[{"name":"wp","href":"https:\/\/api.w.org\/{rel}","templated":true}]}}