{"id":596,"date":"2014-09-21T20:40:12","date_gmt":"2014-09-21T19:40:12","guid":{"rendered":"http:\/\/www.collanzo.com\/WP_blog\/?p=596"},"modified":"2014-10-06T17:44:46","modified_gmt":"2014-10-06T16:44:46","slug":"pregon-de-las-fiestas-del-cristo-2014-celso-fernandez","status":"publish","type":"post","link":"https:\/\/www.collanzo.com\/WP_blog\/?p=596","title":{"rendered":"PREG\u00d3N DE LAS FIESTAS DEL CRISTO 2014 -Celso  Fern\u00e1ndez"},"content":{"rendered":"<p>PREGON FIESTAS CRISTO DEL AMPARO \u2013 COLLANZO 2.014<\/p>\n<p style=\"text-align: justify\"><a href=\"http:\/\/www.collanzo.com\/WP_blog\/wp-content\/uploads\/2014\/09\/comp-1.jpg\"><img loading=\"lazy\" decoding=\"async\" class=\"alignleft size-medium wp-image-633\" src=\"http:\/\/www.collanzo.com\/WP_blog\/wp-content\/uploads\/2014\/09\/comp-1-300x200.jpg\" alt=\"\" width=\"300\" height=\"200\" srcset=\"https:\/\/www.collanzo.com\/WP_blog\/wp-content\/uploads\/2014\/09\/comp-1-300x200.jpg 300w, https:\/\/www.collanzo.com\/WP_blog\/wp-content\/uploads\/2014\/09\/comp-1.jpg 1024w\" sizes=\"auto, (max-width: 300px) 100vw, 300px\" \/><\/a>Hola que tal. Saludos. Buenas noches.<\/p>\n<p style=\"text-align: justify\">Verdaderamente es un lujo subirse al escenario en esta plaza que guarda tantos recuerdos de anta\u00f1o. Y tener la suerte de que hayan acudido ustedes a escuchar este preg\u00f3n que va a abrir los festejos del Sant\u00edsimo Cristo del Amparo. No se preocupen porque no les voy a cansar mucho. Perm\u00edtanme solamente una reflexi\u00f3n:<a href=\"http:\/\/www.collanzo.com\/WP_blog\/wp-content\/uploads\/2014\/09\/COMP4.jpg\"><img loading=\"lazy\" decoding=\"async\" class=\"alignleft size-medium wp-image-646\" src=\"http:\/\/www.collanzo.com\/WP_blog\/wp-content\/uploads\/2014\/09\/COMP4-300x200.jpg\" alt=\"\" width=\"300\" height=\"200\" srcset=\"https:\/\/www.collanzo.com\/WP_blog\/wp-content\/uploads\/2014\/09\/COMP4-300x200.jpg 300w, https:\/\/www.collanzo.com\/WP_blog\/wp-content\/uploads\/2014\/09\/COMP4.jpg 1024w\" sizes=\"auto, (max-width: 300px) 100vw, 300px\" \/><\/a><!--more--><\/p>\n<p style=\"text-align: justify\">Estamos a punto de iniciar la fiesta. Por eso les propongo que no duden en guardar hasta el lunes en la maleta del olvido, todos aquellos malos momentos, las preocupaciones y problemas, porque de lo contrario no podr\u00e1n disfrutar ni tan siquiera de un rato agradable. Cojan aire, respiren hondo y sonr\u00edanle a la vida, porque \u00e9sta no se detiene. Pasa tan de prisa, que cuando nos damos cuenta apenas nos queda tiempo para reconocer lo bella que es, aunque sea en esta selva plagada de dificultades e inconvenientes, que nos obligan a superarnos y evitan que caigamos en el tedio y la desesperanza.<\/p>\n<p style=\"text-align: justify\">Bueno, tras este par\u00e9ntesis, he de decirles que si bien un servidor hab\u00eda decidido ya hace tiempo abandonar la faceta de pregonero, he aceptado este reto porque as\u00ed me lo ha pedido mi buen amigo Ren\u00e9 Baiz\u00e1n. Y por colaborar con esta nueva Asociaci\u00f3n de Vecinos de San Blas, que est\u00e1 dispuesta a trabajar por la zona a pesar de algunas desavenencias surgidas.<\/p>\n<p style=\"text-align: justify\">Como dir\u00eda mi amigo Antony Blake, (El Mago de la Mente) que, por cierto, hace a\u00f1os actuaba aqu\u00ed en Collanzo; lo que les voy a contar es fruto de la imaginaci\u00f3n, tiene poco que ver con la realidad.<\/p>\n<p style=\"text-align: justify\">Se trata de una peque\u00f1a historia de amor. Los protagonistas: Alba, de Santiba\u00f1ez, y Pelayo, de Collanzo.<br \/>\nOcurri\u00f3 hace muchos a\u00f1os en Santiba\u00f1ez de la Fuente, alrededor del tejo, el texu, el \u00e1rbol sagrado de los celtas. All\u00ed se encontraba Pelayo durante la celebraci\u00f3n de la fiesta. Alba le tir\u00f3 los tejos, las semillas o ramitas del \u00e1rbol milenario. Era la se\u00f1al de que el mozo era su preferido. A partir de ah\u00ed surgi\u00f3 un amor intenso, interrumpido por la guerra que les separa cuando Alba se encontraba embarazada de una hija a la que m\u00e1s tarde llam\u00f3 Elda.<br \/>\nPasaron los a\u00f1os escribi\u00e9ndose cartas hasta que Pelayo se exili\u00f3 a Cuba y se perdieron los contactos.<br \/>\nCada d\u00eda, Alba acud\u00eda con su peque\u00f1a al entorno del tejo, en las inmediaciones de la iglesia rom\u00e1nica de San Juan de Rio Miera, declarada monumento hist\u00f3rico art\u00edstico, junto a la fuente de agua clara de la que beb\u00edan los caminantes, peregrinos jacobeos del camino de Santiago, que se adentraba en Aller por el puerto de San Isidro.<br \/>\nSe dice del texu que en torno a \u00e9l celebraban sus reuniones los celtas del castro de Les Mueles, para orar a sus dioses. Era tambi\u00e9n un punto de encuentro para el desarrollo de concejos abiertos o cabildos vecinales. Y en la actualidad a\u00fan se celebran bajo estos \u00e1rboles fiestas y romer\u00edas.<br \/>\nPara los antiguos astures ten\u00eda un car\u00e1cter m\u00e1gico. Sobre \u00e9l han surgido leyendas relativas a la taxina, un veneno que produce y que, seg\u00fan los m\u00e1s antiguos, era utilizado en viejos aquelarres y para envenenar las puntas de las flechas que utilizaban los astures contra sus enemigos.<br \/>\nEn ese car\u00e1cter m\u00e1gico que se ha asignado al texu, confiaba Alba para volver a ver a su querido Pelayo. Pero la distancia no perdona y el mozo de Collanzo se qued\u00f3 en La Habana sin poder regresar junto a su mujer y con las ganas de conocer a su hija.<\/p>\n<p style=\"text-align: justify\">Muchos a\u00f1os m\u00e1s tarde, coincidiendo con un viaje institucional del presidente del Principado, Vicente Alvarez Areces, por varios pa\u00edses de Sudam\u00e9rica, que tuve la oportunidad de cubrir informativamente para la radio, visitamos la isla caribe\u00f1a y en un encuentro con los asturianos de La Habana, en el Club Allerano de Cuba, que cumple ahora cien a\u00f1os, un compa\u00f1ero periodista y yo tuvimos la suerte de conocer a un anciano muy entrado en a\u00f1os, con el que dialogamos durante horas en torno a la mesa de una tasca antigua, frente al malec\u00f3n.<br \/>\nEntre trago y trago de ron, nos cont\u00f3 que era de Collanzo, la capital allerana hasta 1.869. Enclave de caminos, donde la carretera se divide por la derecha hacia Casomera y Vegarada; y por la izquierda hacia Felechosa y San Isidro. Donde confluyen los r\u00edos Mera y San Isidro para formar el Aller.<br \/>\nHab\u00eda dos zonas de ba\u00f1o: el Fabar\u00edn y La Barraca, a las que durante el verano acud\u00edan a refrescarse las gentes de la parte baja del concejo.<br \/>\nHablamos de La Panera, la pista de baile y restaurante, regentado por Alicia y Dionisio, quien compaginaba el trabajo de la mina con la hosteler\u00eda.<br \/>\nEn La Panera se cocinaron las primeras fabas con almejas. Fue un d\u00eda en que el alcalde de Aller, por aquel entonces Vicente Madera, lleg\u00f3 al restaurante acompa\u00f1ado por el Gobernador Civil. El primer edil se adentr\u00f3 en la cocina de Alicia y al ver las fabas estofadas que estaba preparando, le propuso mezclarlas con unos caracoles que la cocinera ten\u00eda previsto ofrecer de tapa. El resultado fue un plato exquisito.<br \/>\nA los pocos d\u00edas volvi\u00f3 el alcalde con unos kilos de almejas para sustituirlas por los caracoles y cocinarlas con las fabas. As\u00ed surgieron les \u201cfabes con almejes\u201d.<br \/>\nPero el restaurante ofrec\u00eda adem\u00e1s otra serie de exquisiteces como la menestra de truchas, las que capturaba Gel\u00edn el pescador, o el pollo con peras al whisky. \u00a1 Qu\u00e9 grand\u00edsima cocinera era Alicia!.<br \/>\nOtros establecimientos con historia en Collanzo eran: Casa de Juan Reguera, comercio de ultramarinos, almac\u00e9n de vinos, tienda y bar. Lugar de reuni\u00f3n, tertulia y caf\u00e9s. Lo mismo te vend\u00eda un vino que una corbata. Pose\u00eda una extraordinaria colecci\u00f3n de botellas.<br \/>\nPor supuesto, Vinos Heliodoro, que llev\u00f3 el nombre de Collanzo por toda Asturias. El caf\u00e9 de Mor\u00e1n o Casa Nazarena, en la plaza del doctor Riesgo.<br \/>\nEn esta plaza jugaban los guajes con el aro y la gancheta, el diabolo y la peonza. Al cascayu, les chapes, lirio-lario o pica la mula, cuando no se organizaban paseos en bicicleta hasta Cu\u00e9rigo. Balte en el garaje se encargaba de poner las bicis a punto.<br \/>\nEn la plaza proyectaba cine un tal Julio Cesar Quijano, que se desplazaba desde Mieres. M\u00e1s tarde tambi\u00e9n proyect\u00f3 cine Ren\u00e9 Baiz\u00e1n que acud\u00eda con el cinemat\u00f3grafo a Felechosa, Bello y Casomera.<\/p>\n<p style=\"text-align: justify\">El viejo allerano residente en La Habana participaba emocionado de la conversaci\u00f3n.<\/p>\n<p style=\"text-align: justify\">Por las fiestas del Cristo se celebraban grandes bailes con fant\u00e1sticas orquestas en La Panera, que acab\u00f3 llam\u00e1ndose Plat\u00f3.<br \/>\nOtro lugar de encuentro para el baile era la Casa de la Sidra. Y las fiestas que organizaba Pancho en la Cantina del Vasco. Cuando llov\u00eda, los danzantes se ejercitaban en la sala de espera de la estaci\u00f3n de ferrocarril a la que lleg\u00f3 el tren por vez primera en 1.935. Aqu\u00ed finalizaba su trayecto la l\u00ednea desde Oviedo. Un puente giratorio daba vuelta a los trenes.<br \/>\nHab\u00eda competiciones ciclistas en las que tomaban parte deportistas locales como: Baltasar, Chus Miranda, Gel\u00edn de la Casona, Tal\u00edn el de Llanos o Efr\u00e9n el de Cu\u00e9rigo. Las bicicletas las alquilaban por 20 pesetas, de s\u00e1bado a domingo, en el Garaje Tu\u00f1\u00f3n de Mieres.<\/p>\n<p style=\"text-align: justify\">Pero Collanzo forma tambi\u00e9n parte de la historia de la miner\u00eda. La explotaci\u00f3n La Bascona, m\u00e1s tarde Mina Martina. Se ubicaba en la sierra de Conforcos. Una explosi\u00f3n de gris\u00fa segaba la vida de cinco mineros en 1.945.<\/p>\n<p style=\"text-align: justify\">Al viejo allerano de Cuba se le empa\u00f1aron los ojos.<\/p>\n<p style=\"text-align: justify\">Mi amigo y yo le contamos que tur\u00edsticamente el pueblo aprovecha sus recursos por su situaci\u00f3n privilegiada: a menos de media hora de un puerto de monta\u00f1a, con estaciones de esqu\u00ed. A unos cuarenta minutos de un puerto de mar y playa, con infinidad de rutas y senderos de monta\u00f1a, apartamentos, y casas rurales, restaurantes, un buen coto de pesca o los montes de Cardeo-La Fuente, en los que se puede asistir al magn\u00edfico espect\u00e1culo de la Berrea de los Venados.<\/p>\n<p style=\"text-align: justify\">Collanzo ha sido siempre un pueblo de gente hospitalaria, acogedora y solidaria. Para ejemplo, la antigua leproser\u00eda de Valdevenero, dos kil\u00f3metros abajo, transformada hoy en casa rural.<br \/>\nUn pueblo trabajador y preocupado por lo suyo. Desde la nueva Asociaci\u00f3n de Vecinos de San Blas se ha solicitado el asfaltado de calles y la mejora de aceras. La colocaci\u00f3n de bandas sonoras en la carretera para evitar excesos de velocidad. La instalaci\u00f3n de nuevas bocas de riego contraincendios. Un local para el centro de salud. La fibra \u00f3ptica para la telefon\u00eda e internet. Plantas ornamentales. Concretar la gesti\u00f3n y el uso de las escuelas.<\/p>\n<p style=\"text-align: justify\">Nuestro viejo allerano-cubano escucha con atenci\u00f3n.<\/p>\n<p style=\"text-align: justify\">Le tarareamos el estribillo de una tonada asturiana:<\/p>\n<p style=\"text-align: justify\">\u201cAl pasar la Collaona<br \/>\ndi la vuelta a mi sombrero.<br \/>\nAdi\u00f3s moces de Collanzo.<br \/>\nCuando volver\u00e9 a veros\u201d.<\/p>\n<p style=\"text-align: justify\">Se emociona. Nos habla de su vida. De todas las peripecias sufridas. Menciona con amargura como las vicisitudes de la guerra le separaron de su amada Alba, sin poder conocer a su hija. En ese momento a mi compa\u00f1ero y amigo Pelay\u00edn le saltaron las l\u00e1grimas y se fundi\u00f3 en un abrazo con el viejo. Despu\u00e9s de tantos a\u00f1os de o\u00edr hablar de \u00e9l, acababa de conocer y encontrar a su abuelo.<\/p>\n<p style=\"text-align: justify\">Los distanciamientos son malos en todos los aspectos. Son perjudiciales entre las personas y tambi\u00e9n entre los pueblos. Es por ello que aprovecho el viejo dicho de: \u201cLa uni\u00f3n hace la fuerza\u201d, para abogar por esa unidad que redunde en la mejora y el bienestar de los habitantes de Collanzo y de toda la parroquia.<\/p>\n<p style=\"text-align: justify\">Que el Sant\u00edsimo Cristo les ampare. Felices Fiestas y que las disfruten.<\/p>\n<p style=\"text-align: justify\">Collanzo 19-9-2.014<\/p>\n<p style=\"text-align: justify\">Celso Fern\u00e1ndez.-<\/p>\n","protected":false},"excerpt":{"rendered":"<p>PREGON FIESTAS CRISTO DEL AMPARO \u2013 COLLANZO 2.014 Hola que tal. Saludos. Buenas noches. Verdaderamente es un lujo subirse al escenario en esta plaza que guarda tantos recuerdos de anta\u00f1o. Y tener la suerte de que hayan acudido ustedes a escuchar este preg\u00f3n que va a abrir los festejos del Sant\u00edsimo Cristo del Amparo. No [&hellip;]<\/p>\n","protected":false},"author":3,"featured_media":0,"comment_status":"open","ping_status":"open","sticky":false,"template":"","format":"standard","meta":{"footnotes":"","_links_to":"","_links_to_target":""},"categories":[1],"tags":[],"class_list":["post-596","post","type-post","status-publish","format-standard","hentry","category-sin-categoria"],"_links":{"self":[{"href":"https:\/\/www.collanzo.com\/WP_blog\/index.php?rest_route=\/wp\/v2\/posts\/596","targetHints":{"allow":["GET"]}}],"collection":[{"href":"https:\/\/www.collanzo.com\/WP_blog\/index.php?rest_route=\/wp\/v2\/posts"}],"about":[{"href":"https:\/\/www.collanzo.com\/WP_blog\/index.php?rest_route=\/wp\/v2\/types\/post"}],"author":[{"embeddable":true,"href":"https:\/\/www.collanzo.com\/WP_blog\/index.php?rest_route=\/wp\/v2\/users\/3"}],"replies":[{"embeddable":true,"href":"https:\/\/www.collanzo.com\/WP_blog\/index.php?rest_route=%2Fwp%2Fv2%2Fcomments&post=596"}],"version-history":[{"count":6,"href":"https:\/\/www.collanzo.com\/WP_blog\/index.php?rest_route=\/wp\/v2\/posts\/596\/revisions"}],"predecessor-version":[{"id":645,"href":"https:\/\/www.collanzo.com\/WP_blog\/index.php?rest_route=\/wp\/v2\/posts\/596\/revisions\/645"}],"wp:attachment":[{"href":"https:\/\/www.collanzo.com\/WP_blog\/index.php?rest_route=%2Fwp%2Fv2%2Fmedia&parent=596"}],"wp:term":[{"taxonomy":"category","embeddable":true,"href":"https:\/\/www.collanzo.com\/WP_blog\/index.php?rest_route=%2Fwp%2Fv2%2Fcategories&post=596"},{"taxonomy":"post_tag","embeddable":true,"href":"https:\/\/www.collanzo.com\/WP_blog\/index.php?rest_route=%2Fwp%2Fv2%2Ftags&post=596"}],"curies":[{"name":"wp","href":"https:\/\/api.w.org\/{rel}","templated":true}]}}