{"id":579,"date":"2014-09-08T22:21:54","date_gmt":"2014-09-08T21:21:54","guid":{"rendered":"http:\/\/www.collanzo.com\/WP_blog\/?p=579"},"modified":"2014-09-08T22:22:46","modified_gmt":"2014-09-08T21:22:46","slug":"boletin-informativo-de-la-asociacion-septiembre-2014","status":"publish","type":"post","link":"https:\/\/www.collanzo.com\/WP_blog\/?p=579","title":{"rendered":"BOLET\u00cdN  INFORMATIVO DE LA ASOCIACI\u00d3N-septiembre 2014"},"content":{"rendered":"<p>ASOCIACI\u00d3N DE VECINOS<br \/>\n\u201cSAN BLAS\u201d<\/p>\n<p>COLLANZO<\/p>\n<p>Septiembre 2014<\/p>\n<p>1\u00ba INTRODUCCION<\/p>\n<p>Estimados vecinos : tras un par\u00e9ntesis temporal la asociaci\u00f3n vecinal San Blas ha retomado el funcionamiento , confiando que poco a poco pueda recuperar el dinamismo que durante a\u00f1os ha desarrollado .<\/p>\n<p>Para comenzar debemos dejar claro a todos que la Asociaci\u00f3n Vecinal San Blas se centrar\u00e1 exclusivamente en la localidad de Collanzo y para ello nos explicamos a continuaci\u00f3n :<\/p>\n<p>es evidente que desde hace m\u00e1s de un a\u00f1o determinados vecinos de Cuerigo y Santiba\u00f1ez se han distinguido por crear e incentivar estas segregaciones \/separaciones que han provocado la situaci\u00f3n actual , en la cual nada se podr\u00e1 reprochar a la directiva vecinal saliente .Esas personas animosas por dicha segregaci\u00f3n han logrado esta separaci\u00f3n y son los \u00fanicos responsables de la actual situaci\u00f3n .<!--more--><br \/>\nNo pretendemos juzgar a nadie y el tiempo ser\u00e1 quien determine si estas decisiones por la segregaci\u00f3n fueron positivas o todo lo contrario .Por nuestra parte deseamos que los \u00edmpetus demostrados por esas determinadas personas sean traducidos en aspectos positivos para sus pueblos, lo cual repercutir\u00e1 en favor de todos . Conviene recordar para las mentes fr\u00e1giles u olvidadizas , que las anteriores directivas vecinales de la AA VV San Blas lograron muchas cosas para dichas localidades, aunque algunos pretendan ignorarlas o quitarles importancia. Con todo lo reflejado creemos que hemos explicado detalladamente los motivos de esta decisi\u00f3n.<\/p>\n<p>La actual directiva vecinal est\u00e1 compuesta de modo provisional por la relaci\u00f3n de personas citadas en otro punto del presente bolet\u00edn y decimos provisional , ya que esperamos que algunos vecinos puedan dar el paso de involucrarse en colaborar .Como podr\u00e9is observar somos algunos j\u00f3venes junto a personas de m\u00e1s edad que han estado anteriormente en las directivas , las cuales adem\u00e1s de seguir trabajando nos asesoran de sus experiencias y conocimientos.<br \/>\nNecesitamos m\u00e1s personas , para repartirnos las m\u00faltiples funciones y responsabilidades , de este modo ser\u00e1 m\u00e1s llevadero el trabajo para todos y al tiempo m\u00e1s f\u00e1cil de lograr los distintos objetivos .<\/p>\n<p>Por favor , dar el paso y hacernos llegar vuestras disponibilidades .<\/p>\n<p>Para facilitar las gestiones , se pondr\u00e1 un buz\u00f3n anexo al tabl\u00f3n de anuncios que est\u00e1 situado en el tabl\u00f3n de la entrada la plaza : aqu\u00ed pod\u00e9is depositar las sugerencias , peticiones , quejas , \u2026y por supuesto los ofrecimientos para colaborar .Semanalmente se abrir\u00e1 el buz\u00f3n para recoger todo ello .<\/p>\n<p>Confiamos que entre todos hagamos las mejoras cosas por nuestro pueblo de Collanzo .<\/p>\n<p>Gracias<br \/>\nJUNTA DIRECTIVA DE LA AA . VV . SAN BLAS<br \/>\nSeptiembre 2014<\/p>\n<p>2\u00ba JUNTA DIRECTIVA:<br \/>\n\u2022 Presidente : Antonio Velasco (Hijo )<br \/>\n\u2022 Secretaria : Carmen Fern\u00e1ndez<br \/>\n\u2022 Vocales :<br \/>\n\u2022 Manuel L\u00f3pez<br \/>\n\u2022 J Carlos Garc\u00eda<br \/>\n\u2022 Luis \u00c1lvarez<br \/>\n\u2022 Rene Baiz\u00e1n .<br \/>\n\u2022 Elena Fern\u00e1ndez Fanjul (temas econ\u00f3micos y socios )<br \/>\n\u2022 \u2026\u2026..<br \/>\n\u2022 ESPERAMOS NUEVAS INCORPORACIONES DE VECINOS<\/p>\n<p>3\u00ba CUENTAS ECON\u00d3MICAS:<br \/>\n\u2022 Partimos del saldo que ha dejado la directiva saliente que tras los gastos de la fiesta del pulpo celebrada en \u201cles escueles \u201c<br \/>\n\u2022 En este momento tenemos 1.700 \u20ac<\/p>\n<p>4\u00ba GESTIONES A DESARROLLAR ANTE EL AYUNTAMIENTO Y OTROS ORGANISMOS<\/p>\n<p>Hemos enviado diversos escritos a diversos organismos respecto a cuestiones muy diversas, tales como<br \/>\n\u2022 Local para el centro de salud<br \/>\n\u2022 Gesti\u00f3n y uso del local de Les Escueles<br \/>\n\u2022 Colocaci\u00f3n de bandas sonoras en la carretera para evitar los riesgos de excesiva velocidad de los veh\u00edculos.<br \/>\n\u2022 Petici\u00f3n de fibra \u00f3ptica para telefon\u00eda e internet<br \/>\n\u2022 Colocaci\u00f3n de nuevas bocas de riego (contraincendios )<br \/>\n\u2022 Acondicionamiento del asfaltado de calles y aceras<br \/>\n\u2022 Festejos (el Cristo \u2013San Blas )<br \/>\n\u2022 Colocaci\u00f3n de plantas ornamentales por el pueblo .<br \/>\n\u2022 Concreci\u00f3n de uso del local de Les Escueles .<\/p>\n<p>5\u00ba SOCIOS<br \/>\n\u2022 Como es obvio precisamos que los vecinos formen parte de la asociaci\u00f3n como socios , lo cual nos dar\u00e1 dos apoyos muy importantes al mismo tiempo :<br \/>\n\u2022 1\u00ba :Por un lado el apoyo econ\u00f3mico que ser\u00e1 importante cuanto mas socios logremos<br \/>\n\u2022 2\u00ba :Por otro lado el lograr el mayor n\u00famero de socios nos da una representatividad mayor<br \/>\n\u2022 La cuota ser\u00e1 \u00fanica :20 euros al a\u00f1o<br \/>\n\u2022 Ser\u00e1 abonada en el Banco de Santander y en Cajastur<br \/>\n\u2022 PEDIMOS QUE OS HAGAIS SOCIOS A NIVEL PERSONAL (o sea , buscamos el objetivo de hacer socios no a nivel familiar sino a nivel de personas ) Queremos insistir en este aspecto ;ser socio debe ser interpretado como una decisi\u00f3n personal<br \/>\n\u2022 DENTRO DE UNOS MESES FACILITAREMOS LA RELACION DE SOCIOS (antes de diciembre ).<\/p>\n<p>6\u00ba FIESTAS DEL CRISTO<br \/>\n\u2022 Vamos a acometer la organizaci\u00f3n de estas fiestas de una manera sencilla, sin grandes gastos y sin excesivas ambiciones.<br \/>\n\u2022 Ya hemos realizado una reuni\u00f3n informativa y SE HA recogido un gran apoyo humano de los vecinos que se han comprometido a ayudar durante los d\u00edas de las fiestas<br \/>\n\u2022 Esta colaboraci\u00f3n es fundamental para poder desarrollar las fiestas ya que sin ella no podr\u00edamos.<br \/>\n\u2022<\/p>\n<p>PR\u00d3XIMO BOLET\u00cdN INFORMATIVO :<\/p>\n<p>APROXIMADAMENTE SOBRE DICIEMBRE<\/p>\n","protected":false},"excerpt":{"rendered":"<p>ASOCIACI\u00d3N DE VECINOS \u201cSAN BLAS\u201d COLLANZO Septiembre 2014 1\u00ba INTRODUCCION Estimados vecinos : tras un par\u00e9ntesis temporal la asociaci\u00f3n vecinal San Blas ha retomado el funcionamiento , confiando que poco a poco pueda recuperar el dinamismo que durante a\u00f1os ha desarrollado . Para comenzar debemos dejar claro a todos que la Asociaci\u00f3n Vecinal San Blas [&hellip;]<\/p>\n","protected":false},"author":3,"featured_media":0,"comment_status":"open","ping_status":"open","sticky":false,"template":"","format":"standard","meta":{"footnotes":"","_links_to":"","_links_to_target":""},"categories":[1],"tags":[],"class_list":["post-579","post","type-post","status-publish","format-standard","hentry","category-sin-categoria"],"_links":{"self":[{"href":"https:\/\/www.collanzo.com\/WP_blog\/index.php?rest_route=\/wp\/v2\/posts\/579","targetHints":{"allow":["GET"]}}],"collection":[{"href":"https:\/\/www.collanzo.com\/WP_blog\/index.php?rest_route=\/wp\/v2\/posts"}],"about":[{"href":"https:\/\/www.collanzo.com\/WP_blog\/index.php?rest_route=\/wp\/v2\/types\/post"}],"author":[{"embeddable":true,"href":"https:\/\/www.collanzo.com\/WP_blog\/index.php?rest_route=\/wp\/v2\/users\/3"}],"replies":[{"embeddable":true,"href":"https:\/\/www.collanzo.com\/WP_blog\/index.php?rest_route=%2Fwp%2Fv2%2Fcomments&post=579"}],"version-history":[{"count":3,"href":"https:\/\/www.collanzo.com\/WP_blog\/index.php?rest_route=\/wp\/v2\/posts\/579\/revisions"}],"predecessor-version":[{"id":584,"href":"https:\/\/www.collanzo.com\/WP_blog\/index.php?rest_route=\/wp\/v2\/posts\/579\/revisions\/584"}],"wp:attachment":[{"href":"https:\/\/www.collanzo.com\/WP_blog\/index.php?rest_route=%2Fwp%2Fv2%2Fmedia&parent=579"}],"wp:term":[{"taxonomy":"category","embeddable":true,"href":"https:\/\/www.collanzo.com\/WP_blog\/index.php?rest_route=%2Fwp%2Fv2%2Fcategories&post=579"},{"taxonomy":"post_tag","embeddable":true,"href":"https:\/\/www.collanzo.com\/WP_blog\/index.php?rest_route=%2Fwp%2Fv2%2Ftags&post=579"}],"curies":[{"name":"wp","href":"https:\/\/api.w.org\/{rel}","templated":true}]}}