{"id":538,"date":"2014-09-02T20:35:34","date_gmt":"2014-09-02T19:35:34","guid":{"rendered":"http:\/\/www.collanzo.com\/WP_blog\/?p=538"},"modified":"2014-09-02T20:35:34","modified_gmt":"2014-09-02T19:35:34","slug":"reunion-para-las-fiestas-del-2014","status":"publish","type":"post","link":"https:\/\/www.collanzo.com\/WP_blog\/?p=538","title":{"rendered":"REUNION PARA LAS FIESTAS DEL 2014"},"content":{"rendered":"<p><strong>Estimados\u00a0 vecinos :<\/strong><\/p>\n<p><strong>La reci\u00e9n creada junta directiva\u00a0\u00a0 en el poco tiempo que lleva\u00a0\u00a0\u00a0 trabajando ha programado un\u00a0 ambicioso plan de trabajo que en los pr\u00f3ximos d\u00edas os informar\u00e1 a trav\u00e9s de un bolet\u00edn informativo\u00a0 .<\/strong><\/p>\n<p><strong>Entre otros temas\u00a0\u00a0 de este trabajo , est\u00e1 el organizar las \u00a0fiestas del pueblo los pr\u00f3ximos d\u00edas\u00a0 19-20 y 21 de septiembre y para ello\u00a0\u00a0 hemos convocado una reuni\u00f3n al objeto de recabar \u00a0\u00a0los apoyos\u00a0\u00a0 que podr\u00edamos tener .<!--more--><\/strong><\/p>\n<p><strong>\u00a0<\/strong><\/p>\n<p><strong>Desgraciadamente\u00a0\u00a0 solo asistieron tres personas y ello unido al accidente que hab\u00eda tenido el presidente de la asociaci\u00f3n\u00a0 , dio lugar a\u00a0 reflexionar\u00a0 sobre la\u00a0 conveniencia de\u00a0 realizar las fiestas\u00a0 o desistir \u00a0<\/strong><\/p>\n<p><strong>\u00a0<\/strong><\/p>\n<p><strong>Queremos dejar\u00a0 de modo tajante\u00a0 que nuestra\u00a0 voluntad de trabajar por la asociaci\u00f3n vecinal y el pueblo\u00a0 no implica\u00a0\u00a0 tener que\u00a0 trabajar\u00a0 exclusivamente\u00a0 nosotros\u00a0 solos\u00a0 y que no estamos\u00a0 dispuestos\u00a0 a\u00a0 ese\u00a0 compromiso . Creemos\u00a0\u00a0 que\u00a0 se deben hacer esfuerzos en pro o beneficio\u00a0 de la poblaci\u00f3n, pero\u00a0\u00a0 no ser exclusivo de dos o tres personas.<\/strong><\/p>\n<p><strong><span style=\"text-decoration: underline\">Si vi\u00e9semos que\u00a0 no se alcanza\u00a0 un grupo m\u00ednimo\u00a0 de persona comprometidas para este\u00a0 tema, no realizaremos las fiestas.<\/span><\/strong><\/p>\n<p><strong>Esta decisi\u00f3n no condicionara\u00a0 nuestro compromiso\u00a0 de trabajar por la asociaci\u00f3n vecinal San Blas , si bien\u00a0 es l\u00f3gico que nos restara \u00e1nimos para\u00a0 trabajar\u00a0 por tantas cosas\u00a0 que creemos necesarias .<\/strong><\/p>\n<p><strong><span style=\"text-decoration: underline\">Por todo\u00a0\u00a0 vamos a convocar otra reuni\u00f3n (\u00faltima\u00a0 convocatoria ) para\u00a0 recoger\u00a0 las colaboraciones de todos\u00a0 los que est\u00e1n dispuestos a trabajar (turnos, funciones , etc. ) en esos d\u00edas\u00a0 de\u00a0 las fiestas .<\/span><\/strong><\/p>\n<p><strong><span style=\"text-decoration: underline\">Quienes no puedan asistir\u00a0 y desean ofrecer su colaboraci\u00f3n lo pueden dejar notificado\u00a0\u00a0\u00a0 en la librer\u00eda<\/span><\/strong><strong>.<\/strong><\/p>\n<p align=\"center\"><strong>REUNION\u00a0 VIERNES\u00a0\u00a0 DIA 5 DE SEPTIEMBRE\u00a0 A\u00a0 LAS\u00a0 8,30 DE LA TARDE\u00a0\u00a0 EN EL LOCAL PARROQUIAL .<\/strong><\/p>\n<p align=\"center\"><strong>\u00a0<\/strong><\/p>\n<p><strong>En\u00a0 caso de no haber suficiente apoyo\u00a0 humano, queda\u00a0 advertido\u00a0 al aviso de\u00a0 no\u00a0 implicarnos en esta\u00a0 organizaci\u00f3n.<\/strong><\/p>\n<p><strong>Saludos <\/strong><\/p>\n<p align=\"center\"><strong>AA\u00a0 VV\u00a0\u00a0 SAN BLAS<\/strong><\/p>\n<p align=\"center\"><strong>COLLANZO\u00a0\u00a0\u00a0 2 DE SEPTIEMBRE DE 2014<\/strong><\/p>\n<p><strong>\u00a0<\/strong><\/p>\n<p><strong>\u00a0<\/strong><\/p>\n<p><strong>\u00a0<\/strong><\/p>\n<p><strong>\u00a0<\/strong><\/p>\n<p><strong>\u00a0<\/strong><\/p>\n<p><strong>\u00a0<\/strong><\/p>\n<p><strong>\u00a0<\/strong><\/p>\n<p><strong>\u00a0<\/strong><\/p>\n<p><strong>\u00a0<\/strong><\/p>\n<p><strong>\u00a0<\/strong><\/p>\n<p><strong>\u00a0<\/strong><\/p>\n<p><strong>\u00a0<\/strong><\/p>\n<p><strong>\u00a0<\/strong><\/p>\n<p><strong>\u00a0<\/strong><\/p>\n<p><strong>\u00a0<\/strong><\/p>\n","protected":false},"excerpt":{"rendered":"<p>Estimados\u00a0 vecinos : La reci\u00e9n creada junta directiva\u00a0\u00a0 en el poco tiempo que lleva\u00a0\u00a0\u00a0 trabajando ha programado un\u00a0 ambicioso plan de trabajo que en los pr\u00f3ximos d\u00edas os informar\u00e1 a trav\u00e9s de un bolet\u00edn informativo\u00a0 . Entre otros temas\u00a0\u00a0 de este trabajo , est\u00e1 el organizar las \u00a0fiestas del pueblo los pr\u00f3ximos d\u00edas\u00a0 19-20 y [&hellip;]<\/p>\n","protected":false},"author":3,"featured_media":0,"comment_status":"open","ping_status":"open","sticky":false,"template":"","format":"standard","meta":{"footnotes":"","_links_to":"","_links_to_target":""},"categories":[1],"tags":[],"class_list":["post-538","post","type-post","status-publish","format-standard","hentry","category-sin-categoria"],"_links":{"self":[{"href":"https:\/\/www.collanzo.com\/WP_blog\/index.php?rest_route=\/wp\/v2\/posts\/538","targetHints":{"allow":["GET"]}}],"collection":[{"href":"https:\/\/www.collanzo.com\/WP_blog\/index.php?rest_route=\/wp\/v2\/posts"}],"about":[{"href":"https:\/\/www.collanzo.com\/WP_blog\/index.php?rest_route=\/wp\/v2\/types\/post"}],"author":[{"embeddable":true,"href":"https:\/\/www.collanzo.com\/WP_blog\/index.php?rest_route=\/wp\/v2\/users\/3"}],"replies":[{"embeddable":true,"href":"https:\/\/www.collanzo.com\/WP_blog\/index.php?rest_route=%2Fwp%2Fv2%2Fcomments&post=538"}],"version-history":[{"count":1,"href":"https:\/\/www.collanzo.com\/WP_blog\/index.php?rest_route=\/wp\/v2\/posts\/538\/revisions"}],"predecessor-version":[{"id":539,"href":"https:\/\/www.collanzo.com\/WP_blog\/index.php?rest_route=\/wp\/v2\/posts\/538\/revisions\/539"}],"wp:attachment":[{"href":"https:\/\/www.collanzo.com\/WP_blog\/index.php?rest_route=%2Fwp%2Fv2%2Fmedia&parent=538"}],"wp:term":[{"taxonomy":"category","embeddable":true,"href":"https:\/\/www.collanzo.com\/WP_blog\/index.php?rest_route=%2Fwp%2Fv2%2Fcategories&post=538"},{"taxonomy":"post_tag","embeddable":true,"href":"https:\/\/www.collanzo.com\/WP_blog\/index.php?rest_route=%2Fwp%2Fv2%2Ftags&post=538"}],"curies":[{"name":"wp","href":"https:\/\/api.w.org\/{rel}","templated":true}]}}