{"id":509,"date":"2014-02-05T19:47:21","date_gmt":"2014-02-05T18:47:21","guid":{"rendered":"http:\/\/www.collanzo.com\/WP_blog\/?p=509"},"modified":"2014-02-05T19:49:15","modified_gmt":"2014-02-05T18:49:15","slug":"palabras-en-recuerdo-a-manuel-castanon-escultor-allerano","status":"publish","type":"post","link":"https:\/\/www.collanzo.com\/WP_blog\/?p=509","title":{"rendered":"PALABRAS   EN RECUERDO A MANUEL CASTA\u00d1ON  -ESCULTOR   ALLERANO"},"content":{"rendered":"<p>COMENTARIO DE UN GRAN AMIGO : Nemesio S\u00e1nchez Sevillano<br \/>\n4 enero, 2014 en 0:01<\/p>\n<p>Salve, maestro Manolo !<\/p>\n<p>Reconoces mi voz y el tono, m\u00e1s que familiar, con el que me dirijo a ti ? Si no me reconocieras, no te lo perdonar\u00eda, como nunca le perdon\u00e9 a mi madre el hecho de que el d\u00eda de mi primera comuni\u00f3n no me sirviera como desayuno un huevo \u201cestrellado\u201d despu\u00e9s de misa (a las doce de la ma\u00f1ana y en ayunas) como lo hab\u00eda hecho con mis hermanos mayores\u2026<\/p>\n<p>\u201cBueno pues\u201d\u2026 te deseo un feliz A\u00f1o Nuevo (para ti, ser\u00e1 eternidad) all\u00ed donde te encuentres. D\u00f3nde ? Misterio ! Ya nos lo dir\u00e1s un d\u00eda\u2026 Hay veces que pienso (porque de vez en cuando yo tambi\u00e9n pienso\u2026 y en ti, desgraciado de m\u00ed\u2026) que tienes que estar en el limbo, por el ni\u00f1o que siempre llevaste dentro.<!--more--> Otras veces pienso que tienes que estar en el cielo, por aquello que dicen que los \u201ct\u00edos buenos\u201d, Dios los acoge siempre en su seno. Y otras veces pienso que debes estar en el infierno, por aquel \u201cc\u00f4t\u00e9\u201d de \u201ccabronazo desbocado\u201d que a veces afloraba en tu piel cuando, sobre todo, el poder y la \u201cjusticia\u201d hac\u00edan contigo lo \u00fanico que saben hacer con casi todo el mundo : injusticias.<br \/>\n\u201cBueno pues\u201d\u2026 all\u00ed donde est\u00e9s, feliz A\u00f1o Nuevo !<br \/>\nNo, no te olvidamos, Manol\u00edn\u2026 y seguir\u00e1s para siempre presente en nuestro recuerdo. Y esto que te digo, no es una frase ret\u00f3rica, como seguramente escuchar\u00edas o leer\u00edas tantas veces en los papeles del momento despu\u00e9s de muerto. Cuando uno muere, \u201cnunca se olvidar\u00e1\u201d y siempre \u201cfue bueno\u201d\u2026 Y t\u00fa, sin duda, en tu interior de ni\u00f1o, tambi\u00e9n te lo creiste\u2026 Pero el amigo que siempre te dijo lo que pensaba, hoy te dice que t\u00fa tambi\u00e9n tuviste tus luces y sombras; aunque tengo que reconocer que tuviste m\u00e1s luces que sombras.<br \/>\nNo obstante, yo siempre recuerdo tu lado humano, tu coraz\u00f3n grande, tu avaricia<br \/>\n&#8211; gula ? \u2013 de morder a dentelladas la vida que el destino nos serv\u00eda en bandeja de plata, la de la amistad, en cada momento (momentos eternos) que vivimos juntos, y que fueron muchos. Y olvido los cabreos que te cog\u00edas cuando Iris y yo te dec\u00edamos ciertas verdades (las nuestras\u2026) que no admit\u00edas. Y recuerdo con nostalgia las noches pasadas en vela en nuestra juventud (t\u00fa siempre fuiste p\u00e1jaro de noche) : noches de vino amargo y rosas en la colina de Montmartre o en los bares de Pigalle; noches blancas, siempre con la botella de vino o g\u00fcisque (dependiendo de la econom\u00eda del momento), queriendo rehacer el mundo de los a\u00f1os 70; noches de trabajo en tu taller los d\u00edas antes de tus exposiciones (sin dejar de lado el vaso y la botella\u2026); d\u00edas de sue\u00f1os y de proyectos, muchos realizados y otros que dejamos para m\u00e1s tarde creyendo que ser\u00edamos eternos; d\u00edas de fiestas con los amigos, fiestas que tanto ador\u00e1bamos, y que dejaban el sabor de la amistad y el placer de vivir intensamente, incluso en la indigencia de viejos estudiantes en nuestra vida bohemia.<br \/>\nDe nuestra madurez recuerdo la vida familiar (la de las dos familias) basada en la amistad (fraternidad ?), en la que cuando nos reun\u00edamos, todos los d\u00edas \u2013 y noches \u2013 eran fiesta, ya fuera en vacaciones de verano, de Navidad, de Pascua o en fines de semana. Recuerdo con placer las picias que me hac\u00eda tu hijo Oscar con sus bombas-globos llenos de agua, por lo que se qued\u00f3 con el apodo familiar de \u201cEl terrorista\u201d; las bromas que te gast\u00e1bamos tu hijo Pablo y yo cuando te trat\u00e1bamos de \u201chormiguita\u201d, por los \u201ctesoros\u201d que encontrabas al lado de los cubos de la basura de todo Par\u00eds y que entrojabas en tu hormiguero-taller para luego darle una nueva vida con tus manos de artista. Recuerdo con cari\u00f1o las mentiras \u201cpiadosas\u201d que le met\u00eda a tus hijos a\u00fan ni\u00f1os y que ellos viv\u00edan como realidades cuando se trataba del Pap\u00e1 Noel, en Navidad, o en los \u201csafaris\u201d que con ellos hac\u00eda en busca de elefantes blancos, ya fuera en los parques de Par\u00eds, ya en los de aqu\u00ed, en Bruselas\u2026<br \/>\nRecuerdos y recuerdos bellos que seguimos viviendo en tu ausencia-presente.<br \/>\nPero hay otra cosa, la m\u00e1s importante de tu vida (aparte de tu familia) que no tenemos que recordar porque est\u00e1 ah\u00ed, yo dir\u00eda, en carne y hueso : tu obra art\u00edstica; tu obra, de carne y hueso, que despide vida et irradia espiritualidad y humanidad, tanta como la que t\u00fa ten\u00edas. T\u00fa eras eso : ante todo hombre-artista, el mismo que un d\u00eda defin\u00ed descriptivamente :<\/p>\n<p>\u201cNo es santo, ni pol\u00edtico, ni profeta\u2026<br \/>\nes hombre entre los hombres,<br \/>\nes testimonio de alegr\u00edas y tristezas,<br \/>\nes \u201cel revolucionario\u201d,<br \/>\nagitador de esp\u00edritus,<br \/>\nterrorista de conciencias.<br \/>\nSin prostituirse en el lumpen mafioso y carcelario<br \/>\nde parlamentos o de iglesias,<br \/>\n\u00e9l busca en solitario el camino de la belleza,<br \/>\nel rostro escondido en el coraz\u00f3n de las cosas<br \/>\ny pone de manifiesto que lo bello<br \/>\nen el hombre brilla muchas veces<br \/>\npor su frecuente ausencia\u201d.<\/p>\n<p>Eso eras, y todo lo dem\u00e1s, las m\u00faltiple materias, formas y t\u00e9cnicas que utilizaste, estaban sujetas al raciocinio (instinto en ti) de lo humano, artista-poeta que eras y que, seguramente, seguir\u00e1s siendo all\u00ed donde est\u00e9s, esper\u00e1ndome (esper\u00e1ndonos) para emborracharnos juntos de nuevo; pero esta vez, con el polvo de las estrellas.<\/p>\n<p>NEMESIO S\u00c1NCHEZ<\/p>\n","protected":false},"excerpt":{"rendered":"<p>COMENTARIO DE UN GRAN AMIGO : Nemesio S\u00e1nchez Sevillano 4 enero, 2014 en 0:01 Salve, maestro Manolo ! Reconoces mi voz y el tono, m\u00e1s que familiar, con el que me dirijo a ti ? Si no me reconocieras, no te lo perdonar\u00eda, como nunca le perdon\u00e9 a mi madre el hecho de que el [&hellip;]<\/p>\n","protected":false},"author":3,"featured_media":0,"comment_status":"open","ping_status":"open","sticky":false,"template":"","format":"standard","meta":{"footnotes":"","_links_to":"","_links_to_target":""},"categories":[1],"tags":[],"class_list":["post-509","post","type-post","status-publish","format-standard","hentry","category-sin-categoria"],"_links":{"self":[{"href":"https:\/\/www.collanzo.com\/WP_blog\/index.php?rest_route=\/wp\/v2\/posts\/509","targetHints":{"allow":["GET"]}}],"collection":[{"href":"https:\/\/www.collanzo.com\/WP_blog\/index.php?rest_route=\/wp\/v2\/posts"}],"about":[{"href":"https:\/\/www.collanzo.com\/WP_blog\/index.php?rest_route=\/wp\/v2\/types\/post"}],"author":[{"embeddable":true,"href":"https:\/\/www.collanzo.com\/WP_blog\/index.php?rest_route=\/wp\/v2\/users\/3"}],"replies":[{"embeddable":true,"href":"https:\/\/www.collanzo.com\/WP_blog\/index.php?rest_route=%2Fwp%2Fv2%2Fcomments&post=509"}],"version-history":[{"count":3,"href":"https:\/\/www.collanzo.com\/WP_blog\/index.php?rest_route=\/wp\/v2\/posts\/509\/revisions"}],"predecessor-version":[{"id":514,"href":"https:\/\/www.collanzo.com\/WP_blog\/index.php?rest_route=\/wp\/v2\/posts\/509\/revisions\/514"}],"wp:attachment":[{"href":"https:\/\/www.collanzo.com\/WP_blog\/index.php?rest_route=%2Fwp%2Fv2%2Fmedia&parent=509"}],"wp:term":[{"taxonomy":"category","embeddable":true,"href":"https:\/\/www.collanzo.com\/WP_blog\/index.php?rest_route=%2Fwp%2Fv2%2Fcategories&post=509"},{"taxonomy":"post_tag","embeddable":true,"href":"https:\/\/www.collanzo.com\/WP_blog\/index.php?rest_route=%2Fwp%2Fv2%2Ftags&post=509"}],"curies":[{"name":"wp","href":"https:\/\/api.w.org\/{rel}","templated":true}]}}