{"id":457,"date":"2013-04-21T08:10:13","date_gmt":"2013-04-21T07:10:13","guid":{"rendered":"http:\/\/www.collanzo.com\/WP_blog\/?p=457"},"modified":"2014-02-05T19:44:35","modified_gmt":"2014-02-05T18:44:35","slug":"palabras-en-recuerdo-de-castanon-de-yananzanes","status":"publish","type":"post","link":"https:\/\/www.collanzo.com\/WP_blog\/?p=457","title":{"rendered":"PALABRAS  EN RECUERDO DE CASTA\u00d1ON DE YANANZANES"},"content":{"rendered":"<p>Hace unos dias comentamos \u00a0el fallecimiento de Manolo \u00a0Casta\u00f1on \u00a0, muy unido a muchos de nosotros \u00a0y deseo poder adjuntar unas palabras \u00a0 que un un amigo \u00a0de Manolo dijo en su \u00a0entierro y que trasmiten perfectamnete \u00a0nuestras percepciones<\/p>\n<p>Titi<\/p>\n<p>Querido amigo Manolo:<\/p>\n<p>Me dirijo a ti en una alocuci\u00f3n directa porque estoy seguro de que, aunque est\u00e9s ya al otro lado del tiempo, me escuchas sonriente y complacido. Te adivino sosegado, contemplando ya la belleza suprema de las cosas, la que ara\u00f1aste con tu talento, con tus manos y con los instrumentos de tu trabajo.<!--more--><\/p>\n<p>Cuando te hablo en primera persona utilizo un yo el\u00e1stico que engloba al sacerdote que preside esta celebraci\u00f3n, a tu esposa Iris, a tus hijos Pablo y \u00d3scar, a tu nuera Sandrine, a la novia de \u00d3scar, a tus parientes y a los amigos que aqu\u00ed nos hemos reunido en torno tuyo y a otros muchos que te quieren, pero que no han podido venir.<\/p>\n<p>De ni\u00f1os, ambos pasamos largos a\u00f1os estudiando con los dominicos mientras crec\u00edamos en edad y sabidur\u00eda. Ellos, los dominicos, nos avituallaron convenientemente para afrontar con sentido com\u00fan y coraje la vida. No es f\u00e1cil vivir como es debido y encarar los problemas diarios con criterios morales. Teniendo conciencia del vivir, resulta dram\u00e1tico saber que tenemos que morir. Cuando nacemos, llevamos ya impresa en los genes la fecha de nuestra propia caducidad, fecha enigm\u00e1tica, ya desvelada para ti y que ha marcado el 18 de marzo de 2013 como un punto de inflexi\u00f3n en tu recorrido, el momento en que el tiempo cede el paso a la eternidad, en que la b\u00fasqueda cesa por el hallazgo anhelado y la precariedad sufrida se transforma en \u00a0plenitud gozosa. Fecha de caducidad, dura y benefactora. Dura porque cierra definitivamente un per\u00edodo y abre las puertas a lo desconocido; benefactora porque proclama una condici\u00f3n que nos iguala a todos y, de tenerla en cuenta, nos ayuda a valorar mucho m\u00e1s el tiempo y\u00a0 humaniza nuestros comportamientos<\/p>\n<p>Teniendo conciencia de todo ello, lo m\u00e1s natural del mundo es que el instinto nos aferre a la supervivencia y que nosotros busquemos con ah\u00ednco la perduraci\u00f3n en el tiempo. \u00a0No todos los seres humanos tenemos la fortuna de dejar una huella perceptible tras nuestro paso por la vida. T\u00fa, amigo Manolo, has logrado dejar dos hermosas huellas claramente perceptibles, dos ricas herencias que perpetuar\u00e1n tus presencia en los a\u00f1os venideros:\u00a0 la primera y principal, tu familia y una larga lista de amigos con quienes has compartido \u00a0sonrisas y vivencias; la segunda, de gran valor e incluso genial, una magn\u00edfica obra art\u00edstica, prueba clara de tu gran laboriosidad en pos de la belleza humana que, \u00a0gritando, proclaman\u00a0 materiales como el barro, el bronce, el acero inoxidable y la madera. Nos has dejado dicho que tu obra es un di\u00e1logo que entablas al mismo tiempo con el espectador y con los materiales de que te sirves como herramienta para transmitir tus pensamientos y tus sentimientos. De ah\u00ed que toda\u00a0 tu obra gire en torno al hombre: sus logros, su sufrimiento, sus problemas, sus ansiedades, sus ilusiones y sus misterios. Te has servido de la escultura como un lenguaje refinado y culto para revindicar la humanizaci\u00f3n como camino para contemplar la belleza que nos rodea y como herramienta para construir el para\u00edso a que aspiramos con todo derecho.<\/p>\n<p>Todav\u00eda hace solo unas horas, el s\u00e1bado pasado, charl\u00e1bamos animadamente t\u00fa, tu hijo Pablo, su mujer Sandrine y un servidor, en la habitaci\u00f3n del hospital donde luchabas contra tu enfermedad, recordando peripecias y an\u00e9cdotas del pasado. Re\u00edais entonces con ganas y animabas la conversaci\u00f3n. Centrada esta en los valores fundamentales de la vida, subray\u00e1bamos que era preciso aprovechar el tiempo, disfrutarlo explotando el sentido del humor y riendo, sabedores de que es un maravilloso regalo que se nos hace y que nos vuela de las manos sin que nos demos cuenta. Insististe entonces en que no hay que olvidar, sin embargo, \u00a0que la vida es tambi\u00e9n \u201cun valle de l\u00e1grimas\u201d, dulce y preciosa met\u00e1fora porque las l\u00e1grimas, si bien duelen, tambi\u00e9n consuelan, sobre todo cuando las compartimos y lloramos juntos. Pero conclu\u00edamos que debemos dejar esa perspectiva de la vida en la sombra, achicarla e, incluso, de ser posible, anularla, convirtiendo las l\u00e1grimas en sonrisas.<\/p>\n<p>Te has ido en momentos dif\u00edciles, cuando sufrimos una crisis peliaguda que tanta desaz\u00f3n y desesperaci\u00f3n causa. Tu furtiva partida aminora nuestra fuerza para afrontarla, pues nos\u00a0 priva de tu \u00e1nimo y de tu fuerza creativa. Te has ido con un esp\u00edritu lleno de proyectos e ilusiones, con la impaciencia de ver que la enfermedad \u00a0estaba someti\u00e9ndote a unas vacaciones forzosas. No hab\u00eda crisis alguna en tu alma, en tu esp\u00edritu emprendedor, en tu fuerza creadora. Tu ejemplo nos exige abrir bien los ojos para apercibirnos de que esta crisis, que tanto nos acongoja y acobarda, est\u00e1 generando riquezas intangibles de gran trascendencia social, pues nos est\u00e1 humanizando a pasos agigantados. No queremos que la gente pase hambre ni que se vea precisada a vivir en la calle y cantamos las cuarenta a cuantos ladrones de guante blanco est\u00e1n despojando a los m\u00e1s pobres. La corrupci\u00f3n ha comenzado a estar mal vista socialmente y a ser valorada como apestosa. \u00a0La crisis nos ense\u00f1a a ser humanos, a secundar tu gran esfuerzo profesional por la humanizaci\u00f3n del hombre.<\/p>\n<p>Amigo Manolo, nos hemos reunido hoy en torno a ti para elevar juntos una plegaria hacia el cielo, arrop\u00e1ndote con nuestro afecto. En ella imploramos que tu nueva andadura sea plenamente gozosa. Pero, no olvides, querido amigo, que se trata de una plegaria de ida y vuelta, pues en ella tambi\u00e9n requerimos tu sonrisa,\u00a0 tu optimismo y tu magisterio para aprender a descubrir la belleza de las cosas. Mientras sigamos dando guerra en esta vida todav\u00eda durante un tiempo, \u00a0con todos nuestros problemas a cuestas, te pedimos que nos eches una mano en la tarea de humanizarnos. Ay\u00fadanos a ver en cada una de tus innumerables obras tu sonrisa y a percibir la fuerza de tu incansable laboriosidad en favor del hombre.<\/p>\n<p>Gracias, amigo Manolo, en nombre de todos los aqu\u00ed reunidos. Con ellos, dolorido pero gozoso, te digo hasta luego, hasta ma\u00f1ana, hasta siempre. El maravilloso Dios Padre, que todos invocamos como ni\u00f1os y guardamos en lo m\u00e1s rec\u00f3ndito de nuestra conciencia, ya te ha regalado la plenitud de la belleza que con tanto af\u00e1n has buscado en la materia. Tu \u00a0mujer y tus hijos, al hacerte acompa\u00f1ar en tu postrer viaje de las herramientas casi vivas de tu \u00faltimo trabajo, te recuerdan con tan hermoso gesto que debes seguir regal\u00e1ndonos tus pensamientos y tus sentimientos en tus bellas obras. Que Dios te acoja en su dulce seno, te impregne de belleza y te mime para siempre.<\/p>\n<p>Ram\u00f3n Hern\u00e1ndez, Oviedo, 20.03.2013<\/p>\n<p>&nbsp;<\/p>\n<p>COMENTARIO DE UN GRAN AMIGO\u00a0 : <em><a href=\"http:\/\/nemesiosanchezpoetafotografo\/\" target=\"_blank\">Nemesio S\u00e1nchez Sevillano<\/a><\/em><\/p>\n<p><a href=\"http:\/\/www.collanzo.com\/WP_blog\/?p=448#comment-11673\" target=\"_blank\">4 enero, 2014 en 0:01<\/a><\/p>\n<p>&nbsp;<\/p>\n<p align=\"center\"><strong>Salve, maestro Manolo !<\/strong><\/p>\n<p>Reconoces mi voz y el tono, m\u00e1s que familiar, con el que me dirijo a ti ? Si no me reconocieras, no te lo perdonar\u00eda, como nunca le perdon\u00e9 a mi madre el hecho de que el d\u00eda de mi primera comuni\u00f3n no me sirviera como desayuno un huevo \u201cestrellado\u201d despu\u00e9s de misa (a las doce de la ma\u00f1ana y en ayunas) como lo hab\u00eda hecho con mis hermanos mayores\u2026<\/p>\n<p align=\"center\">\u201cBueno pues\u201d\u2026 te deseo un feliz A\u00f1o Nuevo (para ti, ser\u00e1 eternidad) all\u00ed donde te encuentres. D\u00f3nde ? Misterio ! Ya nos lo dir\u00e1s un d\u00eda\u2026 Hay veces que pienso (porque de vez en cuando yo tambi\u00e9n pienso\u2026 y en ti, desgraciado de m\u00ed\u2026) que tienes que estar en el limbo, por el ni\u00f1o que siempre llevaste dentro. Otras veces pienso que tienes que estar en el cielo, por aquello que dicen que los \u201ct\u00edos buenos\u201d, Dios los acoge siempre en su seno. Y otras veces pienso que debes estar en el infierno, por aquel \u201cc\u00f4t\u00e9\u201d de \u201ccabronazo desbocado\u201d que a veces afloraba en tu piel cuando, sobre todo, el poder y la \u201cjusticia\u201d hac\u00edan contigo lo \u00fanico que saben hacer con casi todo el mundo : injusticias.<br \/>\n\u201cBueno pues\u201d\u2026 all\u00ed donde est\u00e9s, feliz A\u00f1o Nuevo !<br \/>\nNo, no te olvidamos, Manol\u00edn\u2026 y seguir\u00e1s para siempre presente en nuestro recuerdo. Y esto que te digo, no es una frase ret\u00f3rica, como seguramente escuchar\u00edas o leer\u00edas tantas veces en los papeles del momento despu\u00e9s de muerto. Cuando uno muere, \u201cnunca se olvidar\u00e1\u201d y siempre \u201cfue bueno\u201d\u2026 Y t\u00fa, sin duda, en tu interior de ni\u00f1o, tambi\u00e9n te lo creiste\u2026 Pero el amigo que siempre te dijo lo que pensaba, hoy te dice que t\u00fa tambi\u00e9n tuviste tus luces y sombras; aunque tengo que reconocer que tuviste m\u00e1s luces que sombras.<br \/>\nNo obstante, yo siempre recuerdo tu lado humano, tu coraz\u00f3n grande, tu avaricia<br \/>\n&#8211; gula ? \u2013 de morder a dentelladas la vida que el destino nos serv\u00eda en bandeja de plata, la de la amistad, en cada momento (momentos eternos) que vivimos juntos, y que fueron muchos. Y olvido los cabreos que te cog\u00edas cuando Iris y yo te dec\u00edamos ciertas verdades (las nuestras\u2026) que no admit\u00edas. Y recuerdo con nostalgia las noches pasadas en vela en nuestra juventud (t\u00fa siempre fuiste p\u00e1jaro de noche) : noches de vino amargo y rosas en la colina de Montmartre o en los bares de Pigalle; noches blancas, siempre con la botella de vino o g\u00fcisque (dependiendo de la econom\u00eda del momento), queriendo rehacer el mundo de los a\u00f1os 70; noches de trabajo en tu taller los d\u00edas antes de tus exposiciones (sin dejar de lado el vaso y la botella\u2026); d\u00edas de sue\u00f1os y de proyectos, muchos realizados y otros que dejamos para m\u00e1s tarde creyendo que ser\u00edamos eternos; d\u00edas de fiestas con los amigos, fiestas que tanto ador\u00e1bamos, y que dejaban el sabor de la amistad y el placer de vivir intensamente, incluso en la indigencia de viejos estudiantes en nuestra vida bohemia.<br \/>\nDe nuestra madurez recuerdo la vida familiar (la de las dos familias) basada en la amistad (fraternidad ?), en la que cuando nos reun\u00edamos, todos los d\u00edas \u2013 y noches \u2013 eran fiesta, ya fuera en vacaciones de verano, de Navidad, de Pascua o en fines de semana. Recuerdo con placer las picias que me hac\u00eda tu hijo Oscar con sus bombas-globos llenos de agua, por lo que se qued\u00f3 con el apodo familiar de \u201cEl terrorista\u201d; las bromas que te gast\u00e1bamos tu hijo Pablo y yo cuando te trat\u00e1bamos de \u201chormiguita\u201d, por los \u201ctesoros\u201d que encontrabas al lado de los cubos de la basura de todo Par\u00eds y que entrojabas en tu hormiguero-taller para luego darle una nueva vida con tus manos de artista. Recuerdo con cari\u00f1o las mentiras \u201cpiadosas\u201d que le met\u00eda a tus hijos a\u00fan ni\u00f1os y que ellos viv\u00edan como realidades cuando se trataba del Pap\u00e1 Noel, en Navidad, o en los \u201csafaris\u201d que con ellos hac\u00eda en busca de elefantes blancos, ya fuera en los parques de Par\u00eds, ya en los de aqu\u00ed, en Bruselas\u2026<br \/>\nRecuerdos y recuerdos bellos que seguimos viviendo en tu ausencia-presente.<br \/>\nPero hay otra cosa, la m\u00e1s importante de tu vida (aparte de tu familia) que no tenemos que recordar porque est\u00e1 ah\u00ed, yo dir\u00eda, en carne y hueso : tu obra art\u00edstica; tu obra, de carne y hueso, que despide vida et irradia espiritualidad y humanidad, tanta como la que t\u00fa ten\u00edas. T\u00fa eras eso : ante todo hombre-artista, el mismo que un d\u00eda defin\u00ed descriptivamente :<\/p>\n<p align=\"center\">\n\u201cNo es santo, ni pol\u00edtico, ni profeta\u2026<br \/>\nes hombre entre los hombres,<br \/>\nes testimonio de alegr\u00edas y tristezas,<br \/>\nes \u201cel revolucionario\u201d,<br \/>\nagitador de esp\u00edritus,<br \/>\nterrorista de conciencias.<br \/>\nSin prostituirse en el lumpen mafioso y carcelario<br \/>\nde parlamentos o de iglesias,<br \/>\n\u00e9l busca en solitario el camino de la belleza,<br \/>\nel rostro escondido en el coraz\u00f3n de las cosas<br \/>\ny pone de manifiesto que lo bello<br \/>\nen el hombre brilla muchas veces<br \/>\npor su frecuente ausencia\u201d.<\/p>\n<p>Eso eras, y todo lo dem\u00e1s, las m\u00faltiple materias, formas y t\u00e9cnicas que utilizaste, estaban sujetas al raciocinio (instinto en ti) de lo humano, artista-poeta que eras y que, seguramente, seguir\u00e1s siendo all\u00ed donde est\u00e9s, esper\u00e1ndome (esper\u00e1ndonos) para emborracharnos juntos de nuevo; pero esta vez, con el polvo de las estrellas.<\/p>\n<p align=\"center\">\n<strong>NEMESIO S\u00c1NCHEZ<\/strong><\/p>\n<p>&nbsp;<\/p>\n","protected":false},"excerpt":{"rendered":"<p>Hace unos dias comentamos \u00a0el fallecimiento de Manolo \u00a0Casta\u00f1on \u00a0, muy unido a muchos de nosotros \u00a0y deseo poder adjuntar unas palabras \u00a0 que un un amigo \u00a0de Manolo dijo en su \u00a0entierro y que trasmiten perfectamnete \u00a0nuestras percepciones Titi Querido amigo Manolo: Me dirijo a ti en una alocuci\u00f3n directa porque estoy seguro de [&hellip;]<\/p>\n","protected":false},"author":3,"featured_media":0,"comment_status":"open","ping_status":"open","sticky":false,"template":"","format":"standard","meta":{"footnotes":"","_links_to":"","_links_to_target":""},"categories":[1],"tags":[],"class_list":["post-457","post","type-post","status-publish","format-standard","hentry","category-sin-categoria"],"_links":{"self":[{"href":"https:\/\/www.collanzo.com\/WP_blog\/index.php?rest_route=\/wp\/v2\/posts\/457","targetHints":{"allow":["GET"]}}],"collection":[{"href":"https:\/\/www.collanzo.com\/WP_blog\/index.php?rest_route=\/wp\/v2\/posts"}],"about":[{"href":"https:\/\/www.collanzo.com\/WP_blog\/index.php?rest_route=\/wp\/v2\/types\/post"}],"author":[{"embeddable":true,"href":"https:\/\/www.collanzo.com\/WP_blog\/index.php?rest_route=\/wp\/v2\/users\/3"}],"replies":[{"embeddable":true,"href":"https:\/\/www.collanzo.com\/WP_blog\/index.php?rest_route=%2Fwp%2Fv2%2Fcomments&post=457"}],"version-history":[{"count":2,"href":"https:\/\/www.collanzo.com\/WP_blog\/index.php?rest_route=\/wp\/v2\/posts\/457\/revisions"}],"predecessor-version":[{"id":510,"href":"https:\/\/www.collanzo.com\/WP_blog\/index.php?rest_route=\/wp\/v2\/posts\/457\/revisions\/510"}],"wp:attachment":[{"href":"https:\/\/www.collanzo.com\/WP_blog\/index.php?rest_route=%2Fwp%2Fv2%2Fmedia&parent=457"}],"wp:term":[{"taxonomy":"category","embeddable":true,"href":"https:\/\/www.collanzo.com\/WP_blog\/index.php?rest_route=%2Fwp%2Fv2%2Fcategories&post=457"},{"taxonomy":"post_tag","embeddable":true,"href":"https:\/\/www.collanzo.com\/WP_blog\/index.php?rest_route=%2Fwp%2Fv2%2Ftags&post=457"}],"curies":[{"name":"wp","href":"https:\/\/api.w.org\/{rel}","templated":true}]}}