{"id":438,"date":"2013-03-12T23:17:04","date_gmt":"2013-03-12T22:17:04","guid":{"rendered":"http:\/\/www.collanzo.com\/WP_blog\/?p=438"},"modified":"2013-11-24T02:26:03","modified_gmt":"2013-11-24T01:26:03","slug":"desperfectos-en-el-cementerio-de-santibanez","status":"publish","type":"post","link":"https:\/\/www.collanzo.com\/WP_blog\/?p=438","title":{"rendered":"DESPERFECTOS   EN EL CEMENTERIO DE SANTIBA\u00d1EZ"},"content":{"rendered":"<p>Recogemos la noticia\u00a0 del LNE\u00a0\u00a0 que nos da informacion de este hecho ocurrido hace meses y que no parece tener final<\/p>\n<h2>El temporal de diciembre derrib\u00f3 el cierre del camposanto y destroz\u00f3 varias tumbas que permanecen abiertas<\/h2>\n<p>12.03.2013 | 02:58<\/p>\n<div>\n<div>\n<div><img decoding=\"async\" class=\"alignright\" style=\"border: 0px;\" src=\"http:\/\/fotos00.lne.es\/2013\/03\/12\/318x200\/vecinos-e.jpg\" alt=\"Las sepulturas que da\u00f1\u00f3 la ca\u00edda del muro, tapadas con lonas.\" align=\"right\" border=\"0\" \/><\/p>\n<div>Las sepulturas que da\u00f1\u00f3 la ca\u00edda del muro, tapadas con lonas.<\/div>\n<\/div>\n<div><\/div>\n<div>\n<div><!-- Position: servicios_300x60 doesn't exists on this page --><\/div>\n<\/div>\n<\/div>\n<p>Caba\u00f1aquinta, C. M. BASTEIRO Los vecinos de Santib\u00e1\u00f1ez de la Fuente no consiguen llegar a un acuerdo con la Iglesia para el pago de los da\u00f1os que caus\u00f3 un temporal en el cementerio religioso del pueblo.<!--more--> Los fuertes vientos tiraron un muro que, a su vez, destroz\u00f3 varias sepulturas del camposanto. Las tumbas llevan tres meses abiertas, solo tapadas con una lona, y los vecinos denuncian, incluso, malos olores. El Ayuntamiento elaborar\u00e1 ahora un informe t\u00e9cnico para intentar mediar y saber qui\u00e9n es el responsable de los desperfectos.<\/p>\n<p>La elaboraci\u00f3n del informe responde a un ruego formulado por el grupo municipal del PP en el pleno de febrero. El portavoz de la formaci\u00f3n, Juan Antonio del Pe\u00f1o, explic\u00f3 que \u00ablos vecinos se est\u00e1n quejando con raz\u00f3n porque estamos ante un problema incluso de salubridad de la localidad y la situaci\u00f3n puede ir empeorando seg\u00fan pase el tiempo\u00bb, afirm\u00f3 el concejal.<\/p>\n<p>La ca\u00edda del muro del cementerio caus\u00f3 una gran preocupaci\u00f3n en el pueblo y ahora est\u00e1 generando cierta pol\u00e9mica. Seg\u00fan del Pe\u00f1o, \u00abla Iglesia quiere que los vecinos paguen la mitad de los da\u00f1os, pero los afectados defienden que es la propia Iglesia la que tiene que hacerse cargo\u00bb.<\/p>\n<p>El Gobierno local del PSOE en Aller ha accedido a encargar la elaboraci\u00f3n del informe a los t\u00e9cnicos municipales, aunque matiza que la Iglesia es la \u00fanica propietaria del cementerio religioso de la localidad. En este punto, del Pe\u00f1o destaca que una de las fincas que separa el muro del cementerio es de titularidad municipal. \u00abHabr\u00eda que estudiar la competencia que tiene el Ayuntamiento y hasta qu\u00e9 punto tiene que hacer frente a lo sucedido\u00bb, se\u00f1al\u00f3 Del Pe\u00f1o<\/p>\n<p>El portavoz del PP reclam\u00f3 que la soluci\u00f3n llegue pronto porque, seg\u00fan asegur\u00f3, \u00ablos vecinos no pueden seguir en esta situaci\u00f3n por m\u00e1s tiempo\u00bb. Seg\u00fan del Pe\u00f1o, \u00ablas l\u00e1pidas rotas se han tapado con una lona y, aparte del olor, podr\u00edan herir la sensibilidad de la gente que vive en el entorno\u00bb. El arreglo del muro y las sepulturas, seg\u00fan fuentes municipales, requerir\u00e1 una \u00abimportante inversi\u00f3n\u00bb que puede superar los 12.000 euros.<\/p>\n<p>\u00abNo es justo que los vecinos tengan que hacer frente a este gasto\u00bb, reiter\u00f3 el concejal del PP. El muro del cementerio de Santib\u00e1\u00f1ez tiene m\u00e1s de treinta metros de altura y est\u00e1 construido con hormig\u00f3n. Los vecinos dieron la voz de alarma sobre lo sucedido a principios de diciembre y siguen esperando por una respuesta.<\/p>\n<p>El cementerio de Santib\u00e1\u00f1ez de la Fuente se encuentra en el entorno de la iglesia de San Juan de Riomera, protegida como Bien de Inter\u00e9s Cultural (BIC), y el texu de la localidad, declarado Monumento Natural. Es uno de los camposantos m\u00e1s antiguos y de mayores dimensiones del concejo puesto que tambi\u00e9n da servicio a la localidad de Collanzo.<\/p>\n<\/div>\n","protected":false},"excerpt":{"rendered":"<p>Recogemos la noticia\u00a0 del LNE\u00a0\u00a0 que nos da informacion de este hecho ocurrido hace meses y que no parece tener final El temporal de diciembre derrib\u00f3 el cierre del camposanto y destroz\u00f3 varias tumbas que permanecen abiertas 12.03.2013 | 02:58 Las sepulturas que da\u00f1\u00f3 la ca\u00edda del muro, tapadas con lonas. Caba\u00f1aquinta, C. M. BASTEIRO [&hellip;]<\/p>\n","protected":false},"author":3,"featured_media":0,"comment_status":"open","ping_status":"open","sticky":false,"template":"","format":"standard","meta":{"footnotes":"","_links_to":"","_links_to_target":""},"categories":[1],"tags":[],"class_list":["post-438","post","type-post","status-publish","format-standard","hentry","category-sin-categoria"],"_links":{"self":[{"href":"https:\/\/www.collanzo.com\/WP_blog\/index.php?rest_route=\/wp\/v2\/posts\/438","targetHints":{"allow":["GET"]}}],"collection":[{"href":"https:\/\/www.collanzo.com\/WP_blog\/index.php?rest_route=\/wp\/v2\/posts"}],"about":[{"href":"https:\/\/www.collanzo.com\/WP_blog\/index.php?rest_route=\/wp\/v2\/types\/post"}],"author":[{"embeddable":true,"href":"https:\/\/www.collanzo.com\/WP_blog\/index.php?rest_route=\/wp\/v2\/users\/3"}],"replies":[{"embeddable":true,"href":"https:\/\/www.collanzo.com\/WP_blog\/index.php?rest_route=%2Fwp%2Fv2%2Fcomments&post=438"}],"version-history":[{"count":6,"href":"https:\/\/www.collanzo.com\/WP_blog\/index.php?rest_route=\/wp\/v2\/posts\/438\/revisions"}],"predecessor-version":[{"id":495,"href":"https:\/\/www.collanzo.com\/WP_blog\/index.php?rest_route=\/wp\/v2\/posts\/438\/revisions\/495"}],"wp:attachment":[{"href":"https:\/\/www.collanzo.com\/WP_blog\/index.php?rest_route=%2Fwp%2Fv2%2Fmedia&parent=438"}],"wp:term":[{"taxonomy":"category","embeddable":true,"href":"https:\/\/www.collanzo.com\/WP_blog\/index.php?rest_route=%2Fwp%2Fv2%2Fcategories&post=438"},{"taxonomy":"post_tag","embeddable":true,"href":"https:\/\/www.collanzo.com\/WP_blog\/index.php?rest_route=%2Fwp%2Fv2%2Ftags&post=438"}],"curies":[{"name":"wp","href":"https:\/\/api.w.org\/{rel}","templated":true}]}}