{"id":424,"date":"2013-02-13T18:40:28","date_gmt":"2013-02-13T17:40:28","guid":{"rendered":"http:\/\/www.collanzo.com\/WP_blog\/?p=424"},"modified":"2013-02-13T18:41:25","modified_gmt":"2013-02-13T17:41:25","slug":"la-banda-de-gaitas-la-viga-travesa-de-aller-por-titi","status":"publish","type":"post","link":"https:\/\/www.collanzo.com\/WP_blog\/?p=424","title":{"rendered":"LA BANDA DE GAITAS \u00abLA VIGA TRAVESA \u00bb DE ALLER &#8211;  -POR TITI"},"content":{"rendered":"<p>Recientemente me han notificado sobre la disoluci\u00f3n de la m\u00edtica Banda de Gaitas, \u201cLa Viga Traves\u00e1\u201d. Como quiera que conozco las vicisitudes y m\u00faltiples detalles ejemplares de la vida de este grupo folkl\u00f3rico, al menos de sus \u00faltimos a\u00f1os de vida, su decisi\u00f3n ha producido en mi una mezcla de sorpresa, incredulidad y pesar, sentimientos que presumo sentir\u00e1n otras personas con las que me unen lazos de amistad, compa\u00f1erismo y admiraci\u00f3n hacia este grupo etnogr\u00e1fico allerano.<!--more--><!--more--><br \/>\nEntiendo que no es lugar ni momento para arremeter contra quienes han estado dedicados a destruir y a desprestigiar lo poco o mucho que hayamos podido hacer en pro de la cultura en el concejo de Aller, y a denostar todo lo conseguido en ese orden; empero s\u00ed deseamos que reconsideren su postura, por el bien de todos.<br \/>\nHace ahora unos seis a\u00f1os, el \u00c1rea de Cultura del Ayuntamiento de Aller colabor\u00f3 con la Sociedad Humanitarios de San Mart\u00edn de Moreda en el intento de recuperar la m\u00edtica Banda de Gaitas allerana, que ya hab\u00eda disminuido notablemente sus actividades. Se celebraron muchas reuniones y fueron vencidas no pocas dificultades, con lo que se consigui\u00f3 \u201carrancar\u201d de nuevo.<br \/>\nPor aquel entonces se impon\u00eda, adem\u00e1s de la recuperaci\u00f3n de las personas que compon\u00edan la antigua Banda, el integrar a gente nueva, para darle a aquella una nueva y definitiva forma y renovados contenidos. Eran precisos, adem\u00e1s elementos que se hicieran responsables de todas las gestiones y tareas de organizaci\u00f3n. Es decir, que \u201ctirasen del carro pa t\u00f3\u201d.<br \/>\nA menudo nos negamos a citar conjuntos de personas por el l\u00f3gico temor a dejarnos alguna de ellas en el tintero y cometer as\u00ed una omisi\u00f3n que ser\u00eda de todas luces injusta; as\u00ed, en esta ocasi\u00f3n, tambi\u00e9n desistimos de esa idea, pero, no obstante lo dicho, he de citar a dos personas que han destacado: Eguix Huerta, que asumi\u00f3 la coordinaci\u00f3n y responsabilidades inherentes al hecho de que la Banda se pudiera recuperar. Afortunadamente lo logr\u00f3. La segunda persona que citar\u00e9 -reitero que sin menosprecio de ninguno de los involucrados-, ser\u00e1 a Borja, director art\u00edstico y musical, que trabaj\u00f3 admirablemente como aglutinador de componentes.<br \/>\nEstas personas han dedicado muchos esfuerzos y bastantes recursos econ\u00f3micos, trabajo y tiempo, al grupo de Gaitas. Por el contrario, y como dec\u00eda al principio, durante los \u00faltimos meses de vida del grupo de Gaitas \u201cLa Viga Traves\u00e1\u201d tambi\u00e9n hubo gentes que dedicaron su tiempo y ganas a ella, pero -lo digo claramente- a destruir y desprestigiar el trabajo y esfuerzo de otros; de todos los componentes de la Banda. Desgraciadamente sus mentiras e intrigas han producido una grieta que poco a poco ha crecido y minado el trabajo de los pr\u00f3ceres, hasta llegar a sumirles en el cansancio y la consiguiente imposibilidad para luchar. \u201cHasta aqu\u00ed hemos llegado\u201d-, han dicho.<br \/>\nComo dec\u00eda Cervantes en El Quijote, en la voz de Sancho, \u201c\u2026el diablo, que no duerme y que todo lo a\u00f1asca, hizo de manera\u2026\u201d. Alguna persona con voz y categor\u00eda de diablo, se meti\u00f3 a enredar el trabajo de otros.<br \/>\nLa dign\u00edsima Junta Directiva de \u201cLa Viga Traves\u00e1\u201d no quiso entrar en pol\u00e9micas u ha acordado disolver la Banda de Gaitas, cediendo su patrimonio y sus reservas econ\u00f3micas a la Sociedad Humanitarios de San Mart\u00edn.<br \/>\nYa sumido en el vac\u00edo y hueco que deja esta disoluci\u00f3n, quiero levantar mi voz para agradecer a los componentes de la Banda \u201cLa Viga Traves\u00e1\u201d, y en especial a las dos personas que he mencionado, todo cuanto han hecho a favor y pro de la cultura musical del concejo de Aller.<br \/>\nGracias, amigos.<\/p>\n","protected":false},"excerpt":{"rendered":"<p>Recientemente me han notificado sobre la disoluci\u00f3n de la m\u00edtica Banda de Gaitas, \u201cLa Viga Traves\u00e1\u201d. Como quiera que conozco las vicisitudes y m\u00faltiples detalles ejemplares de la vida de este grupo folkl\u00f3rico, al menos de sus \u00faltimos a\u00f1os de vida, su decisi\u00f3n ha producido en mi una mezcla de sorpresa, incredulidad y pesar, sentimientos [&hellip;]<\/p>\n","protected":false},"author":3,"featured_media":0,"comment_status":"open","ping_status":"open","sticky":false,"template":"","format":"standard","meta":{"footnotes":"","_links_to":"","_links_to_target":""},"categories":[12,10,6],"tags":[],"class_list":["post-424","post","type-post","status-publish","format-standard","hentry","category-fiestas","category-general-2","category-historia"],"_links":{"self":[{"href":"https:\/\/www.collanzo.com\/WP_blog\/index.php?rest_route=\/wp\/v2\/posts\/424","targetHints":{"allow":["GET"]}}],"collection":[{"href":"https:\/\/www.collanzo.com\/WP_blog\/index.php?rest_route=\/wp\/v2\/posts"}],"about":[{"href":"https:\/\/www.collanzo.com\/WP_blog\/index.php?rest_route=\/wp\/v2\/types\/post"}],"author":[{"embeddable":true,"href":"https:\/\/www.collanzo.com\/WP_blog\/index.php?rest_route=\/wp\/v2\/users\/3"}],"replies":[{"embeddable":true,"href":"https:\/\/www.collanzo.com\/WP_blog\/index.php?rest_route=%2Fwp%2Fv2%2Fcomments&post=424"}],"version-history":[{"count":3,"href":"https:\/\/www.collanzo.com\/WP_blog\/index.php?rest_route=\/wp\/v2\/posts\/424\/revisions"}],"predecessor-version":[{"id":427,"href":"https:\/\/www.collanzo.com\/WP_blog\/index.php?rest_route=\/wp\/v2\/posts\/424\/revisions\/427"}],"wp:attachment":[{"href":"https:\/\/www.collanzo.com\/WP_blog\/index.php?rest_route=%2Fwp%2Fv2%2Fmedia&parent=424"}],"wp:term":[{"taxonomy":"category","embeddable":true,"href":"https:\/\/www.collanzo.com\/WP_blog\/index.php?rest_route=%2Fwp%2Fv2%2Fcategories&post=424"},{"taxonomy":"post_tag","embeddable":true,"href":"https:\/\/www.collanzo.com\/WP_blog\/index.php?rest_route=%2Fwp%2Fv2%2Ftags&post=424"}],"curies":[{"name":"wp","href":"https:\/\/api.w.org\/{rel}","templated":true}]}}