{"id":411,"date":"2013-02-07T20:56:18","date_gmt":"2013-02-07T19:56:18","guid":{"rendered":"http:\/\/www.collanzo.com\/WP_blog\/?p=411"},"modified":"2013-02-12T10:45:32","modified_gmt":"2013-02-12T09:45:32","slug":"discurso-de-guillermo-lorenzo-el-dia-de-san-blas","status":"publish","type":"post","link":"https:\/\/www.collanzo.com\/WP_blog\/?p=411","title":{"rendered":"DISCURSO DE   GUILLERMO LORENZO  EL DIA DE SAN BLAS"},"content":{"rendered":"<p>COLLANZO<\/p>\n<p>Cuando el jueves 17 de enero me llaman por tel\u00e9fono desde Collanzo, y me comunican que la Asociaci\u00f3n de Vecinos \u201cSan Blas\u201d, de esta localidad, ha decidido nombrarme \u201cAllerano Ejemplar\u201d, me qued\u00e9 casi sin poderle transmitir a mi interlocutor, Valiente, mi agradecimiento. Pens\u00e9 en aquel momento que sentirse querido por tu propio concejo, es lo mejor que le puede pasar a cualquier persona. Muchas gracias de nuevo, ahora a todos. Tambi\u00e9n a Titi, que s\u00e9 que fue uno de los sugerentes. Titi hace bueno el dicho de que un amigo llega a tiempo; los dem\u00e1s, cuando tienen tiempo.<!--more--><\/p>\n<p>Dicen que por todos mis trabajos sobre la historia de Aller. Yo me encuentro satisfecho de poder recopilar y contar, por ello, con datos de nuestra historia, y mi satisfacci\u00f3n aumenta cuando veo que, sobre un tema determinado, hay material y notas suficientes para darlos a conocer a mis paisanos en forma de libro.<\/p>\n<p>Esos datos sobre nuestra historia, no aburren.<\/p>\n<p>A m\u00ed me metieron el gusanillo de la historia, dos personas: un primo-hermano de mi padre, Jes\u00fas Barettini Fern\u00e1ndez, quien en vida me ha llevado de la mano por los caminos de Aller, y me aconsej\u00f3, hasta que un d\u00eda me dijo:<\/p>\n<p>\u201cSigue t\u00fa; yo me quedo aqu\u00ed. Recuerda que si escribes, vas a tener errores, pero la persona que no comete jam\u00e1s una tonter\u00eda o no tiene un error, tampoco tendr\u00e1 jam\u00e1s la ocasi\u00f3n de hacer nada interesante\u201d.<\/p>\n<p>Otra persona que me meti\u00f3 en la historia de Aller, fue el abogado de Caba\u00f1aquinta, Manolo Hidalgo, fuente en la que yo he bebido en abundancia.<\/p>\n<p>\u201cRecuerda\u00a0 -me dec\u00eda en cierta ocasi\u00f3n-\u00a0 que escribir sobre historia es un vicio, entre otras razones, porque cuando empiezas a comprenderla, pretendes tambi\u00e9n llegar a dominarla, y eso\u2026<\/p>\n<p>La historia ha de relatarse conforme al criterio de honrada veracidad desnuda. Busca fruto hasta de tus fracasos, porque hay quien atraviesa el bosque y s\u00f3lo ve en \u00e9l le\u00f1a para el fuego\u201d.<\/p>\n<p>Y as\u00ed lo hago, porque es de ley. Soy un aficionado que, adem\u00e1s, est\u00e1 enamorado de su concejo. Quiz\u00e1s mi gran suerte ha sido el haber nacido aqu\u00ed. Tampoco nunca tuve necesidad de barrer para mi concejo, porque no fue necesario hacerlo. Parece mentira que siendo todo Aller un lugar tan bello (porque hay que ser Dios para hacer una cosa tan hermosa como el valle de Aller), tenga sus detractores. Quiz\u00e1s sea porque ha de haber de todo. All\u00e1 ellos.<\/p>\n<p>Me siento muy orgulloso de haber llegado a conseguir este premio por el que contraigo con vosotros una deuda enorme; deuda que, si tengo salud, os ir\u00e9 pagando poco a poco. Estimo este honor que me hac\u00e9is, en lo que puedo, aunque bien s\u00e9 que esa estima nunca llegar\u00e1 a ser lo que debiera.<\/p>\n<p>Creo que es de justicia, ahora, y aprovechando esta ocasi\u00f3n, que dediquemos un recuerdo, que reservemos un rinc\u00f3n en nuestra mente y otro en nuestro coraz\u00f3n, para todos aquellos, parientes, amigos,\u2026 que no pueden estar hoy aqu\u00ed con nosotros, y que nos gustar\u00eda que estuviesen. Son tantos los que nos han dejado\u2026<\/p>\n<p>Un buen amigo fue Balte. Estoy seguro de que el Cielo mejor\u00f3 cuando lleg\u00f3 \u00e9l all\u00e1; como mejoran los pueblos donde reside gente de esta categor\u00eda.<\/p>\n<p>Para ya terminar, quiero agradeceros de nuevo este nombramiento, para m\u00ed, esencial. Gracias por estos \u00e1nimos y este galard\u00f3n. Gracias por vuestro cari\u00f1o; cari\u00f1o que, quiz\u00e1s porque no me lo merezca, s\u00ed resulta para m\u00ed la ocasi\u00f3n en que m\u00e1s lo necesito.<\/p>\n<p>Guillermo Fdez.-Barettino Lorenzo<\/p>\n<p>Collanzo, 3 de febrero de 2013. Festejando a San Blas.<\/p>\n","protected":false},"excerpt":{"rendered":"<p>COLLANZO Cuando el jueves 17 de enero me llaman por tel\u00e9fono desde Collanzo, y me comunican que la Asociaci\u00f3n de Vecinos \u201cSan Blas\u201d, de esta localidad, ha decidido nombrarme \u201cAllerano Ejemplar\u201d, me qued\u00e9 casi sin poderle transmitir a mi interlocutor, Valiente, mi agradecimiento. Pens\u00e9 en aquel momento que sentirse querido por tu propio concejo, es [&hellip;]<\/p>\n","protected":false},"author":3,"featured_media":0,"comment_status":"open","ping_status":"open","sticky":false,"template":"","format":"standard","meta":{"footnotes":"","_links_to":"","_links_to_target":""},"categories":[12,6],"tags":[],"class_list":["post-411","post","type-post","status-publish","format-standard","hentry","category-fiestas","category-historia"],"_links":{"self":[{"href":"https:\/\/www.collanzo.com\/WP_blog\/index.php?rest_route=\/wp\/v2\/posts\/411","targetHints":{"allow":["GET"]}}],"collection":[{"href":"https:\/\/www.collanzo.com\/WP_blog\/index.php?rest_route=\/wp\/v2\/posts"}],"about":[{"href":"https:\/\/www.collanzo.com\/WP_blog\/index.php?rest_route=\/wp\/v2\/types\/post"}],"author":[{"embeddable":true,"href":"https:\/\/www.collanzo.com\/WP_blog\/index.php?rest_route=\/wp\/v2\/users\/3"}],"replies":[{"embeddable":true,"href":"https:\/\/www.collanzo.com\/WP_blog\/index.php?rest_route=%2Fwp%2Fv2%2Fcomments&post=411"}],"version-history":[{"count":2,"href":"https:\/\/www.collanzo.com\/WP_blog\/index.php?rest_route=\/wp\/v2\/posts\/411\/revisions"}],"predecessor-version":[{"id":415,"href":"https:\/\/www.collanzo.com\/WP_blog\/index.php?rest_route=\/wp\/v2\/posts\/411\/revisions\/415"}],"wp:attachment":[{"href":"https:\/\/www.collanzo.com\/WP_blog\/index.php?rest_route=%2Fwp%2Fv2%2Fmedia&parent=411"}],"wp:term":[{"taxonomy":"category","embeddable":true,"href":"https:\/\/www.collanzo.com\/WP_blog\/index.php?rest_route=%2Fwp%2Fv2%2Fcategories&post=411"},{"taxonomy":"post_tag","embeddable":true,"href":"https:\/\/www.collanzo.com\/WP_blog\/index.php?rest_route=%2Fwp%2Fv2%2Ftags&post=411"}],"curies":[{"name":"wp","href":"https:\/\/api.w.org\/{rel}","templated":true}]}}