{"id":409,"date":"2013-02-06T19:40:34","date_gmt":"2013-02-06T18:40:34","guid":{"rendered":"http:\/\/www.collanzo.com\/WP_blog\/?p=409"},"modified":"2013-02-12T10:46:16","modified_gmt":"2013-02-12T09:46:16","slug":"agredecimiento-de-guillermo-lorenzo-allerano-ejemplar-2013","status":"publish","type":"post","link":"https:\/\/www.collanzo.com\/WP_blog\/?p=409","title":{"rendered":"AGREDECIMIENTO DE  GUILLERMO LORENZO-ALLERANO EJEMPLAR 2013"},"content":{"rendered":"<p>A la Asociaci\u00f3n de vecinos \u201cSan Blas\u201d de Collanzo<\/p>\n<p>Queridos amigos: ahora, despu\u00e9s de habernos conocido, ya sab\u00e9is que entretienen mucho mis horas los agradables estudios hist\u00f3ricos sobre mi querido concejo. Estos estudios, no solamente distraen mis d\u00edas, sino que impiden tambi\u00e9n, durante mis noches, que la mala situaci\u00f3n laboral de uno de mis hijos llegue a atormentarme.<!--more--><\/p>\n<p>Fue la primera vez que me vi. premiado por los trabajos de recopilaci\u00f3n hist\u00f3rica, y de veras que me vi sorprendido, porque para mi fue solemnidad tanto el escenario, sede y \u201crincon\u00edn\u201d de San Juan, majestuoso templo, como las gentes que nos satisfizo y nos deleit\u00f3 con sus miradas. Fueron unos momentos inolvidables de bienandanza de cuento en los a\u00f1os de mi existencia. S\u00ed merece trabajar por esto; por ese cari\u00f1o\u00a0 -no por m\u00e1s-, por ese reconocimiento de tus paisanos alleranos, que es la corona m\u00e1s lujosa que uno puede exhibir.<\/p>\n<p>All\u00ed, en Santib\u00e1\u00f1ez de La Fuente, nunca lo olvidar\u00e9, dejamos de lado las otras p\u00e1ginas impresas de los medios de comunicaci\u00f3n, que nos hablan invariablemente de cienos sociales, de tinieblas, de vicios, y nos sumimos gratamente en resplandores y en la luz de la amistad y de la sinceridad; alguna l\u00e1grima me vino a los ojos. \u00a1Qu\u00e9 feliz d\u00eda me hab\u00e9is concedido y regalado, queridos amigos! Todos mis sentidos os agradecen esa una org\u00eda de bienestar que les hab\u00e9is proporcionado.<\/p>\n<p>Muchas gracias por haberme hecho gozar de los privilegios y de los beneficios humanos de la amistad.Gracias, paisanos m\u00edos de la parroquia de San Juan de R\u00edo Miera-Collanzo.<\/p>\n<p>Guillermo Fern\u00e1ndez Lorenzo<\/p>\n<p>Aller, 5 de febrero de 2013.<\/p>\n","protected":false},"excerpt":{"rendered":"<p>A la Asociaci\u00f3n de vecinos \u201cSan Blas\u201d de Collanzo Queridos amigos: ahora, despu\u00e9s de habernos conocido, ya sab\u00e9is que entretienen mucho mis horas los agradables estudios hist\u00f3ricos sobre mi querido concejo. Estos estudios, no solamente distraen mis d\u00edas, sino que impiden tambi\u00e9n, durante mis noches, que la mala situaci\u00f3n laboral de uno de mis hijos [&hellip;]<\/p>\n","protected":false},"author":3,"featured_media":0,"comment_status":"open","ping_status":"open","sticky":false,"template":"","format":"standard","meta":{"footnotes":"","_links_to":"","_links_to_target":""},"categories":[1],"tags":[],"class_list":["post-409","post","type-post","status-publish","format-standard","hentry","category-sin-categoria"],"_links":{"self":[{"href":"https:\/\/www.collanzo.com\/WP_blog\/index.php?rest_route=\/wp\/v2\/posts\/409","targetHints":{"allow":["GET"]}}],"collection":[{"href":"https:\/\/www.collanzo.com\/WP_blog\/index.php?rest_route=\/wp\/v2\/posts"}],"about":[{"href":"https:\/\/www.collanzo.com\/WP_blog\/index.php?rest_route=\/wp\/v2\/types\/post"}],"author":[{"embeddable":true,"href":"https:\/\/www.collanzo.com\/WP_blog\/index.php?rest_route=\/wp\/v2\/users\/3"}],"replies":[{"embeddable":true,"href":"https:\/\/www.collanzo.com\/WP_blog\/index.php?rest_route=%2Fwp%2Fv2%2Fcomments&post=409"}],"version-history":[{"count":3,"href":"https:\/\/www.collanzo.com\/WP_blog\/index.php?rest_route=\/wp\/v2\/posts\/409\/revisions"}],"predecessor-version":[{"id":417,"href":"https:\/\/www.collanzo.com\/WP_blog\/index.php?rest_route=\/wp\/v2\/posts\/409\/revisions\/417"}],"wp:attachment":[{"href":"https:\/\/www.collanzo.com\/WP_blog\/index.php?rest_route=%2Fwp%2Fv2%2Fmedia&parent=409"}],"wp:term":[{"taxonomy":"category","embeddable":true,"href":"https:\/\/www.collanzo.com\/WP_blog\/index.php?rest_route=%2Fwp%2Fv2%2Fcategories&post=409"},{"taxonomy":"post_tag","embeddable":true,"href":"https:\/\/www.collanzo.com\/WP_blog\/index.php?rest_route=%2Fwp%2Fv2%2Ftags&post=409"}],"curies":[{"name":"wp","href":"https:\/\/api.w.org\/{rel}","templated":true}]}}