{"id":407,"date":"2013-02-06T19:36:25","date_gmt":"2013-02-06T18:36:25","guid":{"rendered":"http:\/\/www.collanzo.com\/WP_blog\/?p=407"},"modified":"2013-02-10T18:28:29","modified_gmt":"2013-02-10T17:28:29","slug":"fiestas-de-san-blas-domingo-3-de-febrero-2013","status":"publish","type":"post","link":"https:\/\/www.collanzo.com\/WP_blog\/?p=407","title":{"rendered":"FIESTAS DE SAN BLAS -DOMINGO 3 DE FEBRERO  2013"},"content":{"rendered":"<p>El pasado\u00a0 domingo\u00a0\u00a0\u00a0 con un d\u00eda de lluvia\u00a0 y frio, se celebr\u00f3\u00a0\u00a0 la tradicional fiesta parroquial\u00a0 en la Iglesia de Santib\u00e1\u00f1ez\u00a0\u00a0 , la cual tras su restauraci\u00f3n \u00a0luce\u00a0 su encanto y singularidad.<\/p>\n<p>Fue un buen momento para\u00a0\u00a0 admirar toda la obra realizada\u00a0\u00a0 tras mas de dos a\u00f1os de ejecuci\u00f3n de la \u00a0restauraci\u00f3n \u00a0realizada por\u00a0 Esfer\u00a0 a instancias de la Consejer\u00eda de Cultura.<\/p>\n<p>Este\u00a0 a\u00f1o\u00a0\u00a0 el acto religioso fue responsabilidad de una incipiente asociaci\u00f3n\u00a0 cultural que se ha creado en Santib\u00e1\u00f1ez\u00a0 y el acto de\u00a0 los galardones \u00a0fue\u00a0 responsabilidad de la \u00a0AA VV San Blas.<\/p>\n<p>Este a\u00f1o\u00a0 se entregaron los galardones \u00a0\u00a0a Tonin del Bar\u00a0 como vecino ejemplar y a Guillermo Lorenzo \u00a0como Allerano Ejemplar \u00a0.Pod\u00e9is leer\u00a0 los meritos de ambos \u00a0\u00a0\u00a0en el art\u00edculo\u00a0\u00a0 publicado en d\u00edas anteriores.<!--more--><!--more--><\/p>\n<p>Publicamos a continuaci\u00f3n los breves discursos expuestos es d\u00eda.<\/p>\n<p>Las fotograf\u00edas\u00a0 de los actos se colocaran en un archivo adjunto (estamos a la espera de publicar m\u00e1s fotograf\u00edas)<\/p>\n<p>Finalmente tras la misa\u00a0 y la puya\u00a0 pudimos\u00a0 disfrutar\u00a0 de\u00a0 una comida\u00a0 entre\u00a0 amigos\u00a0\u00a0 en los restaurantes\u00a0 del pueblo .<\/p>\n<p>HASTA EL PROXIMO A\u00d1O AMIGOS<\/p>\n<p>&nbsp;<\/p>\n<p align=\"center\"><strong>PALABRAS\u00a0\u00a0 DE\u00a0 ANTONIO GLEZ -PESUDO\u00a0 -A TONIN<\/strong><\/p>\n<p>Estimados amigos\u00a0 : Tonin empez\u00f3 su vida luchando en el dif\u00edcil y complicado trabajo\u00a0 del gremio de la hosteler\u00eda , con muchas horas, muchas\u00a0\u00a0 tras la barra , con miles de an\u00e9cdotas , historias\u00a0 en las que se \u00a0debe capear con\u00a0 tacto y tratando con mimo\u00a0 a los clientes , como se suele decir\u00a0 aguantando mucho y\u00a0 capear\u00a0 todas las situaciones .<\/p>\n<p>Hace falta reconocer\u00a0\u00a0 en todo matrimonio a las mujeres: si una mesa se apoya con 4 patas, en un matrimonio\u00a0 tres\u00a0 patas las constituyen la mujer y en este caso , Gene\u00a0 era pieza fundamental\u00a0 en este negocio hostelero .Gene\u00a0 fue una gran trabajadora<\/p>\n<p>As\u00ed mismo los 5 hijos: Tonin, Sonia, Diego, Lili y Arancha\u00a0 han tenido una gran participaci\u00f3n en dicho trabajo\u00a0 hostelero.<\/p>\n<p>Espero\u00a0 que este reconociendo te\u00a0 sirva para saber el\u00a0 grado de satisfacci\u00f3n que tu trabajo ha tenido en tus convecinos y confi\u00f3 que\u00a0 ahora una vez jubilado\u00a0 disfrutes de una vida\u00a0 de placer entre Salinas, y Gij\u00f3n.<\/p>\n<p>Gracias Tonin por todo tu\u00a0 enorme trabajo\u00a0 y enhorabuena por ello, por haber logrado construir este peque\u00f1o\u00a0 Hotel \u2013Restaurante<\/p>\n<p>Solo permite una peque\u00f1a rega\u00f1ina, si bien se debe a personas como Jos\u00e9 de Heliodoro o Manolo de Levinco, Tito o Faya \u00a0que lograron que un esportingista\u00a0\u00a0 \u00a0como lo eras, te hizo cambiar ese club por el Oviedo.<\/p>\n<p>Este perdonado\u00a0\u00a0 amigo<\/p>\n<p>Que lo disfrutes amigo .<\/p>\n<p>ANTONIO\u00a0 GLEZ<\/p>\n<p>&nbsp;<\/p>\n<p>&nbsp;<\/p>\n<p align=\"center\"><strong>PRESENTACI\u00d3N DE GUILLERMO. SAN BLAS. COLLANZO 3\/2\/13<\/strong><\/p>\n<p align=\"center\"><strong>JOSE\u00a0 MARIA SUAREZ LOBO <\/strong><\/p>\n<p>&nbsp;<\/p>\n<p>Despu\u00e9s de aceptar la invitaci\u00f3n de Titi para hacer esta presentaci\u00f3n, me di cuenta de que ser\u00eda dif\u00edcil comentar,\u00a0 en el corto espacio de tiempo de que dispongo, todo lo que quisiera decir de Guillermo.<\/p>\n<p>Adem\u00e1s de sus m\u00e9ritos profesionales, no puedo dejar de referirme, como amigo, a lo m\u00e1s importante: sus cualidades personales.<\/p>\n<p>Lo conoc\u00ed hace ya bastantes a\u00f1os, cuando coincidimos como profesores en el Instituto de FP de Moreda. Que era una persona buena y entra\u00f1able pude comprobarlo en nuestros viajes por el concejo para\u00a0 recopilar la informaci\u00f3n que necesitaba para sus investigaciones. Me sorprend\u00eda la facilidad con que se ganaba la confianza de los pisanos. Y es que su car\u00e1cter abierto y afable hacia que desaparecieran todos los recelos que despert\u00e1bamos al andar merodeando por el pueblo fotografiando h\u00f3rreos y caleyas.<\/p>\n<p>Optimista por naturaleza, siempre ve el lado bueno de las cosas. Incluso cuando se enfrent\u00f3 a la enfermedad ante la que no quiso dejarse vencer ni arrojar la toalla.<\/p>\n<p>Es generoso y siempre dispuesto a ayudar de forma desinteresada a quien lo necesita.<\/p>\n<p>Es incansable: Guillermo ha hecho muchas cosas y las ha hecho todas bien.<\/p>\n<p>Todas estas cualidades hacen que ser amigo de Guillermo sea un honor del que espero disfrutar muchos a\u00f1os.<\/p>\n<p>Comenz\u00f3 su vida laboral como vagonero en una mina de Caboalles, compaginando este trabajo con los estudios de Ingeniero T\u00e9cnico de minas en la capital leonesa. Terminada la carrera empez\u00f3 a trabajar como Facultativo en la Sociedad Industrial Asturiana y, posteriormente, en diversas dependencias y pozos de HUNOSA especializ\u00e1ndose en Topograf\u00eda, hasta su jubilaci\u00f3n en 1994.<\/p>\n<p>Adem\u00e1s del trabajo en la mina, ejerci\u00f3 su otra vocaci\u00f3n, que fue la ense\u00f1anza en el Instituto de Formaci\u00f3n Profesional, heredero de la antigua Escuela de Maestr\u00eda Industrial de Moreda.<\/p>\n<p>Fue all\u00ed donde\u00a0 nos conocimos y compartimos diez a\u00f1os de trabajo, en que no escatim\u00f3 dedicaci\u00f3n al quehacer de la Ense\u00f1anza.\u00a0 En clase no solo se limitaba a explicar la materia de su especialidad.\u00a0 A\u00f1ad\u00eda algo m\u00e1s: inculcaba a sus alumnos sus preocupaciones culturales, en especial, su inter\u00e9s por el conocimiento del concejo.<\/p>\n<p>Ha participado en numerosas conferencias y charlas; ponencias en las Jornadas Culturales del Instituto de Bachillerato; Tertulia Literaria Allerana; fue corresponsal de los diarios provinciales \u201cRegi\u00f3n\u201d de Oviedo y \u201cEl Comercio de Gij\u00f3n\u201d y dirigi\u00f3 el peri\u00f3dico local \u201cConceyu Aller\u00e1n\u201d. Durante 10 a\u00f1os particip\u00f3 en un programa sobre la historia de Aller en Radio Parpayuela.<\/p>\n<p>Sus estudios e investigaciones han dado como resultado un buen n\u00famero de escritos, art\u00edculos y ponencias.<\/p>\n<p>Public\u00f3 varias obras sobre diversos temas. Hago una relaci\u00f3n muy breve: \u201cRuta por los pueblos de Aller\u201d, \u201cApuntes para una posible historia de la miner\u00eda asturiana. Especial menci\u00f3n a Aller y Mieres\u201d, \u201cPeque\u00f1a historia del ferrocarril en Aller\u201d, \u201cFechas del Centro de Instrucci\u00f3n y Recreo de Moreda\u201d, \u201cHumanitarios de San Mart\u00edn. Moreda\u201d, \u201cExpresiones dialectales de Aller\u201d. Su \u00faltima publicaci\u00f3n ha sido \u201cHer\u00e1ldica de Aller\u201d, en 2012. Tiene otras obras fase de correcci\u00f3n para su posterior publicaci\u00f3n.<\/p>\n<p>En todos estos trabajos su obsesi\u00f3n es el Concejo de Aller, nuestro concejo, nuestra casa, al que Guillermo se ha dedicado sin escatimar esfuerzos para poner en valor su patrimonio industrial, etnogr\u00e1fico y cultural.<\/p>\n<p>Pues bien. Este es Guillermo.<\/p>\n<p>Felicito a la Asociaci\u00f3n de Vecinos \u201cSan Blas\u201d de Collanzo por haber acertado en la elecci\u00f3n de Guillermo como \u201cAllerano Ejemplar\u201d, pues \u00e9l, adem\u00e1s de ser una BUENA PERSONA es, sin lugar a dudas,\u00a0 un ALLERANO EJEMPLAR.<\/p>\n<p>Gracias.<\/p>\n<p align=\"right\">Jos\u00e9 Mar\u00eda Su\u00e1rez Lobo.<\/p>\n<p>&nbsp;<\/p>\n","protected":false},"excerpt":{"rendered":"<p>El pasado\u00a0 domingo\u00a0\u00a0\u00a0 con un d\u00eda de lluvia\u00a0 y frio, se celebr\u00f3\u00a0\u00a0 la tradicional fiesta parroquial\u00a0 en la Iglesia de Santib\u00e1\u00f1ez\u00a0\u00a0 , la cual tras su restauraci\u00f3n \u00a0luce\u00a0 su encanto y singularidad. Fue un buen momento para\u00a0\u00a0 admirar toda la obra realizada\u00a0\u00a0 tras mas de dos a\u00f1os de ejecuci\u00f3n de la \u00a0restauraci\u00f3n \u00a0realizada por\u00a0 Esfer\u00a0 [&hellip;]<\/p>\n","protected":false},"author":3,"featured_media":0,"comment_status":"open","ping_status":"open","sticky":false,"template":"","format":"standard","meta":{"footnotes":"","_links_to":"","_links_to_target":""},"categories":[12,10],"tags":[],"class_list":["post-407","post","type-post","status-publish","format-standard","hentry","category-fiestas","category-general-2"],"_links":{"self":[{"href":"https:\/\/www.collanzo.com\/WP_blog\/index.php?rest_route=\/wp\/v2\/posts\/407","targetHints":{"allow":["GET"]}}],"collection":[{"href":"https:\/\/www.collanzo.com\/WP_blog\/index.php?rest_route=\/wp\/v2\/posts"}],"about":[{"href":"https:\/\/www.collanzo.com\/WP_blog\/index.php?rest_route=\/wp\/v2\/types\/post"}],"author":[{"embeddable":true,"href":"https:\/\/www.collanzo.com\/WP_blog\/index.php?rest_route=\/wp\/v2\/users\/3"}],"replies":[{"embeddable":true,"href":"https:\/\/www.collanzo.com\/WP_blog\/index.php?rest_route=%2Fwp%2Fv2%2Fcomments&post=407"}],"version-history":[{"count":3,"href":"https:\/\/www.collanzo.com\/WP_blog\/index.php?rest_route=\/wp\/v2\/posts\/407\/revisions"}],"predecessor-version":[{"id":413,"href":"https:\/\/www.collanzo.com\/WP_blog\/index.php?rest_route=\/wp\/v2\/posts\/407\/revisions\/413"}],"wp:attachment":[{"href":"https:\/\/www.collanzo.com\/WP_blog\/index.php?rest_route=%2Fwp%2Fv2%2Fmedia&parent=407"}],"wp:term":[{"taxonomy":"category","embeddable":true,"href":"https:\/\/www.collanzo.com\/WP_blog\/index.php?rest_route=%2Fwp%2Fv2%2Fcategories&post=407"},{"taxonomy":"post_tag","embeddable":true,"href":"https:\/\/www.collanzo.com\/WP_blog\/index.php?rest_route=%2Fwp%2Fv2%2Ftags&post=407"}],"curies":[{"name":"wp","href":"https:\/\/api.w.org\/{rel}","templated":true}]}}