{"id":363,"date":"2012-12-29T13:53:14","date_gmt":"2012-12-29T12:53:14","guid":{"rendered":"http:\/\/www.collanzo.com\/WP_blog\/?p=363"},"modified":"2017-11-29T09:38:16","modified_gmt":"2017-11-29T08:38:16","slug":"la-familia-de-casa-del-chispa-o-del-urogallo","status":"publish","type":"post","link":"https:\/\/www.collanzo.com\/WP_blog\/?p=363","title":{"rendered":"LA  FAMILIA DE CASA DEL CHISPA O DEL UROGALLO"},"content":{"rendered":"<p>LA FAMILIA \u201cCHISPA\u201d LOS DEL UROGALLO<\/p>\n<p>Hola a todos los vecinos de Collanzo y sobre todo a las personas que gestionan este magnifico blog que nos acerca a todos los que estamos lejos y nos permite saber lo que pasa y se \u201ccuece\u201d en nuestro pueblo.<br \/>\nEn primer lugar me identifico: Soy Rosa Mary la \u201c f\u00eda Chispa el del Urogallo\u201d. S\u00e9 que muchos no me conocen y sobre todo la gente joven ya que llevo 30 a\u00f1os fuera del pueblo pero seguro que la mayor\u00eda han o\u00eddo hablar de la familia \u201cChispa\u201d y de eso se trato de hablaros a todos, de mi familia y nuestra historia.<!--more--><br \/>\nMis padres To\u00f1u \u201cChispa\u201d y mi madre Mary \u201cla de Chispa\u201d nacieron, vivieron y se casaron en Cabez\u00f3n de la Sal, una bonita villa Cantabra, de la que salieron cuando se casaron y trasladaron a mi padre de su Empresa Electra Bed\u00f3n a Collanzo.<br \/>\nEra el electricista \u201cEl Chispa\u201d para todos, el que arreglaba la luz, les cobraba los recibos y si terciaba les arreglaba la instalaci\u00f3n de casa y les vend\u00eda hasta la radio o la tele, vamos que serv\u00eda para todo. La acogida fue muy buena y enseguida se sintieron arropados por todo el pueblo, y sobre todo mi madre que estaba siempre en casa y los hijos tardaron unos a\u00f1os en llegar. Cuando llegaron a Collanzo estuvieron viviendo en La Plaza en una casa de Per\u00f3n; despu\u00e9s se cambiaron a una casa de Herminio encima del Bar de Olvido , donde nacieron todos mis hermanos excepto yo que nac\u00ed de casualidad en Carmona por un traslado de mi padre. Mis primeros recuerdos de la casa vieja est\u00e1n unidos a mis amigos , a los vecinos : Guillerma Baiz\u00e1n gran amiga de mi madre, y sus hijos Charin, Jose y Laudino, Jos\u00e9 Ram\u00f3n , Saavedara, Margarita la de Juan Luis. Nos pas\u00e1bamos las tardes en la acera de Tonin o donde Balte, con el que pas\u00e1bamos muchas tardes d\u00e1ndole \u201cla turra\u201d y siendo el gran sufridor de todos los ni\u00f1os, aparte del gran amigo que siempre fue. Mis vecinos de abajo Patro y Onofre una persona maravillosa y dulce que nos quer\u00eda a todos comos sus hijos; Rosario Ferranche que nos cuidaba a todos con gran devoci\u00f3n o la pobre Olvido que nos daba caramelos para que baj\u00e1semos las escaleras sin hacer mucho ruido pues parec\u00edamos el \u201cS\u00e9ptimo de Caballer\u00eda\u201d al trote. Las tardes en la carpinter\u00eda de Juan Luis tirandonos serr\u00edn con Margarita, Pili y Juan Luisin o tallando trozos de madera. Los paseos con nuestra perrra \u201cRomula\u201d que era el taxi de todos los ni\u00f1os peque\u00f1os que viv\u00edamos all\u00ed.<br \/>\nEn 1972 mi padre hace una casa al final del pueblo al lado de los Prieto, de Pacita y Manolo nuestros buenos vecinos que siempre han estado ah\u00ed cuando est\u00e1bamos y cuando no estamos, cuidando y vigilando nuestra casa, y cerca de La Panera. El d\u00eda del Corpus de ese mismo a\u00f1o, mi herma y yo hacemos la Primera Comuni\u00f3n y unos d\u00eda antes nos trasladamos a la casa nueva. All\u00ed se incorporan nuevos amigos: F\u00e9, Gema, Charo, Mayte, Luis David aunque sin olvidar los que ya ten\u00edamos. En mis recuerdos se encuentra en un lugar muy especial mi \u201cse\u00f1o\u201d, Carmina la de Prieto. Fue mi profe, mi amiga y la persona que desde mi infancia mas valores logr\u00f3 inculcarme como persona. Siempre con su buen hacer y tranquilidad, con una forma de ense\u00f1arnos muy humana siempre formando personas.Recuerdo las caminatas diarias para ir a la escuela, cam\u00edn arriba y abajo cuatro veces al d\u00eda y a primera hora la vista a la iglesia a rezar \u201cAl Sant\u00edsimo\u201d como dec\u00eda la se\u00f1o. A\u00fan recuerdo a Pepe el Zapatero con el farias en la boca todas las tardes poni\u00e9ndoles puntas a las botas que hacia, rodeado de ni\u00f1os y gente que sal\u00eda y entraba a llevar o recoger los zapatos que \u00e9l arreglaba. Los veranos en la Playa del Fabar\u00edn con las correspondientes comidas en el prau y la visita al Bar de Pancho a por la Fanta y dejar el agua enfriando en la cueva. Las tardes en Casa de Engracia escuchando la m\u00fasica de los 70 en aquellos veranos que formaron nuestra juventud y adolescencia. Las primeras salidas al baile a la pista de Felechosa lugar de reuni\u00f3n de todos los jovencitos de la \u00e9poca.<br \/>\nPero como todo se acaba, la tranquilidad familiar finaliz\u00f3 con la inauguraci\u00f3n de la Cafeter\u00eda \u2013Discoteca El Urogallo lo que marc\u00f3 un antes y un despu\u00e9s en nuestras vidas, la mia y la de mis hermanos Juan, Bego y Ginio. En un principio solo fue un proyecto \u201cpor si pita\u201d y despu\u00e9s como \u201c s\u00ed pit\u00f3 \u201c pas\u00f3 a ser una gran discoteca. Fue el punto de reuni\u00f3n de toda la juventud de la zona, que llegaba los S\u00e1bado y Domingos, en el tren de las cuatro como una marabunta de gente y dejaban el pueblo vac\u00edo cuando sal\u00eda el \u00faltimo tren. De esa \u00e9poca conservo grandes amigos y un mont\u00f3n de vivencias imborrables. Las tardes de Domingo con Curro Jim\u00e9nez en la Cafeter\u00eda donde no se mov\u00eda ni una mosca hasta el final. Los Domingos de bingos ya en la discoteca; el Mundial de Futbol del 82 en la pantalla gigante que compr\u00f3 mi padre donde vimos todos los partidos con una afici\u00f3n y una devoci\u00f3n tan enorme como la que tiene ahora \u201cLa Roja\u201d. Las grandes actuaciones que se trajeron como \u201cLos Chichos\u201d , Jer\u00f3nimo Granda, Mar\u00eda Jes\u00fas la de Los Pajaritos y muchas figuras mas que nos hicieron pasar a todos unas veladas inolvidables e irrepetibles para todos. Creo que esos a\u00f1os han formado parte muy importante de la historia de Collanzo, aunque hasta ahora en todo lo que he le\u00eddo nadie lo ha contado, supongo que motivado porque quienes escriben en este blog son gente joven que no han vivido aquella \u00e9poca y no nos han conocido y los que realmente nos conocen no escriben, solo leen y recuerdan. Pero da igual, aunque tarde, aqu\u00ed llego yo con este peque\u00f1o alegato de Memoria Hist\u00f3rica para todos.<br \/>\nBueno , sigo contando cosas que no me quiero desviar y como ya soy un poco mayor me voy por los cerros de Ubeda.<br \/>\nCuando nos fuimos a estudiar se qued\u00f3 al frente del negocio mi hermano Juan, ya casado con Marce y siendo ya papa de una bonita ni\u00f1a llamada Aroa. Al poco tiempo naci\u00f3 Patri y su vida se consolido por completo en el pueblo. La discoteca era el punto de reuni\u00f3n de todos los j\u00f3venes y logro crear un gran ambiente de amistad entre todos donde lo que primaba nada mas reunirse era contar \u201cel ultimo\u201d que era el ultimo chiste del d\u00eda. Las pel\u00edculas diarias, las actuaciones, las partidas fueron la t\u00f3nica de muchos a\u00f1os. Pero los a\u00f1os fueron pasando y Juan se fue a trabajar a Llanes con toda su prole; yo me cas\u00e9 y me vine a vivir a Cantabria, mi hermana Bego se cas\u00f3 y se fue a vivir al Entrego, mi hermano Ginio se vino a estudiar a Cantabria y despu\u00e9s se qued\u00f3 a trabajar en Santander y por ultimo mi padre se jubil\u00f3, despu\u00e9s de muchos a\u00f1os de duro trabajo, que pasaron factura en sus huesos y que al verse solos les anim\u00f3 a volver a sus ra\u00edces y or\u00edgenes retornando a Cantabria. Todos fuimos saliendo de Collanzo pero Collanzo nunca ha salido de nuestro coraz\u00f3n, ni el pueblo ni las personas, que aunque no est\u00e9n siguen presentes en nuestro recuerdo y nuestras vivencias.<br \/>\nGracias a todos por habernos dejado compartir durante muchos a\u00f1os nuestra vida con la vuestra y por haber podido formar parte de vuestra historia.<\/p>\n","protected":false},"excerpt":{"rendered":"<p>LA FAMILIA \u201cCHISPA\u201d LOS DEL UROGALLO Hola a todos los vecinos de Collanzo y sobre todo a las personas que gestionan este magnifico blog que nos acerca a todos los que estamos lejos y nos permite saber lo que pasa y se \u201ccuece\u201d en nuestro pueblo. En primer lugar me identifico: Soy Rosa Mary la [&hellip;]<\/p>\n","protected":false},"author":3,"featured_media":0,"comment_status":"closed","ping_status":"closed","sticky":false,"template":"","format":"standard","meta":{"footnotes":"","_links_to":"","_links_to_target":""},"categories":[10],"tags":[],"class_list":["post-363","post","type-post","status-publish","format-standard","hentry","category-general-2"],"_links":{"self":[{"href":"https:\/\/www.collanzo.com\/WP_blog\/index.php?rest_route=\/wp\/v2\/posts\/363","targetHints":{"allow":["GET"]}}],"collection":[{"href":"https:\/\/www.collanzo.com\/WP_blog\/index.php?rest_route=\/wp\/v2\/posts"}],"about":[{"href":"https:\/\/www.collanzo.com\/WP_blog\/index.php?rest_route=\/wp\/v2\/types\/post"}],"author":[{"embeddable":true,"href":"https:\/\/www.collanzo.com\/WP_blog\/index.php?rest_route=\/wp\/v2\/users\/3"}],"replies":[{"embeddable":true,"href":"https:\/\/www.collanzo.com\/WP_blog\/index.php?rest_route=%2Fwp%2Fv2%2Fcomments&post=363"}],"version-history":[{"count":4,"href":"https:\/\/www.collanzo.com\/WP_blog\/index.php?rest_route=\/wp\/v2\/posts\/363\/revisions"}],"predecessor-version":[{"id":372,"href":"https:\/\/www.collanzo.com\/WP_blog\/index.php?rest_route=\/wp\/v2\/posts\/363\/revisions\/372"}],"wp:attachment":[{"href":"https:\/\/www.collanzo.com\/WP_blog\/index.php?rest_route=%2Fwp%2Fv2%2Fmedia&parent=363"}],"wp:term":[{"taxonomy":"category","embeddable":true,"href":"https:\/\/www.collanzo.com\/WP_blog\/index.php?rest_route=%2Fwp%2Fv2%2Fcategories&post=363"},{"taxonomy":"post_tag","embeddable":true,"href":"https:\/\/www.collanzo.com\/WP_blog\/index.php?rest_route=%2Fwp%2Fv2%2Ftags&post=363"}],"curies":[{"name":"wp","href":"https:\/\/api.w.org\/{rel}","templated":true}]}}