{"id":286,"date":"2012-06-29T09:33:43","date_gmt":"2012-06-29T08:33:43","guid":{"rendered":"http:\/\/www.collanzo.com\/WP_blog\/?p=286"},"modified":"2012-06-29T09:39:50","modified_gmt":"2012-06-29T08:39:50","slug":"articulo-de-oscar-el-medico","status":"publish","type":"post","link":"https:\/\/www.collanzo.com\/WP_blog\/?p=286","title":{"rendered":"ARTICULO  DE OSCAR  EL MEDICO"},"content":{"rendered":"<p>ALLER. MI QUERIDO ALLER<\/p>\n<p>Digo donde dijo D. Valent\u00edn de Lillo y Hevia, sabio y santo p\u00e1rroco de Vega:<br \/>\nPerplejo me ver\u00eda en verdad si hubiese de se\u00f1alar uno por uno los siempre bellos paisajes de Aller, y luego ir puntualizando, discerniendo aquellos, que puedan superar en belleza a los dem\u00e1s, puesto que este valle es sin duda de los m\u00e1s pintorescos del Principado.<br \/>\nEs un valle que lo estrujan sus arboladas monta\u00f1as con riscos calc\u00e1reos que ara\u00f1an el cielo.<!--more--><br \/>\nEs un valle lleno de contrastes, tiene cavernas naturales, y cuevas que esforzados mineros hicieron que extraer el carb\u00f3n.<br \/>\nEs un valle con sendas que se estiran y encogen hacia las lomas, hacia las bra\u00f1as mientras dejan atr\u00e1s los planos inclinados.<br \/>\nEs un valle en el que son como novios inseparables la carretera y el r\u00edo, que serpentean en el fondo del mismo, pero llevando como celestina el ferrocarril sin dejarles ni a sol ni a sombra.<br \/>\nEs un valle en el que nacieron pueblos, aqu\u00ed uno, otro all\u00e1, habitados todos por hombres y mujeres y tambi\u00e9n por ni\u00f1os y ni\u00f1as llenos de esperanza, esa esperanza verde como sus \u00e1rboles y sus prados en primavera.<br \/>\n\u00bfPor qu\u00e9 digo esperanza?<br \/>\nLo digo y lo quiero decir, que yo y todos los alleranos que queremos a nuestro concejo, esperamos, m\u00e1s a\u00fan, so\u00f1amos, con buenas carreteras, con espacios industriales no contaminantes. So\u00f1amos que los j\u00f3venes alleranos tenga su trabajo y su hogar en el concejo. So\u00f1amos en sumar no en restar.<br \/>\nY de este sue\u00f1o, al despertar puedo decir y digo, que es posible, solamente tenemos que aunar voluntades, ideas, ilusiones, s\u00ed , sin ilusiones eres hombre muerto.<br \/>\nAller tuvo su prehistoria, historia prerromana y romana, su \u00e9poca medieval, la premoderna y la moderna, pero hoy es hoy y los dem\u00e1s es pasado por lo tanto tenemos que poner la proa hacia el futuro con mano firme en el tim\u00f3n.<br \/>\n\u00bfC\u00f3mo buscaremos en el futuro incierto, el puerto que deseamos?<br \/>\nSolamente ser\u00e1 posible si se juntan los alleranos, uno junto a otros para dialogar y que cada uno exponga sus ideas que posiblemente algunos piensen que son simples pero puede ser la soluci\u00f3n.<br \/>\nQue los alleranos se olviden de los colores con los que los partidos hipnotizan.<br \/>\nQue quiera que sus vecinos y a trabajar todos para todos.<br \/>\nCon estos sue\u00f1os me dorm\u00ed anoche y cuando despert\u00e9 lo v\u00ed como posible.<br \/>\nPero&#8230;..<br \/>\n\u00bfPODR\u00c1 SER REALIDAD?\u00a1\u00a1<\/p>\n<p>OSCAR BUELGA<\/p>\n","protected":false},"excerpt":{"rendered":"<p>ALLER. MI QUERIDO ALLER Digo donde dijo D. Valent\u00edn de Lillo y Hevia, sabio y santo p\u00e1rroco de Vega: Perplejo me ver\u00eda en verdad si hubiese de se\u00f1alar uno por uno los siempre bellos paisajes de Aller, y luego ir puntualizando, discerniendo aquellos, que puedan superar en belleza a los dem\u00e1s, puesto que este valle [&hellip;]<\/p>\n","protected":false},"author":3,"featured_media":0,"comment_status":"open","ping_status":"open","sticky":false,"template":"","format":"standard","meta":{"footnotes":"","_links_to":"","_links_to_target":""},"categories":[1],"tags":[],"class_list":["post-286","post","type-post","status-publish","format-standard","hentry","category-sin-categoria"],"_links":{"self":[{"href":"https:\/\/www.collanzo.com\/WP_blog\/index.php?rest_route=\/wp\/v2\/posts\/286","targetHints":{"allow":["GET"]}}],"collection":[{"href":"https:\/\/www.collanzo.com\/WP_blog\/index.php?rest_route=\/wp\/v2\/posts"}],"about":[{"href":"https:\/\/www.collanzo.com\/WP_blog\/index.php?rest_route=\/wp\/v2\/types\/post"}],"author":[{"embeddable":true,"href":"https:\/\/www.collanzo.com\/WP_blog\/index.php?rest_route=\/wp\/v2\/users\/3"}],"replies":[{"embeddable":true,"href":"https:\/\/www.collanzo.com\/WP_blog\/index.php?rest_route=%2Fwp%2Fv2%2Fcomments&post=286"}],"version-history":[{"count":3,"href":"https:\/\/www.collanzo.com\/WP_blog\/index.php?rest_route=\/wp\/v2\/posts\/286\/revisions"}],"predecessor-version":[{"id":298,"href":"https:\/\/www.collanzo.com\/WP_blog\/index.php?rest_route=\/wp\/v2\/posts\/286\/revisions\/298"}],"wp:attachment":[{"href":"https:\/\/www.collanzo.com\/WP_blog\/index.php?rest_route=%2Fwp%2Fv2%2Fmedia&parent=286"}],"wp:term":[{"taxonomy":"category","embeddable":true,"href":"https:\/\/www.collanzo.com\/WP_blog\/index.php?rest_route=%2Fwp%2Fv2%2Fcategories&post=286"},{"taxonomy":"post_tag","embeddable":true,"href":"https:\/\/www.collanzo.com\/WP_blog\/index.php?rest_route=%2Fwp%2Fv2%2Ftags&post=286"}],"curies":[{"name":"wp","href":"https:\/\/api.w.org\/{rel}","templated":true}]}}