{"id":272,"date":"2012-04-27T17:27:55","date_gmt":"2012-04-27T16:27:55","guid":{"rendered":"http:\/\/www.collanzo.com\/WP_blog\/?p=272"},"modified":"2012-04-27T17:28:47","modified_gmt":"2012-04-27T16:28:47","slug":"recuerdos-de-antiguos-vecinos-del-pueblu-por-alfredo-del-pozo-abril-2012","status":"publish","type":"post","link":"https:\/\/www.collanzo.com\/WP_blog\/?p=272","title":{"rendered":"RECUERDOS  DE ANTIGUOS VECINOS  DEL PUEBLU -por  Alfredo del Pozo -abril 2012"},"content":{"rendered":"<p>ALFREDO DEL POZO Y ALGUNOS BREVES RECUERDOS DE ANTIGUOS VECINOS<br \/>\nABRIL 2012<\/p>\n<p>A lo relatado sobre las personas mencionadas en el escrito del 2003, se me ocurre que podr\u00edamos agregar, lo narrado seguidamente.<\/p>\n<p>Quiz\u00e1 mis neuronas comiencen a deteriorarse, raz\u00f3n por la que desconozco o se me olvidan muchos detalles.<\/p>\n<p>Juan Mationes sino me equivoco un detalle en que entraba en casa de Nazarena diciendo: \u201cEchame un curtiu \u201d y que alguien le susurraba: \u00bfqui\u00e9s la encorrumpin\u00e9u?\u201d<br \/>\nLa respuesta era: !Qu\u00e9 saber!<!--more--><!--more--><\/p>\n<p>Emilio Zapatero, s\u00f3lo puedo decir que era de Felechosa, y el arreglo de zapatos lo hac\u00eda en un local al lado de casa Colasin y de casa Olvido frente al edificio de Corsino donde hoy est\u00e1 el \u201cMAXI-PRIX\u201d<\/p>\n<p>Pepe Lobo, sol\u00edan llamarle Pepe el vinatero que ten\u00eda su almac\u00e9n en el bajo del edificio colateral de la casa D. Luis y frente a la Panera, Se puede asegurar que al mediod\u00eda se formaban tertulias en tanto se inger\u00edan campanos de vino de calidad excelente, entre los contertulios no faltaban Dionisio Baiz\u00e1n, Pepe el de Lena, Juan Antonio el Ferreru, etc.<\/p>\n<p>Pepe Zapatero, si no me equivoco este se\u00f1or era oriundo de Galicia y su primer taller de zapater\u00eda fue instalado en la Barraca en el local de la casa donde resid\u00eda Josefa la de Alfredo con sus hijos Anita, Valent\u00edn, Tino y Cuca (tambi\u00e9n llamado Fred\u00edn Rana por su afici\u00f3n al buceo de truchas)<br \/>\nAll\u00ed tambi\u00e9n hab\u00eda tertulias y recuerdo que se comentaba mucho sobre la II Guerra Mundial, siendo uno de los protagonistas, el mejor pescador de truchas a mano, Santiago Hevia.<br \/>\nDespu\u00e9s Pepe se traslad\u00f3 a la casa de Ignacio Huerta, frente al Urogallo y pen\u00faltimo del Pueblo de Casa Prieto frente al parado con nogales de Miguel\u00edn de Santiba\u00f1ez. En la Barraca creo coincidi\u00f3 con Faustino el Carpintero, Lourdes la Madre\u00f1era (madre de Araceli, profesora fallecida recientemente) y de Coloma, residente en Madrid. Tambi\u00e9n resid\u00edan frente a la zapater\u00eda Edelmira y Alejo &#8211; Padres de Juan\u00edn (misionero asesinado en Guatemala), Pepin y Arcadio, quienes junto con Lorenzo el carpintero, Cucu, Araceli, Coloma, y alguno m\u00e1s tambi\u00e9n formaban tertulias \u201ccaleciendo\u201d en un fuego encendido con la le\u00f1a cedida por el hijo de Faustino.<\/p>\n<p>Santiago, hijo de Domingo, monaguillo de Don Pablo, p\u00e1rroco de Santiba\u00f1ez, se puede agregar a lo referido el detalle de la respuesta que dio cuando lleg\u00f3 a Collanzo procedente del hospital Silicosis- Oviedo al preguntarle por su estado de salud, respondi\u00f3 as\u00ed: \u201c Pas\u00e9les gordes porque fixiorenme una \u201czagay\u00e1\u201d tan grande y dolor\u00eda que casi me muero de dolores\u201d. Parece ser se tratabase de una biopsia en el h\u00edgado.<br \/>\nSobre el 1940-41 se administraban primeras comuniones y a las que se presentaban, entre otros, Guillerm\u00edn de Pacita y Alfredo del Pozo, preparados por la catequista Carmina la de Prieto. Pues bien, Santiago aconsej\u00f3 a estos dos ni\u00f1os que antes de confesar \u201cechasen cagamentos\u201d lo cual se habr\u00eda aceptado y llevado a cabo, si antes \u00e9l mismo no hubiera dicho que desistieran, Ese d\u00eda los citados comulgantes fueron agasajados con \u201ccasta\u00f1es mayuques\u201d por Panchita, residente en las proximidades de la iglesia, al lado de casa Paco Alegre, el sastre.<\/p>\n<p>Jos\u00e9 Antonio Montes, hijo de Genaro, vecino de Cu\u00e9rigo, al lado de la Casona en la que prestaba servicios.<br \/>\nPosteriormente se trasladaron a Collanzo fijando su residencia en casa Javiela, situada en la plaza, casa en la que anteriormente vivi\u00f3 la familia del taxista Castelo, su esposa Maruchi Zapico e hijos. A Jos\u00e9 Antonio se le ve\u00eda diariamente con Josef\u00edn el de llamas, ventados ambos en un banco sito sobre la acera e la casa donde Pepe Lobo ten\u00eda la almac\u00e9n de vinos, ambos re\u00edan mucho cuando se les narraba un chiste.<\/p>\n<p>Vicente Valdevenero hijo de Angel\u00f3n y hermano de Jos\u00e9, y el famoso Jes\u00fas Valdevenero el de la dentadura aur\u00edfera . Esto es lo que a\u00f1adiremos a lo ya escrito. Esta familia ha sufrido lo indecible, ya que Jes\u00fas era lo que entonces se nominaba \u201cun fugau del monte\u201d o sea, un maquis, del que se van escuchando historias espeluznantes, como la referente a la finca \u201cCabacheros\u201d situada m\u00e1s arriba de Cuevas.<br \/>\nSe trata de un prado con un establo y una caba\u00f1a en la que \u201cguarec\u00eda el fugau\u201d quien seg\u00fan se rumoreaba, fue rodeado por soldados espa\u00f1oles y \u201cmoros\u201d, los cuales le invitan a que se rinda y entregue lo que acepta saliendo bruscamente de la caba\u00f1a con un Viva Espa\u00f1a, y evadirse ante el estupor e impotencia de los militares.<br \/>\nTambi\u00e9n se cuenta que huy\u00f3 hacia Pe\u00f1amea donde, al parecer, ocurri\u00f3 otra gran odisea.<br \/>\nPosteriormente fue abatido en un monte pr\u00f3ximo a la Pola del Pino. Quien relata esto, siendo un infante, ha tenido la oportunidad de pernoctar en aquella caba\u00f1a al ser cedida la finca por la familia de Vicente para segar, esparcer y amontonar la hierba.<br \/>\nVicente pas\u00f3 sus \u00faltimos a\u00f1os en Collanzo con su cu\u00f1ada Josefa (viuda). Ha sido un sufridor, m\u00e1rtir por los castigos impuestos ha que fue sometido. Es lo que siempre se ha o\u00eddo.<br \/>\nValdevenero est\u00e1 a 2 Km de Collanzo aproximadamente, cerca de Entrepe\u00f1as. Es un rinc\u00f3n hermoso a la orilla de la carretera, caser\u00eda de la parroquia de Santiba\u00f1ez de la Fuente, h\u00f3rreo incluido, establos, fincas.<br \/>\nSeg\u00fan se expresa en el Diccionario Geogr\u00e1fico de Asturias- La Nueva Espa\u00f1a, hubo una malater\u00eda que ya se cita en 1.289 en el testamento de Pedro D\u00edaz de Nava y en documentos posteriores.<br \/>\nEn 1.782 fue arrendada a particulares por 1.148 reales y por cuatro a\u00f1os. Su capilla se destruy\u00f3 al paso de la carretera general hacia 1.880.<br \/>\nHoy es propiedad del vecino de Collanzo Santos Miranda Megido quien la ha trasformado en una hermosisima residencia rural que merece la pena ser visitada.<\/p>\n<p>CASA LA SIDRA, llamada as\u00ed por la dedicaci\u00f3n que esta gran familia tuvo hacia la elaboraci\u00f3n de sabrosa sidra en el lagar donde se \u201cmayaban\u201d las manzanas y cuya antigua estructura se conserva actualmente.<br \/>\nLos miembros de esta familia eran Victoria, el marido, sus hijos Isabel, Fulgencio, Fernando, Anita, Eloy, Victorina, Carlinos y Ant\u00f3n.<br \/>\nDispon\u00edan en los cuarenta de una amplia pista de baile y en el bajo del edificio un local con despacho de bebidas en el que adem\u00e1s actuaban artista, ventr\u00edlocuos al estilo televisivo de Jos\u00e9 Luis Moreno. Familia muy laboriosa y trabajadora, pues no s\u00f3lo era el trabajo desarrollado en el lagar y pista de baile, sino tambi\u00e9n la intensa dedicaci\u00f3n a la agricultura y ganader\u00eda, tanto en Collanzo como en Cu\u00e9rigo. Adem\u00e1s de estas actividades gestionaron una panader\u00eda que hoy sigue funcionando, primero por Carlinos hijo de Victorina y la colaboraci\u00f3n de su esposa e hijos. Hoy est\u00e1n a su cargo los hijos de Ant\u00f3n.<br \/>\nUna familia que fue obligada a abandonar su domicilio de casa Felicidad, albergarse en la \u201ccochera\u201d de al lado, usada despu\u00e9s como almac\u00e9n por Jes\u00fas el ferretero, familia que fue acogida y albergada en la Casa la Sidra, y que la formaban padre, madre y cuatro hijos. Era un d\u00eda en plena guerra llamado \u201cd\u00eda de la desbandada\u201d, osea, la fuga desde San Isidro y lim\u00edtrofes por parte de los derrotados con uniformes de color \u201csalm\u00f3n rosso\u201d perseguidos por los vencedores uniformados con el color del \u201ctibur\u00f3n blau\u201d. Uno de ellos, se supone que se trataba de los vencidos, entra violentamente en la Casa la Sidra, rodeado de munici\u00f3n, pregunta nervioso por Alfredo el del cami\u00f3n que se hallaba arriba, durmiendo en una habitaci\u00f3n cuya ventana daba ala parte de atr\u00e1s pr\u00f3xima a la cuadra. Sigue hoy en la misma posici\u00f3n, aunque modificada.<br \/>\nSus palabras fueron m\u00e1s o menos estas: \u201cque venga inmediatamente, pues tiene que llevarme en su coche para estrellarnos en Gij\u00f3n\u201d. Ante la respuesta dadas por la familia Casa la Sidra, pregunta por la esposa e hijos que previamente hab\u00edan sido escondidos sin que \u00e9l lo viese, se contaba despu\u00e9s que el m\u00e1s peque\u00f1o fue cubierto y tapado con su ropa por Isabel \u00bfAlguien adivina qui\u00e9n era \u201cesti guajucu\u201d?. El padre advertido, salta por la ventana, huye hacia Santiba\u00f1ez siendo recibido por \u201cMar\u00eda Benino\u201d que lo ocult\u00f3 en el pajar en compa\u00f1\u00eda de D. Pablo, el cura p\u00e1rroco.<br \/>\nD\u00edas m\u00e1s tarde fue recogida toda la familia, atendida expendida y cari\u00f1osamente por los Mar\u00eda Benino.<br \/>\nNota- El cami\u00f3n y el \u201cchebrolet\u201d coche con los que trabajaba Alfredo fueron \u201crequisados\u201d- los veh\u00edculos estaban dentro de un local propiedad de D. Luis frente al almac\u00e9n de vino Heliodoro.<br \/>\nEl fugitivo parece ser se suicid\u00f3 cerca de Pi\u00f1eres \u00bfMotivos por los que se hac\u00edan estos \u201crequisos\u201d, represalias y persecuciones?<br \/>\nEn algunos casos como \u00e9ste no era por ideolog\u00edas, m\u00e1s bien cabe sospechar que ser\u00eda por ignorancia, locura e incluso porque no permitir\u00edan que una familia viviese c\u00f3modamente en tiempos anteriores a la contienda, aunque haya sido con trabajo, sudor y sacrificio de familias enteras.<br \/>\nSomos humanos, cometemos errores, pero con el perd\u00f3n todo se olvida, la vida sigue su camino normal, aunque se echen de menos unos y otros que ya no est\u00e1n aqu\u00ed.<\/p>\n<p>!A\u00fapa la Casa La Sidra!<\/p>\n<p>!A\u00fapa la familia Mar\u00eda Benino!<\/p>\n<p>!A\u00fapa todos los vecinos, sin excepci\u00f3n, de Santiba\u00f1ez, La Fuente, Collazo, Cu\u00e9rigo!<\/p>\n<p>Y un recuerdo para todos los que ya no est\u00e1n con nosotros.<\/p>\n<p>Farmacia Collanzo, creo que la primera titular de esta farmacia fue Do\u00f1a Mar\u00eda, instalada en la casa edificada frente a la panader\u00eda de Arturo, limitando por una parte con el camino del cuartel, la posterior con la pista Casa la Sidra y la otra adherida a la ampl\u00edsima finca de Luciano Miranda, en la que hab\u00eda una bolera protagonista de interesantes campeonatos, aunque algunos participantes hab\u00edamos de abandonar este deporte porque siempre derrib\u00e1bamos el primer bolo de la fila a cuyo lado se situaba el \u201cboliche\u201d, lo cual significaba la eliminaci\u00f3n inmediata.<br \/>\nEl edificio de la farmacia ha sido derribado y sustituido por el actual, propiedad de Jes\u00fas el de Encarnacion,hermano de Pepe, Julia, Marcelino, Mar\u00eda&#8230; El marido de Do\u00f1a Mar\u00eda se llamaba Antonio y sus hijos Charo, To\u00f1ito ( misionero en Iberoam\u00e9r\u00edca) Guiller, Jos\u00e9 Luis . De Collanzo se fueron a Caba\u00f1aquinta y de aqu\u00ed al Brasil.<br \/>\nTo\u00f1ito y Guiller iban a jugar al patio de la casa de enfrente, edificio en el que tambi\u00e9n estaba la panader\u00eda de Arturo y en el que viv\u00eda Josefa la de Alfredo, adosado tambi\u00e9n a la casa de Nazarena y hoy desaparecido.<br \/>\nUn d\u00eda el tren del vasco atropella un caballo que pastaba a la orilla del carril muy cerca del t\u00fanel de Entrepe\u00f1as. Sus canes son provechadas por Josefa, quien elaboro uno embutidos que son colgados y ahumados en el desv\u00e1n de su casa. To\u00f1ito y Guiller visitan a menudo este domicilio donde practican juegos infantiles con el \u00faltimo \u201cguaje o g\u00fcerria \u201d de Josefa, Fed\u00edn o Cucu, el cual los lleva al desv\u00e1n a jugar; m\u00e1s he aqu\u00ed que un d\u00eda a Cucu se le ocurre ofrecer alg\u00fan chorizo tan saboreado por aquellos que no se perd\u00edan un d\u00eda sin ir al desv\u00e1n. Entonces Fred\u00edn les hace esta propuesta: \u201cSi quer\u00e9is chorizos ten\u00e9is que traerme monedas y otros alimentos que import\u00e1is de las fincas que pose\u00e9is en Extremadura, sobretodo el aceite de buena calidad que escaseaba y no era posible adquirir por su carest\u00eda\u201d. Ha habido suerte, pues tra\u00edan alguna moneda de \u201cduro\u201d (no interesaban las perrona, la perrina, el rial, ni la peseta) y otras cosas que Cucu aceptaba muy gustosamente hasta que se hartaron del chorizo y se acab\u00f3 el negocio. Su madre Do\u00f1a Mar\u00eda lleg\u00f3 a enterarse, poco lo calific\u00f3 de suceso gracioso protagonizado por ni\u00f1os dela post-guerra, especialmente por el interesado y aprovechado \u201cg\u00fcerria\u201d de Josefa en el a\u00f1o de la \u201cfame\u201d y de \u201cles casta\u00f1es mayuques acorralaes\u201d por sus due\u00f1os y muy dif\u00edciles de atrapar.<br \/>\nSobre el a\u00f1o 1979 o 1980, cuando el negociante infantil de la carne equina estaba destinado en el Alto-Aller, se presentaron Guiller y sus padre desplazados desde el rasil, los cuales pasearon en compa\u00f1\u00eda de Fred\u00edn hasta Llamas y ya no se han vuelto a ver jamas.<\/p>\n<p>El segundo farmaceutico era de Caborana, un hijo suyo de nombre Pipo fue salvado por Valent\u00edn del poxo en el poxo la Barraca cuando se estaba ahogando. Este suceso tubo lugar un 29 de junio mientras la juventud festejaba el dia de San Pedro en la Macarana de Llanos y entorno.<\/p>\n<p>El siguiente titular de esta hist\u00f3rica farmacia fue Jos\u00e9 Antonio de la Casona -Cu\u00e9rigo, colaborando como auxiliar Ren\u00e9 Baiz\u00e1n.<br \/>\nHoy es Luciano Antu\u00f1a el farmac\u00e9utico que desarrolla su actividad en un local al lado del Restaurante Ton\u00edn.<\/p>\n<p>Nota: La primera farmacia Do\u00f1a Maria Moreno, su esposo D. Antonio Mateos y los hijos eran oriundos de Trujillo-C\u00e1ceres.<\/p>\n<p>Don Santiag\u00f3n, hay alg\u00fan dato mas en uno de los antiguos folios , tales como el detalle de cuando le remiti desde Mah\u00f3n una tarjeta con el castillo donde estuvo recluido junto con un amigo de Santander.<br \/>\nO tambi\u00e9n el gracioso contenido de una tarjeta que me envi\u00f3 desde Nueva York en las que figura la Estatua de la Libertad, tarjeta que a\u00fan conservo. En ella escribe haciendo alusi\u00f3n a Toni el del \u201cferreteru\u201d al que le dice que est\u00e1 como un porro, una cabra, por haber confundido el color de la estatua.<br \/>\nDe Valdevenero-Vicente, ah\u00ed se menciona la palabra \u201cmoro\u201d que hoy parece ser un insulto a los musulmanes, pero entonces as\u00ed se les llamaba y a los espa\u00f1oles con gorro color rojizo se les dec\u00eda \u201clos regulares\u201d. Estos moros o mauritanos vest\u00edan unos pantalones color \u201ccaqui\u201d enfaldados, o sea con una \u201cculera\u201d que casi les llegaba al suelo.<\/p>\n<p>Sobre los \u201cpanaderos\u201d del Corral\u00f3n-Cu\u00e9rigo se rumoreaban mucho referente a esta familia, que al parecer tuvo una vida muy complicada, al tener que padecer las carencias de la guerra. Unos dec\u00edan que un miembro de esta familia hab\u00eda sido acribillado a \u201cbalazos\u201d en la presa que desembocaba en el pozo la Barraca y que transcurr\u00eda por la residencia, casa Leo, casa Avelino el practicante, etc.<br \/>\nOtros dec\u00edan que hab\u00eda sido abatido en un monte cercano a Cu\u00e9rigo.<\/p>\n<p>EP\u00cdLOGO<\/p>\n<p>firma<br \/>\nYO<\/p>\n<p>PETRAS ALBAS 4-2-2012<\/p>\n<p>Este YO es un individuo nacido en Collanzo-Aller, piso alto de la casa Felicidad de Manuel el carretero, padres de Manol\u00edn, Jos\u00e9 \u201cel mudu\u201d, Candelas, Clarita, Savelita, Virtudes, Maruja y Celia, piso en el que vivi\u00f3 muchos a\u00f1os despu\u00e9s Rita la de Adelaida y Angel\u00edn el de Segunda.<br \/>\nEste YO, orgulloso de ser \u201calto-allerano\u201d, aunque de baja estatura, hoy precisamente cumple 985 meses y 20 d\u00edas, o sea 29.950 \u201cd\u00edas\u201d (dejemos los, y los\u201d) nacido el : (0x1)+(3&#215;10)+(9&#215;100)+(1&#215;1000)<br \/>\nPosiblemente a este octogenario, al que es logico, se le deterioren las hormonas, le digan sin \u00e1nimo de ofensa:\u201dOye est\u00e1s como una cabra Hisp\u00e1nica\u201d, sin embargo este Yo prefiere este calificativo, mejor admitido que el eescuchado alguna vez: \u201cOye est\u00e1s como un Caprum visigothum-vandalicum\u201d.<\/p>\n<p>Yo como autor de estas l\u00edneas me defino como:<br \/>\n\u201c El Hippopotomonstrosesquippedali\u00f3folo\u201d= el que tiene fobia a las palabras largas- Fredo- Teofrasto Bombast Von Hoberheir el Nigrom\u00e1ntico<\/p>\n<p>Nada tiene que ver con Francisco Abilio Hermenegildo T\u00f3dulo Franco Bahamonde, nacido en Ferrol, bautizado y registrado con estos nombres y fallecido el 20-XI-1975- Algunos le llamaban Claudio en lugar de Claudillo.<\/p>\n","protected":false},"excerpt":{"rendered":"<p>ALFREDO DEL POZO Y ALGUNOS BREVES RECUERDOS DE ANTIGUOS VECINOS ABRIL 2012 A lo relatado sobre las personas mencionadas en el escrito del 2003, se me ocurre que podr\u00edamos agregar, lo narrado seguidamente. Quiz\u00e1 mis neuronas comiencen a deteriorarse, raz\u00f3n por la que desconozco o se me olvidan muchos detalles. Juan Mationes sino me equivoco [&hellip;]<\/p>\n","protected":false},"author":3,"featured_media":0,"comment_status":"open","ping_status":"open","sticky":false,"template":"","format":"standard","meta":{"footnotes":"","_links_to":"","_links_to_target":""},"categories":[6,1],"tags":[],"class_list":["post-272","post","type-post","status-publish","format-standard","hentry","category-historia","category-sin-categoria"],"_links":{"self":[{"href":"https:\/\/www.collanzo.com\/WP_blog\/index.php?rest_route=\/wp\/v2\/posts\/272","targetHints":{"allow":["GET"]}}],"collection":[{"href":"https:\/\/www.collanzo.com\/WP_blog\/index.php?rest_route=\/wp\/v2\/posts"}],"about":[{"href":"https:\/\/www.collanzo.com\/WP_blog\/index.php?rest_route=\/wp\/v2\/types\/post"}],"author":[{"embeddable":true,"href":"https:\/\/www.collanzo.com\/WP_blog\/index.php?rest_route=\/wp\/v2\/users\/3"}],"replies":[{"embeddable":true,"href":"https:\/\/www.collanzo.com\/WP_blog\/index.php?rest_route=%2Fwp%2Fv2%2Fcomments&post=272"}],"version-history":[{"count":2,"href":"https:\/\/www.collanzo.com\/WP_blog\/index.php?rest_route=\/wp\/v2\/posts\/272\/revisions"}],"predecessor-version":[{"id":276,"href":"https:\/\/www.collanzo.com\/WP_blog\/index.php?rest_route=\/wp\/v2\/posts\/272\/revisions\/276"}],"wp:attachment":[{"href":"https:\/\/www.collanzo.com\/WP_blog\/index.php?rest_route=%2Fwp%2Fv2%2Fmedia&parent=272"}],"wp:term":[{"taxonomy":"category","embeddable":true,"href":"https:\/\/www.collanzo.com\/WP_blog\/index.php?rest_route=%2Fwp%2Fv2%2Fcategories&post=272"},{"taxonomy":"post_tag","embeddable":true,"href":"https:\/\/www.collanzo.com\/WP_blog\/index.php?rest_route=%2Fwp%2Fv2%2Ftags&post=272"}],"curies":[{"name":"wp","href":"https:\/\/api.w.org\/{rel}","templated":true}]}}