{"id":261,"date":"2012-04-20T20:38:47","date_gmt":"2012-04-20T19:38:47","guid":{"rendered":"http:\/\/www.collanzo.com\/WP_blog\/?p=261"},"modified":"2012-04-20T20:49:15","modified_gmt":"2012-04-20T19:49:15","slug":"fiesta-de-la-fuente-domingo-15-de-abril-de-2012","status":"publish","type":"post","link":"https:\/\/www.collanzo.com\/WP_blog\/?p=261","title":{"rendered":"FIESTA  DE LA FUENTE &#8211; DOMINGO 15 DE ABRIL DE 2012"},"content":{"rendered":"<p><a href=\"http:\/\/www.collanzo.com\/WP_blog\/wp-content\/uploads\/2012\/04\/IMG_5704.jpg\"><img loading=\"lazy\" decoding=\"async\" class=\"alignleft size-medium wp-image-262\" title=\"IMG_5704\" src=\"http:\/\/www.collanzo.com\/WP_blog\/wp-content\/uploads\/2012\/04\/IMG_5704-300x225.jpg\" alt=\"\" width=\"180\" height=\"135\" srcset=\"https:\/\/www.collanzo.com\/WP_blog\/wp-content\/uploads\/2012\/04\/IMG_5704-300x225.jpg 300w, https:\/\/www.collanzo.com\/WP_blog\/wp-content\/uploads\/2012\/04\/IMG_5704.jpg 800w\" sizes=\"auto, (max-width: 180px) 100vw, 180px\" \/><\/a>El pasado domingo se ha celebrado la fiesta de la capilla de La Fuente, con un d\u00eda muy lluvioso, lo cual pudo restar la asistencia de muchos vecinos, sin embargo los actos programados se celebraron como estaba previsto.<\/p>\n<p>Recordamos que esta fiesta se ha recuperado hace dos a\u00f1os tras las obras de rehabilitaci\u00f3n de esta peque\u00f1a capilla, sita a la entrada al pueblo.<!--more--><\/p>\n<p>Estas obras fueron ejecutadas por los vecinos y la AA VV San Blas y podemos sentirnos muy orgullosos de este trabajo comunitario.<\/p>\n<p>El a\u00f1o pasado se hizo coincidir con la inauguraci\u00f3n del parque infantil, el cual este a\u00f1o se ha visto mejorado con dos juegos m\u00e1s.<\/p>\n<p>La fiesta religiosa tuvo su remate con la procesi\u00f3n y Puya del Ramu, que fue puyado por Toni de Justa \u2013Pesudo- con unas puyas en torno a los 40-50 \u20ac<\/p>\n<p>Posteriormente se confraternizo el acto con un pincheo en el solohorreo de Justa.<\/p>\n<p>Puedes ver mas fotos en el Blog de fotos <a href=\"http:\/\/www.collanzo.com\/WP_Fotos\/?p=1274\">aqu\u00ed&#8230;<\/a><\/p>\n","protected":false},"excerpt":{"rendered":"<p>El pasado domingo se ha celebrado la fiesta de la capilla de La Fuente, con un d\u00eda muy lluvioso, lo cual pudo restar la asistencia de muchos vecinos, sin embargo los actos programados se celebraron como estaba previsto. Recordamos que esta fiesta se ha recuperado hace dos a\u00f1os tras las obras de rehabilitaci\u00f3n de esta [&hellip;]<\/p>\n","protected":false},"author":1,"featured_media":0,"comment_status":"open","ping_status":"open","sticky":false,"template":"","format":"standard","meta":{"footnotes":"","_links_to":"","_links_to_target":""},"categories":[12],"tags":[],"class_list":["post-261","post","type-post","status-publish","format-standard","hentry","category-fiestas"],"_links":{"self":[{"href":"https:\/\/www.collanzo.com\/WP_blog\/index.php?rest_route=\/wp\/v2\/posts\/261","targetHints":{"allow":["GET"]}}],"collection":[{"href":"https:\/\/www.collanzo.com\/WP_blog\/index.php?rest_route=\/wp\/v2\/posts"}],"about":[{"href":"https:\/\/www.collanzo.com\/WP_blog\/index.php?rest_route=\/wp\/v2\/types\/post"}],"author":[{"embeddable":true,"href":"https:\/\/www.collanzo.com\/WP_blog\/index.php?rest_route=\/wp\/v2\/users\/1"}],"replies":[{"embeddable":true,"href":"https:\/\/www.collanzo.com\/WP_blog\/index.php?rest_route=%2Fwp%2Fv2%2Fcomments&post=261"}],"version-history":[{"count":3,"href":"https:\/\/www.collanzo.com\/WP_blog\/index.php?rest_route=\/wp\/v2\/posts\/261\/revisions"}],"predecessor-version":[{"id":264,"href":"https:\/\/www.collanzo.com\/WP_blog\/index.php?rest_route=\/wp\/v2\/posts\/261\/revisions\/264"}],"wp:attachment":[{"href":"https:\/\/www.collanzo.com\/WP_blog\/index.php?rest_route=%2Fwp%2Fv2%2Fmedia&parent=261"}],"wp:term":[{"taxonomy":"category","embeddable":true,"href":"https:\/\/www.collanzo.com\/WP_blog\/index.php?rest_route=%2Fwp%2Fv2%2Fcategories&post=261"},{"taxonomy":"post_tag","embeddable":true,"href":"https:\/\/www.collanzo.com\/WP_blog\/index.php?rest_route=%2Fwp%2Fv2%2Ftags&post=261"}],"curies":[{"name":"wp","href":"https:\/\/api.w.org\/{rel}","templated":true}]}}