{"id":247,"date":"2012-04-05T10:31:01","date_gmt":"2012-04-05T09:31:01","guid":{"rendered":"http:\/\/www.collanzo.com\/WP_blog\/?p=247"},"modified":"2012-04-06T19:20:35","modified_gmt":"2012-04-06T18:20:35","slug":"recuerdos-de-les-conchones","status":"publish","type":"post","link":"https:\/\/www.collanzo.com\/WP_blog\/?p=247","title":{"rendered":"RECUERDOS DE LES CONCHONES"},"content":{"rendered":"<p><a href=\"http:\/\/www.collanzo.com\/WP_blog\/wp-content\/uploads\/2012\/04\/conchonas300c.jpg\"><img loading=\"lazy\" decoding=\"async\" class=\"alignright size-medium wp-image-255\" title=\"conchonas300c\" src=\"http:\/\/www.collanzo.com\/WP_blog\/wp-content\/uploads\/2012\/04\/conchonas300c-216x300.jpg\" alt=\"\" width=\"130\" height=\"180\" srcset=\"https:\/\/www.collanzo.com\/WP_blog\/wp-content\/uploads\/2012\/04\/conchonas300c-216x300.jpg 216w, https:\/\/www.collanzo.com\/WP_blog\/wp-content\/uploads\/2012\/04\/conchonas300c.jpg 578w\" sizes=\"auto, (max-width: 130px) 100vw, 130px\" \/><\/a>Al hilo de estos recuerdos que conservamos cada d\u00eda en menor medida,\u00a0me he permitido rescatar algunas cosas que Pozo nos hab\u00eda pasado hace a\u00f1os, junto al comentario que aporto Yolanda hace unos d\u00edas:<\/p>\n<p>Fueron unas personas muy especiales, dif\u00edciles de describir, con las que pocas personas se relacionaban.<br \/>\n<!--more--><br \/>\nPersonalmente guardo un recuerdo muy similar al que Yolanda nos aporta en su comentario y como complemento a esto os comento que Juan Manuel fue un excelente trabajador de la fragua y como detalle recuerdo que mi padre( Baltasar ) nos dec\u00eda que Juan Manuel ten\u00eda unas manos incre\u00edbles para hacer cosas muy dif\u00edciles , como fue aquel colgante con un cierre que nadie era capaz de abrir o cerrar .No creo que mi padre exagerase dado el \u00e9nfasis que pon\u00eda cuando lo explicaba , mas cuando \u00e9l tambi\u00e9n trabajo en la fragua .<br \/>\nJuan Manuel muri\u00f3 carbonizado en abril de 1954, en una cuadra de la zona de la Teyera de Cuerigo.<br \/>\nComo dato anecd\u00f3tico se dec\u00eda que las Conchonas solo sol\u00edan pasear de noche.<\/p>\n<p>Recuerdos de Yolanda:<br \/>\nY les Conchones, qu\u00e9 me dec\u00eds de les conchones, aquella casa llena de holl\u00edn, tan negra y tan unt\u00e1 como elles, aquel olor a fumo, algunos nos col\u00e1bamos a echar pitos con elles, no todo el mundo era tan afortunado. Sal\u00edamos llenes de pulgues y piojos, mi madre no me dejaba ir por que llegaba a casa tan negra como la casa, pero era igual yo volv\u00eda y volv\u00eda, a veces les espi\u00e1bamos y les provoc\u00e1bamos, tir\u00e1bamos piedras y sal\u00edan amenazando, uys!!: que mieo y que correr\u2026.Nieves y Ramonina que como era sordo muda y hacia esos gestos y esos ruidos, m\u00e1s miedo nos daba<br \/>\nYolanda<\/p>\n<p>Las Conchonas (por Alfredo Pozo)<\/p>\n<p>Curios\u00edsima progenie, debido a sus rarezas, hermetismo e incomunicaci\u00f3n, m\u00e1s familia muy respetable de todos modos, pues a nadie molestaban. Hogar inexpugnable. Jam\u00e1s nos fue posible conversar en el interior m\u00e1s ignoto del entorno. Una angosta abertura al exterior junto a la escalera era el \u00fanico medio de comunicaci\u00f3n con el vecindario, a trav\u00e9s de la cual se pod\u00eda vislumbrar la cabeza de la persona. Al intento de coger higos de su higuera, escuch\u00e1bamos rega\u00f1inas que Nieves profer\u00eda provocando nuestra precipitada herida. Los miembros de la familia eran:<br \/>\nDolores, Nieves, La Muda (\u00bfRamona?) y Juan Manuel, o sea, Las Conchonas, que a diario me despertaban al pisar sobre la calzada con sus madre\u00f1as de clavos, al un\u00edsono, atravesando la Barraca en fila india, refunfu\u00f1ando y sobresaliendo la voz imperante de Nieves, direcci\u00f3n Vegalloba para \u201capa\u00f1ar\u201d casta\u00f1as durante un trimestre por lo menos, hasta que criaban \u201cgua\u00f1o\u201d, o v\u00eda Cu\u00e9rigo hacia sus fincas y caba\u00f1a en donde habitualmente pernoctaba Juan Manuel y en la que al parecer halaron el cad\u00e1ver, un d\u00eda de invierno. De su constante quehacer diurno y nocturno se deduce que no conciliaban el sue\u00f1o ni usaban las camas.<br \/>\nEl regreso, tambi\u00e9n entrada la noche, marcando el paso sin variaci\u00f3n en la fila de a uno cerrada siempre por la muda. Nieves era la portadora oficial de la familia y su voz era m\u00e1s potente; Dolores quiz\u00e1 fuese la administradora; la Muda y Juan Manuel desempe\u00f1ar\u00edan funciones de subalternos.<br \/>\nManifiesto esto con cierto sentido del humor, pero con el m\u00e1ximo respeto (con) hacia estas personas. Entre nosotros exist\u00eda buena relaci\u00f3n de amistad y a veces habl\u00e1bamos buen rato, sobre todo cuando la interlocutora era Nieves.<\/p>\n","protected":false},"excerpt":{"rendered":"<p>Al hilo de estos recuerdos que conservamos cada d\u00eda en menor medida,\u00a0me he permitido rescatar algunas cosas que Pozo nos hab\u00eda pasado hace a\u00f1os, junto al comentario que aporto Yolanda hace unos d\u00edas: Fueron unas personas muy especiales, dif\u00edciles de describir, con las que pocas personas se relacionaban.<\/p>\n","protected":false},"author":3,"featured_media":0,"comment_status":"open","ping_status":"open","sticky":false,"template":"","format":"standard","meta":{"footnotes":"","_links_to":"","_links_to_target":""},"categories":[10,6],"tags":[],"class_list":["post-247","post","type-post","status-publish","format-standard","hentry","category-general-2","category-historia"],"_links":{"self":[{"href":"https:\/\/www.collanzo.com\/WP_blog\/index.php?rest_route=\/wp\/v2\/posts\/247","targetHints":{"allow":["GET"]}}],"collection":[{"href":"https:\/\/www.collanzo.com\/WP_blog\/index.php?rest_route=\/wp\/v2\/posts"}],"about":[{"href":"https:\/\/www.collanzo.com\/WP_blog\/index.php?rest_route=\/wp\/v2\/types\/post"}],"author":[{"embeddable":true,"href":"https:\/\/www.collanzo.com\/WP_blog\/index.php?rest_route=\/wp\/v2\/users\/3"}],"replies":[{"embeddable":true,"href":"https:\/\/www.collanzo.com\/WP_blog\/index.php?rest_route=%2Fwp%2Fv2%2Fcomments&post=247"}],"version-history":[{"count":7,"href":"https:\/\/www.collanzo.com\/WP_blog\/index.php?rest_route=\/wp\/v2\/posts\/247\/revisions"}],"predecessor-version":[{"id":260,"href":"https:\/\/www.collanzo.com\/WP_blog\/index.php?rest_route=\/wp\/v2\/posts\/247\/revisions\/260"}],"wp:attachment":[{"href":"https:\/\/www.collanzo.com\/WP_blog\/index.php?rest_route=%2Fwp%2Fv2%2Fmedia&parent=247"}],"wp:term":[{"taxonomy":"category","embeddable":true,"href":"https:\/\/www.collanzo.com\/WP_blog\/index.php?rest_route=%2Fwp%2Fv2%2Fcategories&post=247"},{"taxonomy":"post_tag","embeddable":true,"href":"https:\/\/www.collanzo.com\/WP_blog\/index.php?rest_route=%2Fwp%2Fv2%2Ftags&post=247"}],"curies":[{"name":"wp","href":"https:\/\/api.w.org\/{rel}","templated":true}]}}