{"id":190,"date":"2012-03-18T13:21:32","date_gmt":"2012-03-18T12:21:32","guid":{"rendered":"http:\/\/www.collanzo.com\/WP_blog\/?p=190"},"modified":"2012-03-18T13:49:23","modified_gmt":"2012-03-18T12:49:23","slug":"fiesta-del-santo-angel-4marzo2012","status":"publish","type":"post","link":"https:\/\/www.collanzo.com\/WP_blog\/?p=190","title":{"rendered":"Fiesta del Santo \u00c1ngel &#8211; 4\/marzo\/2012"},"content":{"rendered":"<p><span style=\"font-size: small;\">Este pasado domingo siguiendo la costumbre tan arraigada se celebr\u00f3 nuestra fiesta del pueblo en<a href=\"http:\/\/www.collanzo.com\/WP_blog\/wp-content\/uploads\/2012\/03\/313311.jpg\"><img loading=\"lazy\" decoding=\"async\" class=\"alignright size-medium wp-image-191\" title=\"313311\" src=\"http:\/\/www.collanzo.com\/WP_blog\/wp-content\/uploads\/2012\/03\/313311-300x199.jpg\" alt=\"\" width=\"300\" height=\"199\" srcset=\"https:\/\/www.collanzo.com\/WP_blog\/wp-content\/uploads\/2012\/03\/313311-300x199.jpg 300w, https:\/\/www.collanzo.com\/WP_blog\/wp-content\/uploads\/2012\/03\/313311.jpg 800w\" sizes=\"auto, (max-width: 300px) 100vw, 300px\" \/><\/a> torno la capilla de Santo \u00c1ngel.<\/span><\/p>\n<p><span style=\"font-size: small;\">Una vez m\u00e1s la AA VV San Blas\u00a0\u00a0bajo \u201cla\u00a0\u00a0batuta\u201c de\u00a0\u00a0Valiente y Luis organiz\u00f3 unos actos muy sencillos pero sin embargo muy guapos, entra\u00f1ables para todos los que nos acompa\u00f1asteis este d\u00eda.<\/span><\/p>\n<p><span style=\"font-size: small;\">Resaltar que una vez m\u00e1s Toni\u00a0\u00a0(Pesudo ) de la Fuente\u00a0\u00a0dinamiz\u00f3\u00a0\u00a0la Puya\u00a0\u00a0con una\u00a0\u00a0salsa\u00a0\u00a0y gracia que muy pocos pueblos pueden presumir.<\/span><\/p>\n<p>Titi<\/p>\n<p><span><span style=\"font-size: x-small;\">\u00a0<span style=\"line-height: 19px;\">Pod\u00e9is<\/span>\u00a0ver mas fotos en el blog de fotos:\u00a0<a href=\"http:\/\/www.collanzo.com\/WP_Fotos\/?p=1229\">http:\/\/www.collanzo.com\/WP_Fotos\/?p=1229<\/a><\/span><\/span><\/p>\n","protected":false},"excerpt":{"rendered":"<p>Este pasado domingo siguiendo la costumbre tan arraigada se celebr\u00f3 nuestra fiesta del pueblo en torno la capilla de Santo \u00c1ngel. Una vez m\u00e1s la AA VV San Blas\u00a0\u00a0bajo \u201cla\u00a0\u00a0batuta\u201c de\u00a0\u00a0Valiente y Luis organiz\u00f3 unos actos muy sencillos pero sin embargo muy guapos, entra\u00f1ables para todos los que nos acompa\u00f1asteis este d\u00eda. Resaltar que una [&hellip;]<\/p>\n","protected":false},"author":1,"featured_media":0,"comment_status":"open","ping_status":"open","sticky":false,"template":"","format":"standard","meta":{"footnotes":"","_links_to":"","_links_to_target":""},"categories":[1],"tags":[],"class_list":["post-190","post","type-post","status-publish","format-standard","hentry","category-sin-categoria"],"_links":{"self":[{"href":"https:\/\/www.collanzo.com\/WP_blog\/index.php?rest_route=\/wp\/v2\/posts\/190","targetHints":{"allow":["GET"]}}],"collection":[{"href":"https:\/\/www.collanzo.com\/WP_blog\/index.php?rest_route=\/wp\/v2\/posts"}],"about":[{"href":"https:\/\/www.collanzo.com\/WP_blog\/index.php?rest_route=\/wp\/v2\/types\/post"}],"author":[{"embeddable":true,"href":"https:\/\/www.collanzo.com\/WP_blog\/index.php?rest_route=\/wp\/v2\/users\/1"}],"replies":[{"embeddable":true,"href":"https:\/\/www.collanzo.com\/WP_blog\/index.php?rest_route=%2Fwp%2Fv2%2Fcomments&post=190"}],"version-history":[{"count":9,"href":"https:\/\/www.collanzo.com\/WP_blog\/index.php?rest_route=\/wp\/v2\/posts\/190\/revisions"}],"predecessor-version":[{"id":203,"href":"https:\/\/www.collanzo.com\/WP_blog\/index.php?rest_route=\/wp\/v2\/posts\/190\/revisions\/203"}],"wp:attachment":[{"href":"https:\/\/www.collanzo.com\/WP_blog\/index.php?rest_route=%2Fwp%2Fv2%2Fmedia&parent=190"}],"wp:term":[{"taxonomy":"category","embeddable":true,"href":"https:\/\/www.collanzo.com\/WP_blog\/index.php?rest_route=%2Fwp%2Fv2%2Fcategories&post=190"},{"taxonomy":"post_tag","embeddable":true,"href":"https:\/\/www.collanzo.com\/WP_blog\/index.php?rest_route=%2Fwp%2Fv2%2Ftags&post=190"}],"curies":[{"name":"wp","href":"https:\/\/api.w.org\/{rel}","templated":true}]}}