{"id":1584,"date":"2020-02-02T21:48:36","date_gmt":"2020-02-02T20:48:36","guid":{"rendered":"https:\/\/www.collanzo.com\/WP_blog\/?p=1584"},"modified":"2020-02-02T21:48:37","modified_gmt":"2020-02-02T20:48:37","slug":"fallecimiento-del-medico-oscar-buelga","status":"publish","type":"post","link":"https:\/\/www.collanzo.com\/WP_blog\/?p=1584","title":{"rendered":"FALLECIMIENTO DEL MEDICO OSCAR BUELGA"},"content":{"rendered":"\n<p><strong>emotiva despedida a \u00d3scar Buelga, \u00abun m\u00e9dico profesional y\nemp\u00e1tico\u00bb<\/strong><\/p>\n\n\n\n<p><strong>Una multitud abarrota\nSan Isidoro en el funeral por el especialista del Centro de Rehabilitaci\u00f3n<\/strong><\/p>\n\n\n\n<p><\/p>\n\n\n\n<p>,.\u00a0<strong>F. RODR\u00cdGUE<\/strong><a href=\"https:\/\/www.lne.es\/servicios\/multimedia\/imagenes.jsp?pRef=2020012900_31_2590744__Oviedo-Emotiva-despedida-Oscar-Buelga-medico-profesional-empatico\">Fotos de la noticia<\/a><\/p>\n\n\n\n<p>La\niglesia de San Isidoro se qued\u00f3 ayer peque\u00f1a durante el funeral por el m\u00e9dico\nPedro \u00d3scar Buelga, fallecido el lunes a los 85 a\u00f1os. Decenas de personas,\nentre familia, colegas de profesi\u00f3n y amigos, abarrotaron el templo minutos\nantes de que empezase la ceremonia a las cinco de la tarde. La esposa de\nBuelga, Marina D\u00edaz Fern\u00e1ndez-Casta\u00f1\u00f3n, y sus hijos, Covadonga, Pedro y Arturo,\nrecibieron el apoyo de, entre otros, el presidente del&nbsp;<a href=\"https:\/\/www.lne.es\/tags\/educastur.html\"><strong>Colegio<\/strong><\/a>&nbsp;de M\u00e9dicos de Asturias, Alejandro Bra\u00f1a, o el\nm\u00e9dico \u00c1ngel Garc\u00eda Prieto, adem\u00e1s de una reconfortante homil\u00eda del p\u00e1rroco\nJos\u00e9 Luis Alonso Tu\u00f1\u00f3n.<\/p>\n\n\n\n<p>\u00abBuelga\nfue un hombre que sirvi\u00f3 a la comunidad y que pose\u00eda una doble vertiente, era\nprofesional y emp\u00e1tico. Unas caracter\u00edsticas cada vez m\u00e1s demandadas por la\nsociedad y necesarias en la&nbsp;<a href=\"https:\/\/www.lne.es\/tags\/sespa.html\"><strong>Medicina<\/strong><\/a>&nbsp;actual.\nMe consta, porque todo el mundo me lo ha dicho, que sab\u00eda ponerse al mismo\nnivel del que sufre para poder entender mejor por lo que ese paciente estaba\npasando\u00bb. El sacerdote abog\u00f3 por una \u00abhumanizaci\u00f3n\u00bb de todas las\nprofesiones, tal y como hizo Buelga a lo largo de su carrera.<\/p>\n\n\n\n<p>La\nceremonia, marcada por la calidez y la cercan\u00eda, estuvo cont\u00f3 con el\nacompa\u00f1amiento de un coro que interpret\u00f3 piezas como \u00abIn Monte\nOlivetti\u00bb, de Jos\u00e9 Ignacio Prieto, y obras de Mozart y Bach.<\/p>\n\n\n\n<p>Buelga\ntrabaj\u00f3 en la Residencia Nuestra Se\u00f1ora de Covadonga, fundamentalmente en el\nCentro de Rehabilitaci\u00f3n, donde form\u00f3 un equipo con las doctoras Mar\u00eda Jes\u00fas\nMart\u00ednez Noval y Pilar Pav\u00f3n Osuna, creando la unidad de tratamiento de la\nEscoliosis. Adem\u00e1s, en las elecciones municipales de 1999 encabez\u00f3 la lista de\nUCDS al&nbsp;<a href=\"https:\/\/www.lne.es\/tags\/ayuntamiento-de-oviedo.html\"><strong>Ayuntamiento de Oviedo<\/strong><\/a>&nbsp;con\nla propuesta de \u00abhumanizar\u00bb una ciudad a la que amaba, aunque otra de\nsus pasiones era abandonar la ciudad para pescar en r\u00edos asturianos.<\/p>\n\n\n\n<p>Otro\nde sus amigos y colegas, el m\u00e9dico jubilado y presidente de la Sociedad\nFilarm\u00f3nica de Oviedo, escribi\u00f3 en este peri\u00f3dico una cari\u00f1osa rese\u00f1a sobre\nBuelga, al que calific\u00f3 de ilustre, ejemplar, bondadoso e inteligente: \u00abLa\nvida de Pedro \u00d3scar queda como un s\u00edmbolo, modelo por su modestia, cortes\u00eda,\ngenerosidad, fuerza de costumbres, exquisitez de maneras, amor a los estudios.\nOdiaba la mentira; admit\u00eda el error, detestaba lo falso. Persona de grandes convicciones,\ninteligente e \u00edntegro\u00bb.<\/p>\n","protected":false},"excerpt":{"rendered":"<p>emotiva despedida a \u00d3scar Buelga, \u00abun m\u00e9dico profesional y emp\u00e1tico\u00bb Una multitud abarrota San Isidoro en el funeral por el especialista del Centro de Rehabilitaci\u00f3n ,.\u00a0F. RODR\u00cdGUEFotos de la noticia La iglesia de San Isidoro se qued\u00f3 ayer peque\u00f1a durante el funeral por el m\u00e9dico Pedro \u00d3scar Buelga, fallecido el lunes a los 85 a\u00f1os. [&hellip;]<\/p>\n","protected":false},"author":3,"featured_media":0,"comment_status":"open","ping_status":"closed","sticky":false,"template":"","format":"standard","meta":{"footnotes":"","_links_to":"","_links_to_target":""},"categories":[1],"tags":[],"class_list":["post-1584","post","type-post","status-publish","format-standard","hentry","category-sin-categoria"],"_links":{"self":[{"href":"https:\/\/www.collanzo.com\/WP_blog\/index.php?rest_route=\/wp\/v2\/posts\/1584","targetHints":{"allow":["GET"]}}],"collection":[{"href":"https:\/\/www.collanzo.com\/WP_blog\/index.php?rest_route=\/wp\/v2\/posts"}],"about":[{"href":"https:\/\/www.collanzo.com\/WP_blog\/index.php?rest_route=\/wp\/v2\/types\/post"}],"author":[{"embeddable":true,"href":"https:\/\/www.collanzo.com\/WP_blog\/index.php?rest_route=\/wp\/v2\/users\/3"}],"replies":[{"embeddable":true,"href":"https:\/\/www.collanzo.com\/WP_blog\/index.php?rest_route=%2Fwp%2Fv2%2Fcomments&post=1584"}],"version-history":[{"count":1,"href":"https:\/\/www.collanzo.com\/WP_blog\/index.php?rest_route=\/wp\/v2\/posts\/1584\/revisions"}],"predecessor-version":[{"id":1585,"href":"https:\/\/www.collanzo.com\/WP_blog\/index.php?rest_route=\/wp\/v2\/posts\/1584\/revisions\/1585"}],"wp:attachment":[{"href":"https:\/\/www.collanzo.com\/WP_blog\/index.php?rest_route=%2Fwp%2Fv2%2Fmedia&parent=1584"}],"wp:term":[{"taxonomy":"category","embeddable":true,"href":"https:\/\/www.collanzo.com\/WP_blog\/index.php?rest_route=%2Fwp%2Fv2%2Fcategories&post=1584"},{"taxonomy":"post_tag","embeddable":true,"href":"https:\/\/www.collanzo.com\/WP_blog\/index.php?rest_route=%2Fwp%2Fv2%2Ftags&post=1584"}],"curies":[{"name":"wp","href":"https:\/\/api.w.org\/{rel}","templated":true}]}}