{"id":1105,"date":"2016-09-06T02:12:49","date_gmt":"2016-09-06T01:12:49","guid":{"rendered":"http:\/\/www.collanzo.com\/WP_blog\/?p=1105"},"modified":"2016-09-07T13:36:44","modified_gmt":"2016-09-07T12:36:44","slug":"boletin-septiembre-2016","status":"publish","type":"post","link":"https:\/\/www.collanzo.com\/WP_blog\/?p=1105","title":{"rendered":"BOLET\u00cdN  SEPTIEMBRE 2016"},"content":{"rendered":"<p><strong>ASOCIACI\u00d3N VECINAL\u00a0 DE SAN BLAS-COLLANZO<\/strong><\/p>\n<p><strong>Collanzo 1 de septiembre\u00a0 de 2016<\/strong><\/p>\n<p><strong>\u00a0<\/strong><strong>Estimados vecinos\u00a0\u00a0 <\/strong>: con motivo de las pr\u00f3ximas fiestas del pueblo\u00a0 queremos hacer llegar algunas<strong>\u00a0\u00a0 <\/strong>informaciones , relacionadas algunas de ellas con las mismas.<\/p>\n<ol>\n<li><strong>PRESENTACION DEL LIBRO DE COLLANZO<\/strong> : se ha previsto presentar este libro\u00a0 escrito por D.Guillermo Lorenzo , el viernes\u00a0 \u00a016 sobre las 9,00 de la noche en la carpa de la fiesta\u00a0 .Hemos previsto venderlo\u00a0\u00a0 tanto en el bar de la fiesta como en algunos establecimientos\u00a0 colaboradores (sin ning\u00fan beneficio para dichos establecimientos ) a un precio de 15 euros.<\/li>\n<li><strong>PREMIOS DE SAN BLAS . <\/strong>hemos retomado la organizaci\u00f3n de\u00a0 estos\u00a0 premios\u00a0 que llevan casi 20 a\u00f1os de\u00a0 historia y los cuales por conflictos absurdos y rid\u00edculos\u00a0 con motivo de la fiesta de San Blas , \u00a0se paralizaron .Decimos que\u00a0\u00a0 retomamos\u00a0 esta costumbre\u00a0 de anteriores directivas vecinales y hemos decidido hacer este acto el viernes\u00a0\u00a0 sobre las 9,30\u00a0 de la tarde en la carpa de la fiesta .Los ganadores se\u00a0 conocer\u00e1n ese d\u00eda.<\/li>\n<li><strong>CENA POPULAR DE LOS VECINOS DEL PUEBLO<\/strong>\u00a0 :el a\u00f1o pasado organizamos\u00a0 por vez primera esta cena\u00a0 de\u00a0 las familias del pueblo , con la asistencia de\u00a0 \u00a0unos 60 vecinos\u00a0 aproximadamente y desear\u00edamos este a\u00f1o\u00a0 superar mucho\u00a0 este n\u00famero y poder ver\u00a0 a casi todas las familias\u00a0 cenando en la carpa\u00a0\u00a0 de la fiesta y compartiendo\u00a0 unos momentos en hermandad .Cada familia deber\u00e1 llevar su propia comida (tortilla, embutidos , empanadas ,etc).La bebida se puede encargar al bar de los chavales\/as\u00a0 (organizadores de las fiestas ) lo cual les\u00a0 servir\u00e1 de ayuda .La organizaci\u00f3n pondr\u00e1 mesas y sillas para todas las familias .Os animamos\u00a0\u00a0 a participar\u00a0\u00a0 intentando convertir ese viernes en la fiesta m\u00e1s propia de los vecinos del pueblu .<\/li>\n<li><strong>ACTOS DEL VIERNES 16 DE SEPTIEMBRE <\/strong>: entrega galardones de San Blas ,+ Presentaci\u00f3n del libro + Preg\u00f3n\u00a0 + cena \u2026\u2026<\/li>\n<li><strong>GASTOS DE LA ASOCIACI\u00d3N VECINAL <\/strong>:en los pr\u00f3ximas semanas\u00a0 presentaremos\u00a0 la relaci\u00f3n de los gastos\u00a0\u00a0 de la asociaci\u00f3n , la cual ante la\u00a0 poca o nula\u00a0 disponibilidad el Ayuntamiento en reparar\u00a0 los diversos equipamientos del pueblo\u00a0 ha tenido que afrontar numerosos\u00a0\u00a0 gastos , en especial en el \u00e1rea recreativa o deportiva ,\u00a0 gastos que han superado los 4.000 euros .Hemos pedido \u00a0ayuda econ\u00f3mica \u00a0al Ayuntamiento , tal como nos lo solicitaron algunos grupos pol\u00edticos\u00a0 , pero no hemos obtenido ni\u00a0 contestaci\u00f3n al respecto .Algunos dir\u00e1n que ese gasto\u00a0 no\u00a0 deber\u00eda de haberse ejecutado , pero vemos como\u00a0\u00a0 los equipamientos se van deteriorando a pasos agigantados\u00a0 y habiendo comunicado dichos desperfectos a los responsables municipales , estos nos ignoran por completo y\u00a0 l\u00f3gicamente\u00a0\u00a0 aumenta el deterioro de las instalaciones.<\/li>\n<li><strong>CAMPA\u00d1A DE CAPTACI\u00d3N DE SOCIOS<\/strong> : la asociaci\u00f3n vecinal no tiene m\u00e1s ingresos econ\u00f3micos\u00a0\u00a0 que las\u00a0 aportaciones de las cuotas de socios (adem\u00e1s de la venta de loter\u00eda de Navidad ) y con ello nos\u00a0 financiamos\u00a0 los \u00a0gastos de todas las obras\u00a0 de mejoras o de nuevos equipamientos. Necesitamos\u00a0 muchos \u00a0\u00a0m\u00e1s socios\u00a0 , ya que\u00a0 en la actualidad no llegamos\u00a0 a los cuarenta socios , en un pueblo que pasa de los 200 vecinos .Sentimos envidia de otros pueblos\u00a0 que siendo muchos menos\u00a0\u00a0 alcanzan un n\u00famero muy alto de socios .\u00a0\u00a0\u00a0\u00a0\u00a0 Os pedimos\u00a0 ese apoyo al pueblo <strong>HACIENDO LA APORTACION DE LA CUOTA DE SOCIO \u00a0\u00a0\u00a0\u00a0\u00a0(20 \u20ac)-en\u00a0 octubre se publicar\u00e1 la relaci\u00f3n de socios .SE PODRAN ENTREGAR\u00a0 LAS APORTACIONES\u00a0 EN VARIOS LUGARES\u00a0 (ver hoja de esta campa\u00f1a expuesta por el pueblo )<\/strong><\/li>\n<li><strong>Local social de la AA VV SAN BLAS <\/strong>ante las dificultades\u00a0\u00a0 de \u00a0uso de los locales de les Escueles y su poca\u00a0 cercan\u00eda , un vecino\u00a0 nos ha dejado de modo gratuito un local para ser usado como oficina de la directiva<strong> . MUCHAS GRACIAS .<\/strong><\/li>\n<li><strong>EXCURSIONES ORGANIZADAS\u00a0\u00a0 <\/strong>tras el intento de hacer unas excursiones\u00a0\u00a0 desde la asociaci\u00f3n y dirigidas a los vecinos del pueblo desgraciadamente no hemos logrado alcanzar un n\u00famero m\u00ednimo que financiase el gasto. Volveremos a intentarlo.<\/li>\n<\/ol>\n<p>Dando\u00a0 las gracias a todos los que nos apoy\u00e1is y colabor\u00e1is en esta voluntad y deseo de trabajar por mejorar el pueblo, y confiando que entre todos\u00a0 podamos lograrlo, os saludamos\u00a0 afectuosamente<\/p>\n<p><strong>AA VV\u00a0 SAN BLAS \u2013COLLANZO<\/strong><\/p>\n","protected":false},"excerpt":{"rendered":"<p>ASOCIACI\u00d3N VECINAL\u00a0 DE SAN BLAS-COLLANZO Collanzo 1 de septiembre\u00a0 de 2016 \u00a0Estimados vecinos\u00a0\u00a0 : con motivo de las pr\u00f3ximas fiestas del pueblo\u00a0 queremos hacer llegar algunas\u00a0\u00a0 informaciones , relacionadas algunas de ellas con las mismas. PRESENTACION DEL LIBRO DE COLLANZO : se ha previsto presentar este libro\u00a0 escrito por D.Guillermo Lorenzo , el viernes\u00a0 \u00a016 [&hellip;]<\/p>\n","protected":false},"author":3,"featured_media":0,"comment_status":"open","ping_status":"open","sticky":false,"template":"","format":"standard","meta":{"footnotes":"","_links_to":"","_links_to_target":""},"categories":[1],"tags":[],"class_list":["post-1105","post","type-post","status-publish","format-standard","hentry","category-sin-categoria"],"_links":{"self":[{"href":"https:\/\/www.collanzo.com\/WP_blog\/index.php?rest_route=\/wp\/v2\/posts\/1105","targetHints":{"allow":["GET"]}}],"collection":[{"href":"https:\/\/www.collanzo.com\/WP_blog\/index.php?rest_route=\/wp\/v2\/posts"}],"about":[{"href":"https:\/\/www.collanzo.com\/WP_blog\/index.php?rest_route=\/wp\/v2\/types\/post"}],"author":[{"embeddable":true,"href":"https:\/\/www.collanzo.com\/WP_blog\/index.php?rest_route=\/wp\/v2\/users\/3"}],"replies":[{"embeddable":true,"href":"https:\/\/www.collanzo.com\/WP_blog\/index.php?rest_route=%2Fwp%2Fv2%2Fcomments&post=1105"}],"version-history":[{"count":3,"href":"https:\/\/www.collanzo.com\/WP_blog\/index.php?rest_route=\/wp\/v2\/posts\/1105\/revisions"}],"predecessor-version":[{"id":1108,"href":"https:\/\/www.collanzo.com\/WP_blog\/index.php?rest_route=\/wp\/v2\/posts\/1105\/revisions\/1108"}],"wp:attachment":[{"href":"https:\/\/www.collanzo.com\/WP_blog\/index.php?rest_route=%2Fwp%2Fv2%2Fmedia&parent=1105"}],"wp:term":[{"taxonomy":"category","embeddable":true,"href":"https:\/\/www.collanzo.com\/WP_blog\/index.php?rest_route=%2Fwp%2Fv2%2Fcategories&post=1105"},{"taxonomy":"post_tag","embeddable":true,"href":"https:\/\/www.collanzo.com\/WP_blog\/index.php?rest_route=%2Fwp%2Fv2%2Ftags&post=1105"}],"curies":[{"name":"wp","href":"https:\/\/api.w.org\/{rel}","templated":true}]}}