{"id":1086,"date":"2016-06-15T21:25:38","date_gmt":"2016-06-15T20:25:38","guid":{"rendered":"http:\/\/www.collanzo.com\/WP_blog\/?p=1086"},"modified":"2016-06-15T21:26:19","modified_gmt":"2016-06-15T20:26:19","slug":"nota-informativa-de-la-aa-vv-san-blas-sobre-los-cambios-de-la-zona-del-prau-de-la-iglesia","status":"publish","type":"post","link":"https:\/\/www.collanzo.com\/WP_blog\/?p=1086","title":{"rendered":"NOTA INFORMATIVA DE LA AA VV SAN BLAS SOBRE LOS CAMBIOS DE LA ZONA DEL PRAU DE LA IGLESIA"},"content":{"rendered":"<p><strong>NOTA INFORMATIVA DE LA AA VV SAN BLAS SOBRE LOS CAMBIOS DE LA ZONA DEL PRAU DE LA IGLESIA<\/strong><!--more--><\/p>\n<p><strong>\u00a0\u00a0\u00a0\u00a0\u00a0\u00a0\u00a0\u00a0\u00a0\u00a0\u00a0\u00a0\u00a0\u00a0\u00a0\u00a0\u00a0\u00a0\u00a0\u00a0\u00a0\u00a0\u00a0\u00a0\u00a0\u00a0\u00a0\u00a0\u00a0\u00a0\u00a0\u00a0 Mediante esta nota p\u00fablica y de modo breve exponemos \u00a0\u00a0unas\u00a0 l\u00edneas para explicar algunos aspectos\u00a0 de peque\u00f1as obras\u00a0 de ese entorno y que siendo m\u00ednimas y c sin importancia han adquirido\u00a0 cierta crispaci\u00f3n entre algunos \/as<\/strong><\/p>\n<p><strong>\u00a0\u00a0\u00a0\u00a0\u00a0\u00a0\u00a0\u00a0\u00a0\u00a0\u00a0\u00a0\u00a0\u00a0\u00a0\u00a0\u00a0\u00a0\u00a0\u00a0\u00a0\u00a0\u00a0\u00a0\u00a0 \u00a0\u00a0\u00a0\u00a0\u00a0Desde hace a\u00f1os tenemos una boca mina\u00a0\u00a0 en el p\u00f3rtico de la iglesia de Collanzo .Se vio adecuado\u00a0\u00a0 sacarla al\u00a0 borde de la finca anexa , tambi\u00e9n \u201c propiedad \u201cde la iglesia .<\/strong><!--more--><\/p>\n<p><strong>\u00a0\u00a0\u00a0\u00a0\u00a0\u00a0\u00a0\u00a0\u00a0\u00a0\u00a0\u00a0\u00a0\u00a0\u00a0\u00a0\u00a0\u00a0\u00a0\u00a0\u00a0\u00a0\u00a0\u00a0\u00a0\u00a0\u00a0\u00a0\u00a0\u00a0\u00a0\u00a0\u00a0\u00a0\u00a0\u00a0 Hicimos\u00a0 la obra del traslado\u00a0 y cuando quedaba\u00a0 sin hacer el trabajo complementario : \u00a0\u00a0revestirla, colocar una vagoneta ,\u00a0 meter \u00a0luz,\u00a0 y otros\u00a0 complementos ..recibimos \u00a0ordenes de retirarla inmediatamente (no fue el p\u00e1rroco quien dio esa orden) sin posibilidad de esperar a terminar todo el conjunto y ver si quedaba mal\u00a0 o todo lo contrario .<\/strong><\/p>\n<p><strong>\u00a0\u00a0\u00a0\u00a0\u00a0\u00a0\u00a0\u00a0\u00a0\u00a0\u00a0\u00a0\u00a0\u00a0\u00a0\u00a0\u00a0\u00a0\u00a0 Hicimos\u00a0 el cambio o traslado\u00a0 de la boca\u00a0 de mina gracias a la colaboraci\u00f3n altruista de unos vecinos del pueblo y de otro pueblo y\u00a0 se ha colocado en el area recreativa.<\/strong><\/p>\n<p><strong>\u00a0\u00a0\u00a0\u00a0\u00a0\u00a0\u00a0\u00a0\u00a0\u00a0\u00a0\u00a0\u00a0\u00a0\u00a0\u00a0\u00a0\u00a0\u00a0\u00a0 Por otro lado\u00a0 cre\u00edmos adecuado para mejorar\u00a0 el entorno de la iglesia colocar una placa\u00a0 en recuerdo a los vecinos\u00a0 que\u00a0 trabajaron por mejorar el pueblo .Colocamos una piedra labrada\u00a0 \u00a0\u00a0en donde estuvo\u00a0 la cabina de tel\u00e9fono y posteriormente el contenedor de ropa,( terrenos delante de la iglesia ) .Nos parec\u00eda un lugar ideal .Cometimos el fallo de no comunicarlo al p\u00e1rroco \u00a0y \u00a0asumimos de modo inmediato dicho\u00a0 error .<\/strong><\/p>\n<p><strong>\u00a0\u00a0\u00a0\u00a0\u00a0\u00a0\u00a0\u00a0\u00a0\u00a0\u00a0\u00a0\u00a0\u00a0\u00a0\u00a0\u00a0\u00a0\u00a0\u00a0\u00a0\u00a0\u00a0\u00a0\u00a0\u00a0 No han pasado dos d\u00edas\u00a0 de esa colocaci\u00f3n y hemos recibido\u00a0\u00a0 un ruego\u00a0 desde el arzobispado para que se retire inmediatamente esa piedra de ah\u00ed .Deseamos insistir que\u00a0 si bien nosotros\u00a0 de modo involuntario no\u00a0 lo comunicamos al cura ,\u00a0 dicha persona no es\u00a0 quien da la orden\u00a0 de retirarla , sino de instancias superiores , quiz\u00e1s\u00a0 fruto de alg\u00fan\u00a0 vecino\/a\u00a0 que fue a quejarse\u00a0 a dicha instituci\u00f3n .<\/strong><\/p>\n<p><strong>\u00a0\u00a0\u00a0\u00a0\u00a0\u00a0\u00a0\u00a0\u00a0\u00a0\u00a0\u00a0\u00a0\u00a0\u00a0\u00a0\u00a0\u00a0\u00a0\u00a0\u00a0\u00a0\u00a0\u00a0\u00a0\u00a0\u00a0 No vamos\u00a0 a entrar en pol\u00e9micas, ya que\u00a0 no merece la pena. Se retirara inmediatamente y todos tan\u00a0 tranquilos.<\/strong><\/p>\n<p><strong>\u00a0\u00a0\u00a0\u00a0\u00a0\u00a0\u00a0\u00a0\u00a0\u00a0\u00a0\u00a0\u00a0\u00a0\u00a0\u00a0\u00a0\u00a0\u00a0\u00a0\u00a0\u00a0\u00a0\u00a0\u00a0\u00a0\u00a0\u00a0\u00a0\u00a0\u00a0 Respecto\u00a0 al contenedor de ropa\u00a0 que tambi\u00e9n dio\u00a0 lugar a pol\u00e9mica decir que la AA VV\u00a0 no tiene nada\u00a0 de relaci\u00f3n\u00a0 con dicho servicio ni fue quien mando quitarlo\u00a0\u00a0 de la zona delante de la iglesia \u00a0y \u00a0colocarlo en el prau\u00a0 anexo. <\/strong><\/p>\n<p><strong>\u00a0\u00a0\u00a0\u00a0\u00a0\u00a0\u00a0\u00a0\u00a0\u00a0\u00a0\u00a0\u00a0\u00a0\u00a0\u00a0\u00a0\u00a0\u00a0\u00a0\u00a0\u00a0 Ante tantas adversidades, tantas\u00a0 zancadillas \u00a0desde\u00a0 algunos\u00a0 vecinos \u00a0y reconociendo alg\u00fan error nuestro\u00a0 , lamentamos\u00a0 estas adversidades , que nos generan cierto desanimo y confiamos\u00a0 poder continuar\u00a0 trabajando\u00a0 a favor del colectivo\u00a0 vecinal .Desear\u00edamos\u00a0 que esos esfuerzos\u00a0 que hacen algunos\u00a0 por\u00a0 obstaculizar esta tarea\u00a0\u00a0 altruista de la directiva vecinal pudieran\u00a0 canalizarla\u00a0 hacia labores\u00a0\u00a0\u00a0 mas\u00a0 sociales y publicas .<\/strong><\/p>\n<p><strong>Muchas\u00a0\u00a0 gracias <\/strong><\/p>\n<p><strong>AA VV SAN BLAS<\/strong><\/p>\n<p><strong>\u00a0 <\/strong><\/p>\n","protected":false},"excerpt":{"rendered":"<p>NOTA INFORMATIVA DE LA AA VV SAN BLAS SOBRE LOS CAMBIOS DE LA ZONA DEL PRAU DE LA IGLESIA<\/p>\n","protected":false},"author":3,"featured_media":0,"comment_status":"open","ping_status":"open","sticky":false,"template":"","format":"standard","meta":{"footnotes":"","_links_to":"","_links_to_target":""},"categories":[1],"tags":[],"class_list":["post-1086","post","type-post","status-publish","format-standard","hentry","category-sin-categoria"],"_links":{"self":[{"href":"https:\/\/www.collanzo.com\/WP_blog\/index.php?rest_route=\/wp\/v2\/posts\/1086","targetHints":{"allow":["GET"]}}],"collection":[{"href":"https:\/\/www.collanzo.com\/WP_blog\/index.php?rest_route=\/wp\/v2\/posts"}],"about":[{"href":"https:\/\/www.collanzo.com\/WP_blog\/index.php?rest_route=\/wp\/v2\/types\/post"}],"author":[{"embeddable":true,"href":"https:\/\/www.collanzo.com\/WP_blog\/index.php?rest_route=\/wp\/v2\/users\/3"}],"replies":[{"embeddable":true,"href":"https:\/\/www.collanzo.com\/WP_blog\/index.php?rest_route=%2Fwp%2Fv2%2Fcomments&post=1086"}],"version-history":[{"count":1,"href":"https:\/\/www.collanzo.com\/WP_blog\/index.php?rest_route=\/wp\/v2\/posts\/1086\/revisions"}],"predecessor-version":[{"id":1087,"href":"https:\/\/www.collanzo.com\/WP_blog\/index.php?rest_route=\/wp\/v2\/posts\/1086\/revisions\/1087"}],"wp:attachment":[{"href":"https:\/\/www.collanzo.com\/WP_blog\/index.php?rest_route=%2Fwp%2Fv2%2Fmedia&parent=1086"}],"wp:term":[{"taxonomy":"category","embeddable":true,"href":"https:\/\/www.collanzo.com\/WP_blog\/index.php?rest_route=%2Fwp%2Fv2%2Fcategories&post=1086"},{"taxonomy":"post_tag","embeddable":true,"href":"https:\/\/www.collanzo.com\/WP_blog\/index.php?rest_route=%2Fwp%2Fv2%2Ftags&post=1086"}],"curies":[{"name":"wp","href":"https:\/\/api.w.org\/{rel}","templated":true}]}}