{"id":1065,"date":"2016-02-09T00:13:14","date_gmt":"2016-02-08T23:13:14","guid":{"rendered":"http:\/\/www.collanzo.com\/WP_blog\/?p=1065"},"modified":"2016-02-10T20:21:09","modified_gmt":"2016-02-10T19:21:09","slug":"a-rene-baizan","status":"publish","type":"post","link":"https:\/\/www.collanzo.com\/WP_blog\/?p=1065","title":{"rendered":"A  RENE    BAIZAN"},"content":{"rendered":"<p><strong>A\u00a0\u00a0 REN\u00c9 BAIZAN -COLLANZO <\/strong><\/p>\n<p><strong>\u00a0<\/strong><strong>Hace unas semanas fallec\u00eda, tras una larga\u00a0y\u00a0dolorosa\u00a0enfermedad,\u00a0una\u00a0 magn\u00edfica\u00a0 persona, gran hombre\u00a0 y\u00a0 excelente vecino de Collanzo: Ren\u00e9<\/strong><\/p>\n<p><strong>No pretendo hacer\u00a0 en\u00a0\u00a0 este escrito\u00a0 una\u00a0 relaci\u00f3n\u00a0de\u00a0 sus m\u00e9ritos o virtudes, \u00a0\u00a0que de sobra son conocidos\u00a0por los que fuimos sus vecinos.<\/strong><\/p>\n<p><strong>Mis primeros recuerdos\u00a0de Ren\u00e9, con esa significativa\u00a0diferencia\u00a0de edad, son de aquellos a\u00f1os en los que nos acercaba el mundo del cine con aquellas proyecciones cinematogr\u00e1ficas en la plaza p\u00fablica de Collanzo\u00a0 o\u00a0 en\u00a0 el local de la Panera, con esos\u00a0 recuerdos de\u00a0\u00a0 aquellas latas\u00a0\u00a0 de gasolina\u00a0 que Rene pon\u00eda para calentar un poco el local \u00a0o\u00a0 las \u00a0numerosas\u00a0 interrupciones\u00a0 para reparar las roturas de las cintas\u00a0 del celuloide, altercado tan frecuente que, incluso\u00a0de algunas \u00a0pel\u00edculas,\u00a0 no pudimos ver el final.<\/strong><\/p>\n<p><strong>Vendr\u00edan despu\u00e9s los a\u00f1os en los que\u00a0 Ren\u00e9 nos\u00a0 convenci\u00f3\u00a0 para \u00a0convertirnos en dinamizadores\u00a0 culturales,\u00a0a un gran grupo de j\u00f3venes del pueblo,\u00a0y as\u00ed\u00a0\u00a0 hicimos \u00a0un mont\u00f3n de actividades, que fueron aut\u00e9nticas\u00a0 novedades en el concejo de Aller.<\/strong><\/p>\n<p><strong>Durante muchos a\u00f1os\u00a0 Ren\u00e9 fue un verdadero activista cultural, festivo y de otras\u00a0 \u00e1reas; un autentico innovador social\u00a0 y cultural.\u00a0As\u00ed, su local,\u00a0\u201cLa Panera\u201d, y luego, \u201cPlat\u00f3\u201d, eran un punto de referencia\u00a0de la juventud allerana.<\/strong><\/p>\n<p><strong>Tras\u00a0 una serie de\u00a0\u00a0 percances econ\u00f3micos, y despu\u00e9s de atravesar una etapa muy dif\u00edcil, se\u00a0recupera\u00a0\u00a0y vuelve\u00a0a implicarse en temas\u00a0importantes para el progreso del pueblo, asumiendo tareas directivas de nuestra asociaci\u00f3n vecinal\u00a0y\u00a0generando,\u00a0de nuevo,\u00a0actividades\u00a0 que\u00a0se caracterizan por ese\u00a0\u00a0 esp\u00edritu\u00a0\u00a0 altruista y de\u00a0 beneficio\u00a0 para el colectivo parroquial.<\/strong><\/p>\n<p><strong>No se puede \u00a0pretender\u00a0 hacer en detalle, una relaci\u00f3n\u00a0de sus m\u00e9ritos o valores, de los cuales yo conozco muchos,\u00a0porque\u00a0\u00e9l mismo evitaba\u00a0su difusi\u00f3n, pero\u00a0 si\u00a0 he querido\u00a0 hacer una peque\u00f1a menci\u00f3n de\u00a0ellos.<\/strong><\/p>\n<p><strong>En\u00a0 los \u00faltimos \u00a0a\u00f1os, y\u00a0a pesar de\u00a0 su grave enfermedad,\u00a0\u00a0y a pesar de sus intenso dolores\u00a0f\u00edsicos,\u00a0continuaba\u00a0 preocupado\u00a0 por\u00a0 resolver\u00a0 dificultades\u00a0 del pueblo, buscando\u00a0soluciones a necesidades,\u00a0tanto de vecinos, en el sentido particular y personal,\u00a0como del colectivo.(Anecd\u00f3ticamente\u00a0dir\u00e9 que,\u00a0tres d\u00edas\u00a0 antes de fallecer,\u00a0 estaba d\u00e1ndole vueltas\u00a0\u00a0 a temas sobre la fiesta de San Blas).<\/strong><\/p>\n<p><strong>Su car\u00e1cter \u00a0transgresor, sus iniciativas emprendedoras,\u00a0tanto a nivel profesional como\u00a0 de car\u00e1cter social\u00a0 o cultural , su\u00a0 visi\u00f3n\u00a0 adelantada\u00a0\u00a0 al tiempo en que\u00a0 viv\u00eda, fueron\u00a0\u00a0 algunas de las caracter\u00edsticas \u00a0\u00a0de\u00a0 este\u00a0 gran\u00a0 paisano allerano.<\/strong><\/p>\n<p><strong>Antes \u00a0de acabar este escrito\u00a0 deseo hacer un recuerdo\u00a0 a su familia\u00a0 y en especial a sus padres\u00a0\u00a0 Alicia y Dioniso, \u00a0art\u00edfices \u00a0\u00a0de\u00a0 aquel\u00a0 bar restaurante\u00a0 tan\u00a0\u00a0 significativo para Collanzo, para Aller y para Asturias: \u201cLa Panera\u201d.<\/strong><\/p>\n<p><strong>\u00a0<\/strong><strong>Gracias\u00a0 Ren\u00e9, por\u00a0 todo lo que has hecho\u00a0\u00a0 a lo largo de muchos a\u00f1os, en favor de tus vecinos y de tu pueblo. Estoy\u00a0\u00a0 muy seguro de que este agradecimiento\u00a0 es muy compartido\u00a0por todos los vecinos de Collanzo.<\/strong><\/p>\n<p><strong>\u00a0<\/strong><strong>Santos\u00a0 Fern\u00e1ndez Fanjul TITI \u00a0<\/strong><\/p>\n","protected":false},"excerpt":{"rendered":"<p>A\u00a0\u00a0 REN\u00c9 BAIZAN -COLLANZO \u00a0Hace unas semanas fallec\u00eda, tras una larga\u00a0y\u00a0dolorosa\u00a0enfermedad,\u00a0una\u00a0 magn\u00edfica\u00a0 persona, gran hombre\u00a0 y\u00a0 excelente vecino de Collanzo: Ren\u00e9 No pretendo hacer\u00a0 en\u00a0\u00a0 este escrito\u00a0 una\u00a0 relaci\u00f3n\u00a0de\u00a0 sus m\u00e9ritos o virtudes, \u00a0\u00a0que de sobra son conocidos\u00a0por los que fuimos sus vecinos. Mis primeros recuerdos\u00a0de Ren\u00e9, con esa significativa\u00a0diferencia\u00a0de edad, son de aquellos a\u00f1os [&hellip;]<\/p>\n","protected":false},"author":3,"featured_media":0,"comment_status":"open","ping_status":"open","sticky":false,"template":"","format":"standard","meta":{"footnotes":"","_links_to":"","_links_to_target":""},"categories":[1],"tags":[],"class_list":["post-1065","post","type-post","status-publish","format-standard","hentry","category-sin-categoria"],"_links":{"self":[{"href":"https:\/\/www.collanzo.com\/WP_blog\/index.php?rest_route=\/wp\/v2\/posts\/1065","targetHints":{"allow":["GET"]}}],"collection":[{"href":"https:\/\/www.collanzo.com\/WP_blog\/index.php?rest_route=\/wp\/v2\/posts"}],"about":[{"href":"https:\/\/www.collanzo.com\/WP_blog\/index.php?rest_route=\/wp\/v2\/types\/post"}],"author":[{"embeddable":true,"href":"https:\/\/www.collanzo.com\/WP_blog\/index.php?rest_route=\/wp\/v2\/users\/3"}],"replies":[{"embeddable":true,"href":"https:\/\/www.collanzo.com\/WP_blog\/index.php?rest_route=%2Fwp%2Fv2%2Fcomments&post=1065"}],"version-history":[{"count":2,"href":"https:\/\/www.collanzo.com\/WP_blog\/index.php?rest_route=\/wp\/v2\/posts\/1065\/revisions"}],"predecessor-version":[{"id":1067,"href":"https:\/\/www.collanzo.com\/WP_blog\/index.php?rest_route=\/wp\/v2\/posts\/1065\/revisions\/1067"}],"wp:attachment":[{"href":"https:\/\/www.collanzo.com\/WP_blog\/index.php?rest_route=%2Fwp%2Fv2%2Fmedia&parent=1065"}],"wp:term":[{"taxonomy":"category","embeddable":true,"href":"https:\/\/www.collanzo.com\/WP_blog\/index.php?rest_route=%2Fwp%2Fv2%2Fcategories&post=1065"},{"taxonomy":"post_tag","embeddable":true,"href":"https:\/\/www.collanzo.com\/WP_blog\/index.php?rest_route=%2Fwp%2Fv2%2Ftags&post=1065"}],"curies":[{"name":"wp","href":"https:\/\/api.w.org\/{rel}","templated":true}]}}