{"id":377,"date":"2012-03-11T19:42:34","date_gmt":"2012-03-11T19:42:34","guid":{"rendered":"http:\/\/www.collanzo.com\/WP_Historia\/?p=377"},"modified":"2012-03-20T19:45:05","modified_gmt":"2012-03-20T19:45:05","slug":"el-calero-de-eloy-valdevenero","status":"publish","type":"post","link":"https:\/\/www.collanzo.com\/WP_Historia\/?p=377","title":{"rendered":"El Calero de Eloy &#8211; Valdevenero"},"content":{"rendered":"<p>Como nietu de Eloy, me gustar\u00eda conservar un recuerdo a una peque\u00f1a industria que<a href=\"http:\/\/www.collanzo.com\/WP_Historia\/wp-content\/uploads\/2012\/03\/cal2.jpg\"><img loading=\"lazy\" decoding=\"async\" class=\"alignright size-thumbnail wp-image-379\" src=\"http:\/\/www.collanzo.com\/WP_Historia\/wp-content\/uploads\/2012\/03\/cal2-150x150.jpg\" alt=\"\" width=\"150\" height=\"150\" \/><\/a> nuestra familia tuvo en las zona de Valdevenero (Entrepe\u00f1es) y que durante m\u00e1s de 20 a\u00f1os produjo gran cantidad de cal: EL CALERO DE ELOY FANJUL.<img decoding=\"async\" src=\"http:\/\/www.collanzo.com\/WP_blog\/wp-includes\/js\/tinymce\/plugins\/wordpress\/img\/trans.gif\" alt=\"\" \/><\/p>\n<p><!--more-->Aproximadamente sobre el a\u00f1o 1930 mi guelu Eloy, natural de Casomera y que bajo a vivir a Collanzo tras casarse con Elena ( mi guela), compra a una persona de Pelugano que en este momento desconozco de nombre, una amplia zona de monte y praos con una franja de zona caliza en la parte superior.<\/p>\n<p>Ya por entonces era conocido el posible aprovechamiento de la caliza, muy abundante en esa zona del concejo allerano,teniendo un gran uso para la construcci\u00f3n tanto como componente para constituir el mortero como para la pintura o desinfecci\u00f3n.<\/p>\n<p>Mi guelu Eloy trabajaba por entonces de aguacil en Collanzo y junto a su mujer inicia un negocio de una fonda o pensi\u00f3n en la plaza del pueblo, donde actualmente vive Gelin. Referente a este periodo de aguacil conviene mencionar que estaba acompa\u00f1ado en el<br \/>\njuzgado por otras personas muy singulares: como juez estaba Ant\u00f3n de la carretera de Felechosa, mas Severiano Mu\u00f1iz (de la Pola, padre de Severiano el de Milagros) como secretario y Antonio Hevia de Collanzo. Estos cuatro hombres eran muy proclives a la bebida, dicho de modo cari\u00f1oso y sus correr\u00edas eran bastantes celebres. El juzgado se encontraba frente a Casa la Sidra, donde se encuentra actualmente un edificio moderno.<\/p>\n<p>Mi guelu que siempre tuvo mucha iniciativa, comienza a explotar la piedra de las rocas calizas que est\u00e1n sobre el prau. Al objeto de iniciar esta producci\u00f3n se precisa construir una estructura b\u00e1sica para hacer<br \/>\nel horno (donde quemar las piedra de caliza) junto los almacenes de materiales y as\u00ed realiza una sencilla construcci\u00f3n de piedra que se conserv\u00f3 bastantes a\u00f1os y que el tiempo ha logrado derribar y \u00fanicamente se conservan restos de piedras.<\/p>\n<p>Como ayudante o pe\u00f3n contrata a Valent\u00edn el de Josefa (hermano de Alfredo Pozo) y como pinches ten\u00edan a mi t\u00edo Pepe, a mi madre Elena y mi t\u00eda Candela.(Conviene mencionar que mi guela ya hab\u00eda asignado a las otras dos hijas, otras funciones familiares : Marina, como era la mayor, permanece en casa ayudando a mi guela en la pensi\u00f3n y la otra hija, Tina,se<br \/>\nencargaba de coser, tarea que le quedo para toda la vida, ya que todos recordamos a Tina cosiendo a todas las horas).<\/p>\n<p>En el Calero entre mi guelu Eloy, mi tiu Pepe y Valent\u00edn como pe\u00f3n comienzan por arrancar la piedra de las duras rocas que estaban sobre los praos, baj\u00e1ndola como se pod\u00eda, lo cual no ten\u00eda mucha dificultad dada la gran inclinaci\u00f3n del terreno, llevando las piedras hasta la zona baja del prau, y all\u00ed con carretillos se acced\u00eda a una tolva la cual daba acceso al fornu, construido muy cerca de la carretera.<\/p>\n<p>Una vez all\u00ed entre mi madre y mi t\u00eda Candela, comenzaban a desmenuzar con mazas las piedras en peque\u00f1as porciones aproximadamente del tama\u00f1o de un pu\u00f1o, previamente a la operaci\u00f3n de cargar el fornu.<\/p>\n<p>Al mismo tiempo se encend\u00eda e fornu, el cual ten\u00eda unas medidas de unos 3 metros de altura por unos 2 metros de ancho. Cuando comenzaba a coger calor se iba llenando de capas sucesivas de piedra de caliza con capas de cok.<\/p>\n<p>Conviene mencionar que este cok venia en el tren desde Mieres a Collanzo y desde all\u00ed Pepe lo bajaba en carros tirados por una mula ( anecd\u00f3ticamente deciros que esta mula era ciega y que trabajo muchos a\u00f1os en el Calero.)<\/p>\n<p>El horno sol\u00eda estar durante 4\u00a0\u00f3 5 d\u00edas encendido y poco a poco el cok se iba quemando dando lugar a que la piedra caliza se fuera disolviendo, hasta quedar en polvo.<\/p>\n<p>Una vez alcanzado ese momento, Elena y Candela ten\u00edan que retirar la cal del fornu e ir llenando sacos, cestones o lo que procediera de ese polvo, la cal.<\/p>\n<p>Por supuesto que esa cal provocaba muchas molestias, especialmente en los pulmones, teniendo que trabajar en unas condiciones muy dif\u00edciles y poco saludables, pero por entonces ni hab\u00eda preocupaci\u00f3n por ese tema ni tampoco se pensaba en los perjuicios posteriores. Lo m\u00e1s importante era producir la mayor cantidad, el resto poco importaba.<\/p>\n<p>Una vez que se hab\u00eda vaciado el fornu se iniciaba la tarea de prender otra fornada y de modo simult\u00e1neo se comenzaba la tarea de, repartir o vender la cal por los pueblos del concejo.<\/p>\n<p>De este modo Elena, Candela y Pepe se desplazaban desde ese lugar a todos los pueblos del concejo: Casomera, Conforcos, Rioaller, la Fuente, Felechosa, Pelugano, Bello, Caba\u00f1aquinta\u2026. y llegando hasta cerca de Mieres.<\/p>\n<p>Por supuesto la tarea implicaba descargar esa cal en cestones o sacos y acercarlo a cada casa. Cuanto esfuerzo, para aquellas nenas!<\/p>\n<p>Por aquel entonces la cal era muy valorada tanto como material de pintura, desinfectante y otras utilidades menores.<\/p>\n<p>En la d\u00e9cada de los a\u00f1os 50, mi guelu comienza a tener serios problemas de salud, al tiempo que Pepe comienza trabajar en la mina La Carinsa, con lo que esa peque\u00f1a empresa se va paralizando lentamente al tiempo que la industria comienza a hacer llegar productos m\u00e1s f\u00e1cilmente.<\/p>\n<p>Hoy d\u00eda, 50 a\u00f1os m\u00e1s tarde, casi no se perciben los restos de aquella empresa llamada El Calero de Eloy y de hecho os adjunto algunas fotos de la finca y zona del Calero.<\/p>\n<p>Sirvan estas palabras para tener un recuerdo a mi madre Lena, as\u00ed como a mi tiu Pepe, y mi querida tia Candela por todo lo que pasaron en esa \u00e9poca de la infancia y juventud, con todo el sacrificio, trabajo, hambre y penurias de esos a\u00f1os tan duros. Y en ese recuerdo incluyo a mi t\u00edas queridas y bien recordadas Marina y Tina.\u00a1Que gran uni\u00f3n ten\u00edan entre<br \/>\nellos!.<\/p>\n<p>En esta fase de recuerdos del Calero me lleva a retroceder a aquel sue\u00f1o, ilusi\u00f3n elucubraci\u00f3n que mi primu Pep\u00edn el de Tina tenia por recuperar ese \u201cCalero\u201d: dudo si lo dec\u00eda en serio o en broma, pero era muy frecuente o\u00edrle elucubrar con \u00e9l, sobre todo cuando nos junt\u00e1bamos todos los primos, un mont\u00f3n, y aquello m\u00e1s que hablar del peque\u00f1o Calero daba la impresi\u00f3n de hablarse de unas grandes canteras industriales.<\/p>\n<p>Santos- Titi<\/p>\n","protected":false},"excerpt":{"rendered":"<p>Como nietu de Eloy, me gustar\u00eda conservar un recuerdo a una peque\u00f1a industria que nuestra familia tuvo en las zona de Valdevenero (Entrepe\u00f1es) y que durante m\u00e1s de 20 a\u00f1os produjo gran cantidad de cal: EL CALERO DE ELOY FANJUL.<\/p>\n","protected":false},"author":2,"featured_media":0,"comment_status":"open","ping_status":"open","sticky":false,"template":"","format":"standard","meta":{"footnotes":"","_links_to":"","_links_to_target":""},"categories":[1],"tags":[],"class_list":["post-377","post","type-post","status-publish","format-standard","hentry","category-sin-categoria"],"_links":{"self":[{"href":"https:\/\/www.collanzo.com\/WP_Historia\/index.php?rest_route=\/wp\/v2\/posts\/377","targetHints":{"allow":["GET"]}}],"collection":[{"href":"https:\/\/www.collanzo.com\/WP_Historia\/index.php?rest_route=\/wp\/v2\/posts"}],"about":[{"href":"https:\/\/www.collanzo.com\/WP_Historia\/index.php?rest_route=\/wp\/v2\/types\/post"}],"author":[{"embeddable":true,"href":"https:\/\/www.collanzo.com\/WP_Historia\/index.php?rest_route=\/wp\/v2\/users\/2"}],"replies":[{"embeddable":true,"href":"https:\/\/www.collanzo.com\/WP_Historia\/index.php?rest_route=%2Fwp%2Fv2%2Fcomments&post=377"}],"version-history":[{"count":1,"href":"https:\/\/www.collanzo.com\/WP_Historia\/index.php?rest_route=\/wp\/v2\/posts\/377\/revisions"}],"predecessor-version":[{"id":380,"href":"https:\/\/www.collanzo.com\/WP_Historia\/index.php?rest_route=\/wp\/v2\/posts\/377\/revisions\/380"}],"wp:attachment":[{"href":"https:\/\/www.collanzo.com\/WP_Historia\/index.php?rest_route=%2Fwp%2Fv2%2Fmedia&parent=377"}],"wp:term":[{"taxonomy":"category","embeddable":true,"href":"https:\/\/www.collanzo.com\/WP_Historia\/index.php?rest_route=%2Fwp%2Fv2%2Fcategories&post=377"},{"taxonomy":"post_tag","embeddable":true,"href":"https:\/\/www.collanzo.com\/WP_Historia\/index.php?rest_route=%2Fwp%2Fv2%2Ftags&post=377"}],"curies":[{"name":"wp","href":"https:\/\/api.w.org\/{rel}","templated":true}]}}