{"id":370,"date":"2012-03-18T01:25:58","date_gmt":"2012-03-18T01:25:58","guid":{"rendered":"http:\/\/www.collanzo.com\/WP_Historia\/?p=370"},"modified":"2017-12-01T09:11:22","modified_gmt":"2017-12-01T09:11:22","slug":"balte-de-collanzo","status":"publish","type":"post","link":"https:\/\/www.collanzo.com\/WP_Historia\/?p=370","title":{"rendered":"BALTE DE COLLANZO"},"content":{"rendered":"<address><span style=\"color: #333399;\">Autor: Jos\u00e9 Ram\u00f3n Rojo V\u00e1zquez<\/span><\/address>\n<p>El pasado d\u00eda 17 de octubre, nos dejaste, no eras de llamar la atenci\u00f3n, pero todo el mundo<a href=\"http:\/\/www.collanzo.com\/WP_Historia\/wp-content\/uploads\/2012\/03\/ttt700a5.jpg\"><img loading=\"lazy\" decoding=\"async\" class=\"alignright size-medium wp-image-371\" title=\"ttt700a5\" src=\"http:\/\/www.collanzo.com\/WP_Historia\/wp-content\/uploads\/2012\/03\/ttt700a5-196x300.jpg\" alt=\"\" width=\"137\" height=\"210\" srcset=\"https:\/\/www.collanzo.com\/WP_Historia\/wp-content\/uploads\/2012\/03\/ttt700a5-196x300.jpg 196w, https:\/\/www.collanzo.com\/WP_Historia\/wp-content\/uploads\/2012\/03\/ttt700a5.jpg 543w\" sizes=\"auto, (max-width: 137px) 100vw, 137px\" \/><\/a> te recordar\u00e1, es el problema de ser buena gente, no podemos olvidar cuando con el bocado en tu garganta, bajabas a atender a todos el que llamaba a tu puerta, como montado en tu vespa te acercabas a cualquier lugar, donde se celebraban una Romer\u00eda, una fiesta religiosa, todos los Santos y V\u00edrgenes del Concejo han escuchado tus plegarias, muy pocos se fueron sin que antes los despidieras con tus rezos, algunos como Heliodoro o Victor, llev\u00e1ndose un trocito de tu coraz\u00f3n, otros como Arsenio se quedaron a tu lado dando muestras de su amistad hasta el final de tus d\u00edas.<!--more--><\/p>\n<p>Que decir de tus hermanos Rita y Luciano, siempre estaban en tu recuerdo, cuanto mirabas con orgullo para la \u00faltima foto que sacasteis juntos.<\/p>\n<p>Fuiste un ejemplo para los tuyos, esos callos que tenias por manos, moldeados en el calor de la fragua y golpeo en el yunque, eran muestra fiel de trabajo durante a\u00f1os a lo bruto, sin descanso, pocos pod\u00edan seguir el ritmo que tu marcabas, algunos sufrieron tu tozudez, \u00a1Que cabez\u00f3n Dios m\u00edo!, pero eso nunca disimul\u00f3 tu gran coraz\u00f3n, tu bondad, tu arrogancia, siempre colaboraste en todo, tus paisanos te lo reconocieron en vida con la distinci\u00f3n al Vecino ejemplar de Collanzo.<\/p>\n<p>Tuviste tres pasiones en tus 87 a\u00f1os, una desde bien peque\u00f1o, el ciclismo, que manera de disfrutar con este deporte, cuantos puertos te conocieron, cuantos esforzados del pelot\u00f3n escucharon tus palabras de \u00e1nimo, cuantas bicicletas arreglaste, infinidad de ni\u00f1os te agradecieron como, sin un mal gesto y en cualquier momento, les subsanabas cualquier aver\u00eda, a\u00fan recuerdo hace a\u00f1os, cuando paso la Vuelta a Espa\u00f1a por Collanzo, llenaron la carretera de pintadas, una de ellas dec\u00eda \u00a1VIVA BALTE!, durante a\u00f1os colaboraste como Presidente de la Pe\u00f1a Alto Aller en diversas actividades cicloturistas, la ya tradicional Collanzo-Casomera del d\u00eda del Cristo, esto te vali\u00f3 el reconocimiento en la Gala del Deporte Alleran, as\u00ed como de los Clubs Alto Aller, Allerana y C.C. Esturb\u00edn.<\/p>\n<p>Tu segunda gran pasi\u00f3n, fue Lena, que importante se siente un hombre cuando tiene una buena mujer a su lado, con vuestro ejemplo se criaron esos cuatro hijos, de los que estabais orgullosos, Balt\u00edn, Guzm\u00e1n, Titi y Leni, ellos son el fiel reflejo de lo que recibieron de vosotros y nos lo demuestran en el d\u00eda a d\u00eda.<\/p>\n<p>La tercera pasi\u00f3n te llego tard\u00eda, hace 13 a\u00f1os, naci\u00f3 \u201cEL NENIN\u201d, tu ultimo nieto, r\u00e1pidamente se gano tu cari\u00f1o, era tal la devoci\u00f3n que os profesabais, que llamaba la atenci\u00f3n, la dedicaci\u00f3n y entrega que \u00e9l G\u00dcELU, le dedic\u00f3 en sus primeros a\u00f1os, el NIETU se la devolvi\u00f3 en el ocaso de sus d\u00edas, como dir\u00eda Lena \u201cNobleza obliga\u201d.<\/p>\n<p>Con la cabeza llena de recuerdos, en la retina me queda esa imagen de culo inquieto, siempre mal sentado, el golpete\u00f3 de tus dedos sobre la mesa, el instintivo encoger de hombros, el tic de subir las cejas, tus \u201cESTO QUE TE DIJO\u201d \u201c\u00bfENTIENDES?, con los que acompa\u00f1abas las frases, tus tardes de ciclismo o de pel\u00edculas del oeste y siempre me acompa\u00f1ar\u00e1 el tono de tu m\u00f3vil \u201cGUELU QUE TE ESTAN LLAMANDO Y NO TE ESTAS ENTERANDO, QUE SOY JOSE RAMON, QUE TE QUIERO, QUE TE LLAMAN Y NO TE ENTERAS\u201d, y ver iluminarse tu rostro cuando lo escuchabas.<\/p>\n<p>Nueve a\u00f1os despu\u00e9s, quiero cerrar este peque\u00f1o homenaje, hac\u00eda unos suegros que siempre me trataron como un hijo.<\/p>\n<p style=\"text-align: right;\">Jos\u00e9 Ram\u00f3n Rojo V\u00e1zquez.- Collanzo (Aller) &#8211;\u00a0Marzo\/2012<\/p>\n","protected":false},"excerpt":{"rendered":"<p>Autor: Jos\u00e9 Ram\u00f3n Rojo V\u00e1zquez El pasado d\u00eda 17 de octubre, nos dejaste, no eras de llamar la atenci\u00f3n, pero todo el mundo te recordar\u00e1, es el problema de ser buena gente, no podemos olvidar cuando con el bocado en &hellip; <a href=\"https:\/\/www.collanzo.com\/WP_Historia\/?p=370\">Sigue leyendo <span class=\"meta-nav\">&rarr;<\/span><\/a><\/p>\n","protected":false},"author":1,"featured_media":0,"comment_status":"closed","ping_status":"closed","sticky":false,"template":"","format":"standard","meta":{"footnotes":"","_links_to":"","_links_to_target":""},"categories":[6],"tags":[],"class_list":["post-370","post","type-post","status-publish","format-standard","hentry","category-personajes"],"_links":{"self":[{"href":"https:\/\/www.collanzo.com\/WP_Historia\/index.php?rest_route=\/wp\/v2\/posts\/370","targetHints":{"allow":["GET"]}}],"collection":[{"href":"https:\/\/www.collanzo.com\/WP_Historia\/index.php?rest_route=\/wp\/v2\/posts"}],"about":[{"href":"https:\/\/www.collanzo.com\/WP_Historia\/index.php?rest_route=\/wp\/v2\/types\/post"}],"author":[{"embeddable":true,"href":"https:\/\/www.collanzo.com\/WP_Historia\/index.php?rest_route=\/wp\/v2\/users\/1"}],"replies":[{"embeddable":true,"href":"https:\/\/www.collanzo.com\/WP_Historia\/index.php?rest_route=%2Fwp%2Fv2%2Fcomments&post=370"}],"version-history":[{"count":4,"href":"https:\/\/www.collanzo.com\/WP_Historia\/index.php?rest_route=\/wp\/v2\/posts\/370\/revisions"}],"predecessor-version":[{"id":396,"href":"https:\/\/www.collanzo.com\/WP_Historia\/index.php?rest_route=\/wp\/v2\/posts\/370\/revisions\/396"}],"wp:attachment":[{"href":"https:\/\/www.collanzo.com\/WP_Historia\/index.php?rest_route=%2Fwp%2Fv2%2Fmedia&parent=370"}],"wp:term":[{"taxonomy":"category","embeddable":true,"href":"https:\/\/www.collanzo.com\/WP_Historia\/index.php?rest_route=%2Fwp%2Fv2%2Fcategories&post=370"},{"taxonomy":"post_tag","embeddable":true,"href":"https:\/\/www.collanzo.com\/WP_Historia\/index.php?rest_route=%2Fwp%2Fv2%2Ftags&post=370"}],"curies":[{"name":"wp","href":"https:\/\/api.w.org\/{rel}","templated":true}]}}