{"id":315,"date":"2004-06-13T23:18:54","date_gmt":"2004-06-13T23:18:54","guid":{"rendered":"http:\/\/www.collanzo.com\/WP_Historia\/?p=315"},"modified":"2011-12-13T23:23:36","modified_gmt":"2011-12-13T23:23:36","slug":"recuerdos-de-la-creacion-de-la-candidatura-allerana-independiente-c-a-i-ano-1983","status":"publish","type":"post","link":"https:\/\/www.collanzo.com\/WP_Historia\/?p=315","title":{"rendered":"RECUERDOS DE LA CREACI\u00d3N DE LA CANDIDATURA ALLERANA INDEPENDIENTE  (C.A.I.)  A\u00d1O 1983"},"content":{"rendered":"<address><span style=\"color: #333399;\">Autor: <em>Santos Fdez Fanjul\u00a0<\/em><\/span><\/address>\n<p><em><\/em><a href=\"http:\/\/www.collanzo.com\/WP_Historia\/wp-content\/uploads\/2011\/12\/cai1001.jpg\"><img loading=\"lazy\" decoding=\"async\" class=\"alignleft size-medium wp-image-316\" title=\"cai1001\" src=\"http:\/\/www.collanzo.com\/WP_Historia\/wp-content\/uploads\/2011\/12\/cai1001-300x172.jpg\" alt=\"\" width=\"300\" height=\"172\" srcset=\"https:\/\/www.collanzo.com\/WP_Historia\/wp-content\/uploads\/2011\/12\/cai1001-300x172.jpg 300w, https:\/\/www.collanzo.com\/WP_Historia\/wp-content\/uploads\/2011\/12\/cai1001.jpg 640w\" sizes=\"auto, (max-width: 300px) 100vw, 300px\" \/><\/a>Traemos esta fotograf\u00eda realizada en el Restaurante De Torres en marzo de 1983 como recuerdo de aquel germen\u00a0 del movimiento\u00a0 pseudo- pol\u00edtico\u00a0 y reivindicativo de la zona Alta del concejo que se llamo C.A.I.<!--more--><\/p>\n<p>No fue sencillo echar a andar el grupo citado y as\u00ed recordamos como a instancias de los \u201ciniciadores\u201d (Titi y Xoxe el de Felechosa)\u00a0 en las dos primeras reuniones fijadas en Casa Moran\u00a0 no acudieron mas que ellos dos, lo que hacia presagiar malas vibraciones en la idea de poder hacer una candidatura.<\/p>\n<p>No obstante se contin\u00fao en la tarea y tras muchas peripecias y cantidad de an\u00e9cdotas, se creo el grupo CAI que finalmente logro un resultado \u00f3ptimo: dos concejales.<\/p>\n<p>Hoy d\u00eda aquel movimiento reivindicativo ha desaparecido del abanico electoral del concejo<a href=\"http:\/\/www.collanzo.com\/WP_Historia\/wp-content\/uploads\/2011\/12\/cai7002.jpg\"><img loading=\"lazy\" decoding=\"async\" class=\"alignright size-medium wp-image-317\" title=\"cai7002\" src=\"http:\/\/www.collanzo.com\/WP_Historia\/wp-content\/uploads\/2011\/12\/cai7002-300x192.jpg\" alt=\"\" width=\"300\" height=\"192\" srcset=\"https:\/\/www.collanzo.com\/WP_Historia\/wp-content\/uploads\/2011\/12\/cai7002-300x192.jpg 300w, https:\/\/www.collanzo.com\/WP_Historia\/wp-content\/uploads\/2011\/12\/cai7002.jpg 640w\" sizes=\"auto, (max-width: 300px) 100vw, 300px\" \/><\/a> pero no por ello se debe de olvidar y reconocer el merito que merece.<\/p>\n<p>En la fotograf\u00eda podemos reconocer algunas caras con facilidad de las personas de la candidatura.<\/p>\n<p align=\"right\"><em><span style=\"font-family: Verdana; font-size: medium;\">\u00a0<\/span><\/em><em><span style=\"color: #000080; font-family: Verdana; font-size: medium;\">Santos Fdez Fanjul (Titi)<\/span><\/em><\/p>\n","protected":false},"excerpt":{"rendered":"<p>Autor: Santos Fdez Fanjul\u00a0 Traemos esta fotograf\u00eda realizada en el Restaurante De Torres en marzo de 1983 como recuerdo de aquel germen\u00a0 del movimiento\u00a0 pseudo- pol\u00edtico\u00a0 y reivindicativo de la zona Alta del concejo que se llamo C.A.I.<\/p>\n","protected":false},"author":1,"featured_media":0,"comment_status":"open","ping_status":"open","sticky":false,"template":"","format":"standard","meta":{"footnotes":"","_links_to":"","_links_to_target":""},"categories":[6],"tags":[],"class_list":["post-315","post","type-post","status-publish","format-standard","hentry","category-personajes"],"_links":{"self":[{"href":"https:\/\/www.collanzo.com\/WP_Historia\/index.php?rest_route=\/wp\/v2\/posts\/315","targetHints":{"allow":["GET"]}}],"collection":[{"href":"https:\/\/www.collanzo.com\/WP_Historia\/index.php?rest_route=\/wp\/v2\/posts"}],"about":[{"href":"https:\/\/www.collanzo.com\/WP_Historia\/index.php?rest_route=\/wp\/v2\/types\/post"}],"author":[{"embeddable":true,"href":"https:\/\/www.collanzo.com\/WP_Historia\/index.php?rest_route=\/wp\/v2\/users\/1"}],"replies":[{"embeddable":true,"href":"https:\/\/www.collanzo.com\/WP_Historia\/index.php?rest_route=%2Fwp%2Fv2%2Fcomments&post=315"}],"version-history":[{"count":3,"href":"https:\/\/www.collanzo.com\/WP_Historia\/index.php?rest_route=\/wp\/v2\/posts\/315\/revisions"}],"predecessor-version":[{"id":320,"href":"https:\/\/www.collanzo.com\/WP_Historia\/index.php?rest_route=\/wp\/v2\/posts\/315\/revisions\/320"}],"wp:attachment":[{"href":"https:\/\/www.collanzo.com\/WP_Historia\/index.php?rest_route=%2Fwp%2Fv2%2Fmedia&parent=315"}],"wp:term":[{"taxonomy":"category","embeddable":true,"href":"https:\/\/www.collanzo.com\/WP_Historia\/index.php?rest_route=%2Fwp%2Fv2%2Fcategories&post=315"},{"taxonomy":"post_tag","embeddable":true,"href":"https:\/\/www.collanzo.com\/WP_Historia\/index.php?rest_route=%2Fwp%2Fv2%2Ftags&post=315"}],"curies":[{"name":"wp","href":"https:\/\/api.w.org\/{rel}","templated":true}]}}