{"id":310,"date":"2003-04-13T23:12:16","date_gmt":"2003-04-13T23:12:16","guid":{"rendered":"http:\/\/www.collanzo.com\/WP_Historia\/?p=310"},"modified":"2011-12-13T23:17:37","modified_gmt":"2011-12-13T23:17:37","slug":"la-catastrofe-de-la-carinsa","status":"publish","type":"post","link":"https:\/\/www.collanzo.com\/WP_Historia\/?p=310","title":{"rendered":"LA CAT\u00c1STROFE DE LA CARINSA"},"content":{"rendered":"<p><span style=\"text-decoration: underline;\"><span style=\"color: #000080; font-family: Verdana; font-size: x-small;\">Autor:\u00a0Paula Fern\u00e1ndez Cordero<\/span><\/span><\/p>\n<p>El lunes 16 de Junio de 1958, fue un d\u00eda triste y desgraciado para los pueblos del Alto Aller. <a href=\"http:\/\/www.collanzo.com\/WP_Historia\/wp-content\/uploads\/2011\/12\/ccoo101.jpg\"><img loading=\"lazy\" decoding=\"async\" class=\"alignleft size-medium wp-image-312\" title=\"ccoo101\" src=\"http:\/\/www.collanzo.com\/WP_Historia\/wp-content\/uploads\/2011\/12\/ccoo101-300x180.jpg\" alt=\"\" width=\"300\" height=\"180\" srcset=\"https:\/\/www.collanzo.com\/WP_Historia\/wp-content\/uploads\/2011\/12\/ccoo101-300x180.jpg 300w, https:\/\/www.collanzo.com\/WP_Historia\/wp-content\/uploads\/2011\/12\/ccoo101.jpg 640w\" sizes=\"auto, (max-width: 300px) 100vw, 300px\" \/><\/a>Siete\u00a0mineros muertos y seis heridos graves fue el resultado de una explosi\u00f3n de gris\u00fa, que tuvo lugar en la mina La Carinsa de Bello. El accidente se produjo sobre las doce del mediod\u00eda y pronto la noticia corri\u00f3 como la p\u00f3lvora por todo el concejo allerano. Gritos, voces, carreras, nervios, se apoderaron de las gentes de estos pueblos del Alto Aller, nada mas conocerse la noticia. En principio se desconoc\u00edan los nombres de los fallecidos, solo se sab\u00eda del n\u00famero de muertos y heridos, por lo que eran muchas las familias que ten\u00edan seres queridos trabajando en esta mina, y el confusionismo era tremendo. Todos quer\u00edan saber noticias de sus familiares. A partir de las cuatro de la tarde empezaron a regresar los trabajadores que no hab\u00edan padecido el accidente y se fueron dando nombres de los fallecidos y de los heridos. Los siete fallecidos hab\u00edan sido: Benigno Fern\u00e1ndez; \u00c1lvarez, de 30 a\u00f1os, casado y con un hijo, de profesi\u00f3n picador y vecino de Collanzo. Manuel Prado Rodr\u00edguez de 38 a\u00f1os, casado y con dos hijos, vecino de Bello. Gerardo Garc\u00eda Guti\u00e9rrez, picador de 32 a\u00f1os, casado y vecino de Collanzo. Marcelino Baiz\u00e1n Gonz\u00e1lez, barrenista de 38 a\u00f1os, vecino de Conforcos.\u00a0Secundino Baiz\u00e1n. Ord\u00f3\u00f1ez, picador de 28 a\u00f1os, casado y con dos hijos, vecino de Collanzo, Manuel Gonz\u00e1lez Casta\u00f1\u00f3n de 28 a\u00f1os, soltero, vecino de El Pino y Jos\u00e9 Antonio Garc\u00eda Baiz\u00e1n, vagonero de 18 a\u00f1os, soltero y vecino de Casomera.<a href=\"http:\/\/www.collanzo.com\/WP_Historia\/wp-content\/uploads\/2011\/12\/ca35.jpg\"><img loading=\"lazy\" decoding=\"async\" class=\"alignright size-medium wp-image-311\" title=\"ca35\" src=\"http:\/\/www.collanzo.com\/WP_Historia\/wp-content\/uploads\/2011\/12\/ca35-300x180.jpg\" alt=\"\" width=\"300\" height=\"180\" srcset=\"https:\/\/www.collanzo.com\/WP_Historia\/wp-content\/uploads\/2011\/12\/ca35-300x180.jpg 300w, https:\/\/www.collanzo.com\/WP_Historia\/wp-content\/uploads\/2011\/12\/ca35.jpg 640w\" sizes=\"auto, (max-width: 300px) 100vw, 300px\" \/><\/a><\/p>\n<p>Los nombres de los seis heridos no fueron publicados en la prensa, pero a los pocos d\u00edas uno de ellos falleci\u00f3, era vecino de Bello,<\/p>\n<p>El d\u00eda 17 martes por la tarde se celebraron los entierros en sus parroquias respectivas. La tarde se present\u00f3 lluviosa y desapacible, el paisaje del Alto Aller estaba triste como tambi\u00e9n lo estaban los corazones de los alleranos que lloraban a sus seres queridos, a unos les un\u00eda la familia, a otros la amistad, a otros la vecindad. Podr\u00edamos decir que todo el valle allerano estaba de luto.<\/p>\n<p>Las manifestaciones de duelo fueron impresionantes en todos los entierros. En cada pueblo y en tomo a las casas mortuoriasse agolpaba la gente para poder entrar a dar el p\u00e9same a los familiares. Los horarios fueron distintos para que pudieran asistir las autoridades a todos los entierros. Estuvo presente el Ministro de Trabajo D. Ferm\u00edn Sanz Orrio, el jefe <a href=\"http:\/\/www.collanzo.com\/WP_Historia\/wp-content\/uploads\/2011\/12\/Coll1105en1958.jpg\"><img loading=\"lazy\" decoding=\"async\" class=\"alignleft size-medium wp-image-313\" title=\"Coll1105en1958\" src=\"http:\/\/www.collanzo.com\/WP_Historia\/wp-content\/uploads\/2011\/12\/Coll1105en1958-300x179.jpg\" alt=\"\" width=\"300\" height=\"179\" srcset=\"https:\/\/www.collanzo.com\/WP_Historia\/wp-content\/uploads\/2011\/12\/Coll1105en1958-300x179.jpg 300w, https:\/\/www.collanzo.com\/WP_Historia\/wp-content\/uploads\/2011\/12\/Coll1105en1958.jpg 640w\" sizes=\"auto, (max-width: 300px) 100vw, 300px\" \/><\/a>provincial del Movimiento D. Marcos Pe\u00f1arroyo, as\u00ed delegados provinciales de Trabajo, Sres Medina y S\u00e1nchez Eguibar. Tambi\u00e9n los alcaldes de Aller, Meres y Lena, acompa\u00f1aron a estas autoridades.<\/p>\n<p>En resumen una fecha muy triste para la historia del Concejo de Aller, en la que nos dejaron ocho trabajadores, quedaron cinco mujeres viudas y siete ni\u00f1os hu\u00e9rfanos de padre.<\/p>\n<p style=\"text-align: right;\">\u00a0<em style=\"text-align: -webkit-right;\">Informaci\u00f3n facilitada por Pedro Rodr\u00edguez Mu\u00f1iz, de Felechosa<\/em><\/p>\n<div><span style=\"color: #000080;\"><em><br \/>\n<\/em><\/span><\/div>\n","protected":false},"excerpt":{"rendered":"<p>Autor:\u00a0Paula Fern\u00e1ndez Cordero El lunes 16 de Junio de 1958, fue un d\u00eda triste y desgraciado para los pueblos del Alto Aller. Siete\u00a0mineros muertos y seis heridos graves fue el resultado de una explosi\u00f3n de gris\u00fa, que tuvo lugar en &hellip; <a href=\"https:\/\/www.collanzo.com\/WP_Historia\/?p=310\">Sigue leyendo <span class=\"meta-nav\">&rarr;<\/span><\/a><\/p>\n","protected":false},"author":1,"featured_media":0,"comment_status":"open","ping_status":"open","sticky":false,"template":"","format":"standard","meta":{"footnotes":"","_links_to":"","_links_to_target":""},"categories":[12],"tags":[],"class_list":["post-310","post","type-post","status-publish","format-standard","hentry","category-mineria"],"_links":{"self":[{"href":"https:\/\/www.collanzo.com\/WP_Historia\/index.php?rest_route=\/wp\/v2\/posts\/310","targetHints":{"allow":["GET"]}}],"collection":[{"href":"https:\/\/www.collanzo.com\/WP_Historia\/index.php?rest_route=\/wp\/v2\/posts"}],"about":[{"href":"https:\/\/www.collanzo.com\/WP_Historia\/index.php?rest_route=\/wp\/v2\/types\/post"}],"author":[{"embeddable":true,"href":"https:\/\/www.collanzo.com\/WP_Historia\/index.php?rest_route=\/wp\/v2\/users\/1"}],"replies":[{"embeddable":true,"href":"https:\/\/www.collanzo.com\/WP_Historia\/index.php?rest_route=%2Fwp%2Fv2%2Fcomments&post=310"}],"version-history":[{"count":1,"href":"https:\/\/www.collanzo.com\/WP_Historia\/index.php?rest_route=\/wp\/v2\/posts\/310\/revisions"}],"predecessor-version":[{"id":314,"href":"https:\/\/www.collanzo.com\/WP_Historia\/index.php?rest_route=\/wp\/v2\/posts\/310\/revisions\/314"}],"wp:attachment":[{"href":"https:\/\/www.collanzo.com\/WP_Historia\/index.php?rest_route=%2Fwp%2Fv2%2Fmedia&parent=310"}],"wp:term":[{"taxonomy":"category","embeddable":true,"href":"https:\/\/www.collanzo.com\/WP_Historia\/index.php?rest_route=%2Fwp%2Fv2%2Fcategories&post=310"},{"taxonomy":"post_tag","embeddable":true,"href":"https:\/\/www.collanzo.com\/WP_Historia\/index.php?rest_route=%2Fwp%2Fv2%2Ftags&post=310"}],"curies":[{"name":"wp","href":"https:\/\/api.w.org\/{rel}","templated":true}]}}