{"id":288,"date":"2006-04-13T22:36:07","date_gmt":"2006-04-13T22:36:07","guid":{"rendered":"http:\/\/www.collanzo.com\/WP_Historia\/?p=288"},"modified":"2011-12-13T22:40:56","modified_gmt":"2011-12-13T22:40:56","slug":"el-ferrocarril-oviedo-collanzo-con-gran-entusiasmo-fue-inaugurado-el-domingo-el-ultimo-trozo","status":"publish","type":"post","link":"https:\/\/www.collanzo.com\/WP_Historia\/?p=288","title":{"rendered":"EL FERROCARRIL OVIEDO &#8211; COLLANZO &#8211; CON GRAN ENTUSIASMO FU\u00c9 INAUGURADO EL DOMINGO EL \u00daLTIMO TROZO"},"content":{"rendered":"<p align=\"left\"><span style=\"text-decoration: underline;\"><span style=\"color: #000080; font-family: Verdana; font-size: x-small;\">Autor: Guillermo F. Lorenzo<\/span><\/span><\/p>\n<p><span style=\"color: #000080; font-family: Verdana; font-size: x-small;\">Vamos a reproducir, por su curiosidad, un art\u00edculo aparecido en el diario\u00a0REGI\u00d3N, de Oviedo, el\u00a0<span style=\"text-decoration: underline;\"><strong>martes 29 de enero del a\u00f1o 1.935<\/strong><\/span>. Se escribe desde Oviedo, y\u00a0carece de firma. Dice as\u00ed:<!--more--><\/span><\/p>\n<p><span style=\"text-decoration: underline;\"><strong><span style=\"font-family: Verdana;\">\u00abEL FERROCARRIL OVIEDO &#8211; COLLANZO\u00bb<\/span><\/strong><\/span><\/p>\n<p><span style=\"text-decoration: underline;\"><strong><span style=\"font-family: Verdana;\">\u00abCON GRAN ENTUSIASMO FU\u00c9 INAUGURADO EL DOMINGO EL \u00daLTIMO TROZO\u00bb<\/span><\/strong><\/span><\/p>\n<p><span style=\"font-family: Verdana;\">\u00a0\u00a0\u00a0\u00a0\u00a0\u00a0\u00a0\u00a0\u00a0 \u00abEn un acto muy sencillo que el entusiasmo de los alleranos convirti\u00f3 en gran fiesta, qued\u00f3 inaugurado el domingo el \u00faltimo trozo de la nueva l\u00ednea de los ferrocarriles Vasco &#8211; Asturianos, que une a Oviedo con Collanzo, inaugurando tambi\u00e9n una estaci\u00f3n en Pi\u00f1eres, entre las de Moreda y Cabanaquinta.\u00bb<\/span><\/p>\n<p><span style=\"font-family: Verdana;\">\u00a0\u00a0\u00a0\u00a0\u00a0\u00a0\u00a0\u00a0\u00a0 \u00abEn el tren que sale de nuestra ciudad a las nueve de la ma\u00f1ana, salieron con direcci\u00f3n al concejo de Aller el subdirector de los Vasco &#8211; Asturianos, don Francisco Cabrera; el jefe del personal don Benito Collera, el inspector de movimiento don Armando Cabal; el jefe de talleres don Jos\u00e9 Viejo, y el contratista de las obras don Jos\u00e9 Perati.\u00bb<\/span><\/p>\n<p><span style=\"font-family: Verdana;\">\u00a0\u00a0\u00a0\u00a0\u00a0\u00a0\u00a0\u00a0\u00a0 \u00abA la comitiva se incorporaron numerosos alleranos residentes en la capital, entre los cuales figuraba gran n\u00famero de bellas se\u00f1oritas a las cuales no \u00a0logr\u00f3 restar entusiasmo el mal tiempo que desde primera hora amenazaba con\u00a0deslucir el acto.\u00bb.<\/span><\/p>\n<p><span style=\"font-family: Verdana;\">\u00a0\u00a0\u00a0\u00a0\u00a0\u00a0\u00a0\u00a0 En casi todas las estaciones del trayecto el convoy fu\u00e9 recibido con grandes aclamaciones, y se agregaban a \u00e9l numerosos viajeros que quer\u00edan llegar hasta Collanzo, para inaugurar la nueva l\u00ednea y para asociarse y participar en los varios festejos con que aquel vecindario se dispon\u00eda a celebrar el acontecimiento.\u00bb<\/span><\/p>\n<p><span style=\"font-family: Verdana;\">\u00a0\u00a0\u00a0\u00a0\u00a0\u00a0\u00a0\u00a0\u00a0\u00a0\u00abEste entusiasmo llego a grado extraordinario al llegar el tren al concejo de Aller, especialmente al detenerse por primera vez en Pi\u00f1eres, donde se hallaba congregado el vecindario en pleno.\u00bb<\/span><\/p>\n<p><span style=\"font-family: Verdana;\">\u00a0 \u00a0\u00a0\u00a0\u00a0\u00a0\u00a0\u00a0\u00abY cuando, finalmente, el convoy sali\u00f3 de Caba\u00f1aquinta y se intern\u00f3 por la nueva v\u00eda en direcci\u00f3n a Collanzo, comenz\u00f3 la alegr\u00eda a manifestarse con ininterrumpidos aplausos y v\u00edtores. La llegada al pintoresco pueblo citado, final del viaje, constituy\u00f3 un magno acontecimiento. En la estaci\u00f3n esperaban las\u00a0 autoridades, banda de m\u00fasica y numeroso p\u00fablico. Entre el estruendo de cohetes, v\u00edtores y aplausos, el tren lleg\u00f3 por primera vez a Collanzo y se detuvo en la estaci\u00f3n. Los viajeros fueron objeto de la m\u00e1s cordial acogida, comenzando inmediatamente los grandes festejos que se hab\u00edan preparado.\u00bb<\/span><\/p>\n<p><span style=\"font-family: Verdana;\">\u00a0\u00a0\u00a0\u00a0\u00a0\u00a0\u00a0\u00a0 La m\u00fasica no dej\u00f3 descansar a los bailadores, o los bailadores no permitieron descanso a la m\u00fasica; la alegr\u00eda se mantuvo ardientemente durante el d\u00eda, y s\u00f3lo ya avanzada la noche comenz\u00f3 a decaer. Y ese que el fr\u00edo convidaba poco a estar fuera de casa, pues aquellos montes se hallan ya completamente cubiertos de nieve. El entusiasmo lo venci\u00f3 todo, y la fiesta result\u00f3 digna del acontecimiento.\u00bb<\/span><\/p>\n<p><strong><span style=\"font-family: Verdana;\">\u00abNuestra enhorabuena a todos los Alleranos\u00bb<\/span><\/strong><\/p>\n<p style=\"text-align: right;\">\u00a0<strong style=\"text-align: -webkit-right;\"><span style=\"font-family: Verdana; font-size: x-small;\">Guillermo F. Lorenzo<\/span><\/strong><\/p>\n","protected":false},"excerpt":{"rendered":"<p>Autor: Guillermo F. Lorenzo Vamos a reproducir, por su curiosidad, un art\u00edculo aparecido en el diario\u00a0REGI\u00d3N, de Oviedo, el\u00a0martes 29 de enero del a\u00f1o 1.935. Se escribe desde Oviedo, y\u00a0carece de firma. Dice as\u00ed:<\/p>\n","protected":false},"author":1,"featured_media":0,"comment_status":"open","ping_status":"open","sticky":false,"template":"","format":"standard","meta":{"footnotes":"","_links_to":"","_links_to_target":""},"categories":[15],"tags":[],"class_list":["post-288","post","type-post","status-publish","format-standard","hentry","category-ferrocaril"],"_links":{"self":[{"href":"https:\/\/www.collanzo.com\/WP_Historia\/index.php?rest_route=\/wp\/v2\/posts\/288","targetHints":{"allow":["GET"]}}],"collection":[{"href":"https:\/\/www.collanzo.com\/WP_Historia\/index.php?rest_route=\/wp\/v2\/posts"}],"about":[{"href":"https:\/\/www.collanzo.com\/WP_Historia\/index.php?rest_route=\/wp\/v2\/types\/post"}],"author":[{"embeddable":true,"href":"https:\/\/www.collanzo.com\/WP_Historia\/index.php?rest_route=\/wp\/v2\/users\/1"}],"replies":[{"embeddable":true,"href":"https:\/\/www.collanzo.com\/WP_Historia\/index.php?rest_route=%2Fwp%2Fv2%2Fcomments&post=288"}],"version-history":[{"count":3,"href":"https:\/\/www.collanzo.com\/WP_Historia\/index.php?rest_route=\/wp\/v2\/posts\/288\/revisions"}],"predecessor-version":[{"id":290,"href":"https:\/\/www.collanzo.com\/WP_Historia\/index.php?rest_route=\/wp\/v2\/posts\/288\/revisions\/290"}],"wp:attachment":[{"href":"https:\/\/www.collanzo.com\/WP_Historia\/index.php?rest_route=%2Fwp%2Fv2%2Fmedia&parent=288"}],"wp:term":[{"taxonomy":"category","embeddable":true,"href":"https:\/\/www.collanzo.com\/WP_Historia\/index.php?rest_route=%2Fwp%2Fv2%2Fcategories&post=288"},{"taxonomy":"post_tag","embeddable":true,"href":"https:\/\/www.collanzo.com\/WP_Historia\/index.php?rest_route=%2Fwp%2Fv2%2Ftags&post=288"}],"curies":[{"name":"wp","href":"https:\/\/api.w.org\/{rel}","templated":true}]}}