{"id":284,"date":"2004-06-12T23:45:48","date_gmt":"2004-06-12T23:45:48","guid":{"rendered":"http:\/\/www.collanzo.com\/WP_Historia\/?p=284"},"modified":"2011-12-12T23:47:21","modified_gmt":"2011-12-12T23:47:21","slug":"origen-de-aller-cuerigo-collanzo-etc","status":"publish","type":"post","link":"https:\/\/www.collanzo.com\/WP_Historia\/?p=284","title":{"rendered":"ORIGEN DE ALLER, CU\u00c9RIGO, COLLANZO, ETC"},"content":{"rendered":"<address><span style=\"font-family: Verdana; font-size: x-small;\">Autor:<strong>Jos\u00e9 Manuel Gonz\u00e1lez Garc\u00eda<\/strong><\/span><\/address>\n<p><span style=\"font-family: Verdana; font-size: x-small;\"><strong><\/strong>Top\u00f3nimos de nuestra zona. La etimolog\u00eda est\u00e1 basada en el trabajo de Xulio Concepci\u00f3n Su\u00e1rez, persona sumamente reconocida en el tema , que cuenta con varios temas publicados al respecto y gran conocedor de nuestro concejo.<!--more--><\/span><\/p>\n<div align=\"center\">\n<table border=\"1\" cellspacing=\"0\" cellpadding=\"0\">\n<tbody>\n<tr>\n<td align=\"center\" bgcolor=\"#808080\" width=\"120\">\n<h1><span style=\"color: #000080;\"><strong><span style=\"font-size: small;\">Top\u00f3nimo<\/span><\/strong><\/span><\/h1>\n<\/td>\n<td align=\"center\" bgcolor=\"#808080\" width=\"488\">\n<p align=\"center\"><span style=\"color: #000080;\"><strong><span style=\"font-size: small;\">Etimolog\u00eda posible<\/span><\/strong><\/span><\/p>\n<\/td>\n<\/tr>\n<tr>\n<td align=\"right\" valign=\"top\" width=\"120\"><em><strong><span style=\"font-size: small;\">1.<\/span><\/strong><span style=\"font-size: small;\">\u00a0<\/span><strong><span style=\"font-size: small;\">Aller\/Ayer<\/span><\/strong><\/em><\/td>\n<td valign=\"top\" width=\"488\"><span style=\"font-size: small;\">F<\/span><span style=\"font-size: small;\">\u00a0\u00a0\u00a0\u00a0\u00a0\u00a0<\/span><span style=\"font-size: small;\">Ra\u00edz indoeuropea *<\/span><span style=\"font-size: small;\"><em>al-i-<\/em>\u00a0(\u2018blanco\u2019) aplicada a los cursos de agua que fluyen cristalinos de lo alto de las monta\u00f1as. Tal vez el mismo origen que El R\u00edo l\u2019Alba, El Monte l\u2019Eyu, La Cots\u00e1 Ayones&#8230; Y, por supuesto,\u00a0<em>Rubayer<\/em>: el r\u00edo Aller, por considerar los nativos que el afluente m\u00e1s largo y alto era el que nac\u00eda en Vegar\u00e1, en Las Vegas de la\u00a0<em>Reina<\/em>\u00a0(nada de\u00a0<em>reina<\/em><\/span><span style=\"font-size: small;\">, sino de \u2018riego, valle\u2019).<\/span><\/td>\n<\/tr>\n<tr>\n<td align=\"right\" valign=\"top\" width=\"120\"><em><strong><span style=\"font-size: small;\">2.Cu\u00e9rigo<\/span><\/strong><\/em><\/td>\n<td valign=\"top\" width=\"488\"><span style=\"font-size: small;\">F<\/span><span style=\"font-size: small;\">\u00a0\u00a0\u00a0\u00a0\u00a0\u00a0<\/span><span style=\"font-size: small;\">Hay varias interpretaciones. La m\u00e1s probable parece la ra\u00edz hispano- latina\u00a0<\/span><span style=\"font-size: small;\"><em>c\u00f3rrugum\u00a0<\/em>(\u2018barranco, valle profundo\u2019). O del indoeuropeo\u00a0<em>*kor-\u00a0<\/em>(\u2018altura\u2019), entre alturas. Sufijo prerromano *-<em>ik-<\/em><\/span><span style=\"font-size: small;\">\u00a0(\u2018relativo a\u2019).<\/span><\/td>\n<\/tr>\n<tr>\n<td align=\"right\" valign=\"top\" width=\"120\"><em><strong><span style=\"font-size: small;\">3.Collanzo<\/span><\/strong><\/em><\/td>\n<td valign=\"top\" width=\"488\"><span style=\"font-size: small;\">F<\/span><span style=\"font-size: small;\">\u00a0\u00a0\u00a0\u00a0\u00a0\u00a0<\/span><span style=\"font-size: small;\">Se dice que de la tribu de los astures, los\u00a0<\/span><span style=\"font-size: small;\"><em>coliacini,\u00a0<\/em><\/span><span style=\"font-size: small;\">los coliacinos, documentados en un ara de la iglesia de Serrapio. Pero no puede salir directamente de ah\u00ed el nombre: muchas irregularidades f\u00f3nicas.<\/span><span style=\"font-size: small;\">F<\/span><span style=\"font-size: small;\">\u00a0\u00a0\u00a0\u00a0\u00a0\u00a0<\/span><span style=\"font-size: small;\">La etimolog\u00eda puede ser otra. Como existe Vega de Anzo, o El Cotu Anciu, m\u00e1s bien habr\u00eda que pensar en el lat\u00edn\u00a0<\/span><span style=\"font-size: small;\"><em>collem<\/em>(\u2018colina, altura, paso estrecho\u2019), m\u00e1s el nombre del posesor latino\u00a0<em>Antius<\/em>; o directamente con la ra\u00edz prerromana\u00a0<em>*antiu-<\/em><\/span><span style=\"font-size: small;\">(\u2018altura\u2019). Un valle alto, o perteneciente al posesor citado.<\/span><\/td>\n<\/tr>\n<tr>\n<td align=\"right\" valign=\"top\" width=\"120\"><em><strong><span style=\"font-size: small;\">4.El Fabar\u00edn<\/span><\/strong><\/em><\/td>\n<td valign=\"top\" width=\"488\"><span style=\"font-size: small;\">F<\/span><span style=\"font-size: small;\">\u00a0\u00a0\u00a0\u00a0\u00a0\u00a0<\/span><span style=\"font-size: small;\">En alg\u00fan caso puede ser de\u00a0<\/span><span style=\"font-size: small;\"><em>fabas<\/em>: lugar propicio a las\u00a0<em>fabas<\/em>. Pero hay un Monte Fabar\u00edn en los altos de Lena, y El Fabar, en medio del hayedo\u00a0 Valgrande (imposibles all\u00ed las\u00a0<em>fabas<\/em>). Por esto hay que pensar en un lugar de\u00a0<em>fayas<\/em>, muy apreciadas antes por el\u00a0<em>fabucu<\/em>,\u00a0<em>fa\u00facu<\/em><\/span><span style=\"font-size: small;\">: el fruto de la haya, que se com\u00eda como las casta\u00f1as.<\/span><\/td>\n<\/tr>\n<tr>\n<td align=\"right\" valign=\"top\" width=\"120\"><em><strong><span style=\"font-size: small;\">5.Llanos<\/span><\/strong><\/em><\/td>\n<td valign=\"top\" width=\"488\"><span style=\"font-size: small;\">F<\/span><span style=\"font-size: small;\">\u00a0\u00a0\u00a0\u00a0\u00a0\u00a0<\/span><span style=\"font-size: small;\">No hay dudas: lat\u00edn\u00a0<\/span><span style=\"font-size: small;\"><em>planos<\/em>: en principio, lugares uniformes, lisos, sin obst\u00e1culos, que no tienen por qu\u00e9 ser\u00a0<em>llanos\u00a0<\/em>(hay<em>planos\u00a0<\/em><\/span><span style=\"font-size: small;\">inclinados).<\/span><\/td>\n<\/tr>\n<tr>\n<td align=\"right\" valign=\"top\" width=\"120\"><em><strong><span style=\"font-size: small;\">6.Santibanes de la Fuente<\/span><\/strong><\/em><\/td>\n<td valign=\"top\" width=\"488\"><span style=\"font-size: small;\">F<\/span><span style=\"font-size: small;\">\u00a0\u00a0\u00a0\u00a0\u00a0\u00a0<\/span><span style=\"font-size: small;\">Hagiotoponimia, nombre del\u00a0<\/span><span style=\"font-size: small;\"><em>santu<\/em>\u00a0<em>Sancti Joannis<\/em><\/span><span style=\"font-size: small;\">: en realidad, San Juan; m\u00e1s la fuente: tal vez, por las cualidades de sus aguas.<\/span><\/td>\n<\/tr>\n<tr>\n<td align=\"right\" valign=\"top\" width=\"120\"><em><strong><span style=\"font-size: small;\">7.Valdeberruga<\/span><\/strong><\/em><\/td>\n<td valign=\"top\" width=\"488\"><span style=\"font-size: small;\">F<\/span><span style=\"font-size: small;\">\u00a0\u00a0\u00a0\u00a0\u00a0\u00a0<\/span><span style=\"font-size: small;\">Tal vez designaci\u00f3n de la forma del terreno: lat\u00edn\u00a0<\/span><span style=\"font-size: small;\"><em>vallem\u00a0<\/em><\/span><span style=\"font-size: small;\">m\u00e1s\u00a0<em>verrucam<\/em>\u00a0(\u2018colina, altura\u2019), a su vez de una ra\u00edz prerromana<em>*ber-r-<\/em>\u00a0(\u2018abultamiento\u2019). Un\u00a0<em>valle\u00a0<\/em>con alg\u00fan mont\u00edculo en medio, o junto a un mont\u00edculo m\u00e1s o menos elevado.<\/span><\/td>\n<\/tr>\n<\/tbody>\n<\/table>\n<p>&nbsp;<\/p>\n<\/div>\n<p align=\"right\"><span style=\"text-decoration: underline;\"><strong><span style=\"font-family: Verdana; font-size: x-small;\">Jos\u00e9 Manuel Gonz\u00e1lez Garc\u00eda<\/span><\/strong><\/span><\/p>\n","protected":false},"excerpt":{"rendered":"<p>Autor:Jos\u00e9 Manuel Gonz\u00e1lez Garc\u00eda Top\u00f3nimos de nuestra zona. La etimolog\u00eda est\u00e1 basada en el trabajo de Xulio Concepci\u00f3n Su\u00e1rez, persona sumamente reconocida en el tema , que cuenta con varios temas publicados al respecto y gran conocedor de nuestro concejo.<\/p>\n","protected":false},"author":1,"featured_media":0,"comment_status":"open","ping_status":"open","sticky":false,"template":"","format":"standard","meta":{"footnotes":"","_links_to":"","_links_to_target":""},"categories":[13],"tags":[],"class_list":["post-284","post","type-post","status-publish","format-standard","hentry","category-etimologia"],"_links":{"self":[{"href":"https:\/\/www.collanzo.com\/WP_Historia\/index.php?rest_route=\/wp\/v2\/posts\/284","targetHints":{"allow":["GET"]}}],"collection":[{"href":"https:\/\/www.collanzo.com\/WP_Historia\/index.php?rest_route=\/wp\/v2\/posts"}],"about":[{"href":"https:\/\/www.collanzo.com\/WP_Historia\/index.php?rest_route=\/wp\/v2\/types\/post"}],"author":[{"embeddable":true,"href":"https:\/\/www.collanzo.com\/WP_Historia\/index.php?rest_route=\/wp\/v2\/users\/1"}],"replies":[{"embeddable":true,"href":"https:\/\/www.collanzo.com\/WP_Historia\/index.php?rest_route=%2Fwp%2Fv2%2Fcomments&post=284"}],"version-history":[{"count":3,"href":"https:\/\/www.collanzo.com\/WP_Historia\/index.php?rest_route=\/wp\/v2\/posts\/284\/revisions"}],"predecessor-version":[{"id":287,"href":"https:\/\/www.collanzo.com\/WP_Historia\/index.php?rest_route=\/wp\/v2\/posts\/284\/revisions\/287"}],"wp:attachment":[{"href":"https:\/\/www.collanzo.com\/WP_Historia\/index.php?rest_route=%2Fwp%2Fv2%2Fmedia&parent=284"}],"wp:term":[{"taxonomy":"category","embeddable":true,"href":"https:\/\/www.collanzo.com\/WP_Historia\/index.php?rest_route=%2Fwp%2Fv2%2Fcategories&post=284"},{"taxonomy":"post_tag","embeddable":true,"href":"https:\/\/www.collanzo.com\/WP_Historia\/index.php?rest_route=%2Fwp%2Fv2%2Ftags&post=284"}],"curies":[{"name":"wp","href":"https:\/\/api.w.org\/{rel}","templated":true}]}}