{"id":243,"date":"2004-06-12T22:47:26","date_gmt":"2004-06-12T22:47:26","guid":{"rendered":"http:\/\/www.collanzo.com\/WP_Historia\/?p=243"},"modified":"2011-12-12T22:53:48","modified_gmt":"2011-12-12T22:53:48","slug":"iglesia-parroquial-de-cuerigo-y-otras","status":"publish","type":"post","link":"https:\/\/www.collanzo.com\/WP_Historia\/?p=243","title":{"rendered":"IGLESIA PARROQUIAL DE CU\u00c9RIGO Y OTRAS"},"content":{"rendered":"<p><span style=\"text-decoration: underline;\"><span style=\"color: #000080; font-family: Verdana; font-size: x-small;\">Autor:\u00a0<\/span><\/span><span style=\"font-family: Verdana;\"><span style=\"text-decoration: underline;\"><span style=\"color: #000080; font-size: x-small;\">\u00abASOCIACI\u00d3N DE CABALLEROS DEL CAMINO DE SANTIAGO ALLERANO-ANDRES BORETTA\u00bb.<\/span><\/span><\/span><\/p>\n<p>La\u00a0<strong>Iglesia Parroquial de Cu\u00e9rigo<\/strong>\u00a0ya figura citada en el \u00abLibro Becerro de la Catedral de Oviedo\u00bb (a\u00f1o 1385) como \u00abSanta Mar\u00eda de Cuerago\u00bb, y se dice \u00abHusanla apresentar omnes fijos dalgo.\u00a0Escapell\u00e1n della Go\u00e7alo Alfonso\u00bb, estando incluida en el Arcedianal go de Gord\u00f3n-Arciprestazgo de Aller. En un momento determinado\u00a0al ser peque\u00f1os sus frutos (rentas) se unieron con los de la Iglesia de\u00a0<strong>San Miguel de Conforcos<\/strong><strong>.<!--more--><\/strong><\/p>\n<p>En el Archivo Hist\u00f3rico Diocesano de Oviedo se conservan datos referentes a la misma, entre ellos Libros Sacramentales (bautizados, casados, difuntos) que abarcan desde el a\u00f1o 1681 hasta 1876, faltando algunos a\u00f1os intermedios, y Libros de F\u00e1brica desde el a\u00f1o 1706.<\/p>\n<p>Como curiosidad citar que en el a\u00f1o 1771 era cura Josef Miguel Hevia Casta\u00f1\u00f3n, en 1810 lo era Josef Hevia Casta\u00f1\u00f3n (coincidi\u00f3 con la Guerra de la Independencia), le si-gui\u00f3 Miguel Guti\u00e9rrez, en 1835 Antonio Arg\u00fcelles, y ya en 1915 lo fue Pedro Garc\u00eda, conocido popularmente como \u00abPedr\u00edn\u00bb, y destac\u00f3 por su gran habilidad en el arte de la carpinter\u00eda.<\/p>\n<p>En el interior se conservan numerosas tallas, entre ellas la\u00a0<strong>Virgen de la Expectaci\u00f3n<\/strong>, representada como de la \u00abO\u00bb (recibe esta denominaci\u00f3n por recitarse en la \u00faltima Semana de Adviento las Ant\u00edfonas que se inician con dicha letra \u00abo\u00bb), esta talla representa a la Virgen Mar\u00eda con la mano posada en el vientre en un avanzado estado de embarazo.<\/p>\n<p>Otras tallas son las rom\u00e1nicas de una Virgen-Madre, Santiago y Jacobus Peregrinos (demostrando la importancia de Cu\u00e9rigo en la Ruta Jacobea Allerana), Santa Ana con la Virgen y el Ni\u00f1o (s.XVI), San Antonio (barroco) o San Jos\u00e9 con una inscripci\u00f3n en la peana indicando que se hizo en el a\u00f1o 1732 por \u00abdevoci\u00f3n del Presb\u00edtero Jos\u00e9 Casta\u00f1\u00f3n Arg\u00fcelles\u00bb, junto con curiosas cruces procesionales.<\/p>\n<p>La construcci\u00f3n actual del templo no tiene nada destacable, habiendo existido un cementerio en el exterior, que hoy ocupa la carretera, donde salieron a la luz varias l\u00e1pidas medievales.<\/p>\n<p>En el \u00abDiccionario Geogr\u00e1fico-Estad\u00edstico-Hist\u00f3rico de Espa\u00f1a y sus Posesiones de Ultramar\u00bb de Pascual Madoz (1845-1850) se recoge: \u00abCUERIGO (Sta.Mar\u00eda): La Iglesia parroquial bajo la advocaci\u00f3n de Nuestra Se\u00f1ora est\u00e1 servida por un cura de ingreso y patronato laical\u00bb.<\/p>\n<p>Existi\u00f3 una Cofrad\u00eda de \u00c1nimas y existe un crucifijo de madera, con un Cristo yacente, que lleva una calavera y dos f\u00e9mures cruzados, que est\u00e1 dedicado a las \u00c1nimas del Purgatorio, y se colocaba con otra calavera de madera en el Altar Mayor los d\u00edas de \u00c1nimas. El Cristo data del siglo XVII.<\/p>\n<p>Se debe de recordar una importante Obra P\u00eda que exist\u00eda en la Iglesia, y que llevaba por t\u00edtulo \u00abOBRA PIA DE NUESTRA SE\u00d1ORA DE LA O,EN CUERIGO\u00bb,fundada por el Licenciado D.Pedro Fern\u00e1ndez del Fueyo,Presb\u00edtero beneficiado de la Capellan\u00eda de Nuestra Se\u00f1ora de la O y vecino de la Parroquia de Cu\u00e9rigo en Aller, por el testamento bajo el que falleci\u00f3, otorgado en 26 de agosto de 1680, a testimonio del Escribano de n\u00famero del ayuntamiento del Concejo, Francisco Rodr\u00edguez Sol\u00eds, \u00abfund\u00f3 y estableci\u00f3 esta obra p\u00eda asignando para su dotaci\u00f3n varias ventas consistentes en los r\u00e9ditos de 600 ducados. El objeto del fundador al establecer esta obra piadosa era que sus rentas se aplicasen para casar a doncellas, hijas de sus leg\u00edtimos hermanos y hermanas\u00bb.<\/p>\n<p>Tambi\u00e9n Cu\u00e9rigo cuenta con otra Capilla, bajo la advocaci\u00f3n del\u00a0<strong>Santo \u00c1ngel de la Guarda<\/strong>, que es una edificaci\u00f3n de planta rectangular, nave \u00fanica cuadrada, donde se ubica el altar, con un p\u00f3rtico muy amplio y que forma un rect\u00e1ngulo alargado hacia el occidente de la capilla, encontr\u00e1ndose el campanario en un lateral formando parte de la prolongaci\u00f3n del muro frontal, con una curiosa espada\u00f1a que contiene el campanil. En el interior existe un enrejado con la correspondiente inscripci\u00f3n de su colocaci\u00f3n por cuenta de D. Antonio Arg\u00fcelles, P\u00e1rroco de Santa Mar\u00eda de Cu\u00e9rigo en el a\u00f1o 1878, y lo hizo Jos\u00e9 Arg\u00fcelles. Primitivamente tiene toda la identidad de haber sido un Humilladero, por sus dimensiones y ubicaci\u00f3n en plena Ruta Jacobea (acceso desde la Meseta por Vegarada y Piedrafita al concejo de Aller).El \u00c1ngel de la Guarda de esta Capilla es protector de los ni\u00f1os contra la \u00abpeste\u00bb. Esta Capilla se encuentra datada ya en el a\u00f1o 1635 y contaba con la \u00abCofrad\u00eda del Santo \u00c1ngel\u00bb con numerosas posesiones de cabezas de ganado.<\/p>\n<p>En las cercan\u00edas, pero ya en la poblaci\u00f3n de Collanzo (antigua denominaci\u00f3n de COYANKA y LA POLA DE COLLANZO, tambi\u00e9n fue capital administrativa del Con cejo hasta el a\u00f1o 1869, posiblemente desde principios del siglo XVI, con casa consistorial, c\u00e1rcel, juzgado, mes\u00f3n y castillo), se encuentra l<strong>a Iglesia del Cristo<\/strong>, de factura moderna, inaugurada el d\u00eda 13 de junio de 1968 por el Arzobispo de la Di\u00f3cesis, Enrique Vicente y Taranc\u00f3n, siendo alcalde del Concejo, Pl\u00e1cido Rodr\u00edguez Garc\u00eda, asistiendo al evento numerosas autoridades y siendo un d\u00eda de fiesta en Collanzo.<\/p>\n<p>Sin embargo, la Iglesia m\u00e1s destacable es la Parroquial de<strong>\u00a0San Juan de Riomera<\/strong>, sita en Santib\u00e1\u00f1ez de la Fuente, Monumento Hist\u00f3rico Art\u00edstico, y de la que se hablar\u00e1 en su apartado correspondiente, as\u00ed como de la Capilla de los\u00a0<strong>Dolores en La Fuente<\/strong>, y las ya desaparecidas de\u00a0<strong>Santa Ana<\/strong>\u00a0en La Fuente y la de\u00a0<strong>San\u00a0<\/strong><strong>Antonio<\/strong><strong>\u00a0y la Soledad<\/strong>\u00a0en las inmediaciones de la \u00ab<strong>Casa de la Vega<\/strong>\u00ab, sin olvidar la actual capilla de\u00a0<strong>San Pedro de Llanos<\/strong>.<\/p>\n<p style=\"text-align: right;\">\u00a0<span class=\"Apple-style-span\" style=\"line-height: 15px; font-size: x-small;\">\u00a0 \u00a0 \u00a0 ASOCIACI\u00d3N DE CABALLEROS DEL CAMINO DE SANTIAGO ALLERANO \u00abANDRES BORETA\u00bb.<\/span><\/p>\n","protected":false},"excerpt":{"rendered":"<p>Autor:\u00a0\u00abASOCIACI\u00d3N DE CABALLEROS DEL CAMINO DE SANTIAGO ALLERANO-ANDRES BORETTA\u00bb. La\u00a0Iglesia Parroquial de Cu\u00e9rigo\u00a0ya figura citada en el \u00abLibro Becerro de la Catedral de Oviedo\u00bb (a\u00f1o 1385) como \u00abSanta Mar\u00eda de Cuerago\u00bb, y se dice \u00abHusanla apresentar omnes fijos dalgo.\u00a0Escapell\u00e1n della &hellip; <a href=\"https:\/\/www.collanzo.com\/WP_Historia\/?p=243\">Sigue leyendo <span class=\"meta-nav\">&rarr;<\/span><\/a><\/p>\n","protected":false},"author":1,"featured_media":0,"comment_status":"open","ping_status":"open","sticky":false,"template":"","format":"standard","meta":{"footnotes":"","_links_to":"","_links_to_target":""},"categories":[14],"tags":[],"class_list":["post-243","post","type-post","status-publish","format-standard","hentry","category-religiosos"],"_links":{"self":[{"href":"https:\/\/www.collanzo.com\/WP_Historia\/index.php?rest_route=\/wp\/v2\/posts\/243","targetHints":{"allow":["GET"]}}],"collection":[{"href":"https:\/\/www.collanzo.com\/WP_Historia\/index.php?rest_route=\/wp\/v2\/posts"}],"about":[{"href":"https:\/\/www.collanzo.com\/WP_Historia\/index.php?rest_route=\/wp\/v2\/types\/post"}],"author":[{"embeddable":true,"href":"https:\/\/www.collanzo.com\/WP_Historia\/index.php?rest_route=\/wp\/v2\/users\/1"}],"replies":[{"embeddable":true,"href":"https:\/\/www.collanzo.com\/WP_Historia\/index.php?rest_route=%2Fwp%2Fv2%2Fcomments&post=243"}],"version-history":[{"count":2,"href":"https:\/\/www.collanzo.com\/WP_Historia\/index.php?rest_route=\/wp\/v2\/posts\/243\/revisions"}],"predecessor-version":[{"id":249,"href":"https:\/\/www.collanzo.com\/WP_Historia\/index.php?rest_route=\/wp\/v2\/posts\/243\/revisions\/249"}],"wp:attachment":[{"href":"https:\/\/www.collanzo.com\/WP_Historia\/index.php?rest_route=%2Fwp%2Fv2%2Fmedia&parent=243"}],"wp:term":[{"taxonomy":"category","embeddable":true,"href":"https:\/\/www.collanzo.com\/WP_Historia\/index.php?rest_route=%2Fwp%2Fv2%2Fcategories&post=243"},{"taxonomy":"post_tag","embeddable":true,"href":"https:\/\/www.collanzo.com\/WP_Historia\/index.php?rest_route=%2Fwp%2Fv2%2Ftags&post=243"}],"curies":[{"name":"wp","href":"https:\/\/api.w.org\/{rel}","templated":true}]}}