{"id":105,"date":"2003-01-01T22:56:20","date_gmt":"2003-01-01T22:56:20","guid":{"rendered":"http:\/\/www.collanzo.com\/WP_Historia\/?p=105"},"modified":"2011-12-09T23:50:09","modified_gmt":"2011-12-09T23:50:09","slug":"bibliografia-del-padre-juan-alonso","status":"publish","type":"post","link":"https:\/\/www.collanzo.com\/WP_Historia\/?p=105","title":{"rendered":"Bibliograf\u00eda del Padre Juan Alonso"},"content":{"rendered":"<address><span style=\"color: #333399;\">Autor: Arcadio Alonso<\/span><\/address>\n<p>La decisi\u00f3n del Exmo. Ayuntamiento de Aller de dedicar una calle al Padre Juan Alonso Fern\u00e1ndez en Cu\u00e9rigo, convertida en realidad el d\u00eda 14 de agosto del a\u00f1o 2002,<!--more--> ha contribuido a hacer de \u00e9l un referente para sus vecinos actuales, a la vez que constituye un est\u00edmulo para recordar a las personas que, por v\u00ednculos familiares, estuvieron m\u00e1s pr\u00f3ximos a su vida.<\/p>\n<div id=\"attachment_107\" style=\"width: 190px\" class=\"wp-caption alignleft\"><a href=\"http:\/\/www.collanzo.com\/WP_Historia\/wp-content\/uploads\/2011\/12\/Jaun_Alonso.jpg\"><img loading=\"lazy\" decoding=\"async\" aria-describedby=\"caption-attachment-107\" class=\"size-medium wp-image-107 \" title=\"Jaun_Alonso\" src=\"http:\/\/www.collanzo.com\/WP_Historia\/wp-content\/uploads\/2011\/12\/Jaun_Alonso-300x282.jpg\" alt=\"\" width=\"180\" height=\"169\" srcset=\"https:\/\/www.collanzo.com\/WP_Historia\/wp-content\/uploads\/2011\/12\/Jaun_Alonso-300x282.jpg 300w, https:\/\/www.collanzo.com\/WP_Historia\/wp-content\/uploads\/2011\/12\/Jaun_Alonso.jpg 640w\" sizes=\"auto, (max-width: 180px) 100vw, 180px\" \/><\/a><p id=\"caption-attachment-107\" class=\"wp-caption-text\">Padre Juan Alonso<\/p><\/div>\n<p>Sus padres, Alejo Alonso Su\u00e1rez (1903-1956) y Edelmira Fern\u00e1ndez Fern\u00e1ndez (1907-1984), eran naturales respectivamente de Felechosa y de Cu\u00e9rigo. Como otros muchos asturianos, hab\u00edan emigrado a Cuba siendo todav\u00eda muy j\u00f3venes. Se conocieron en la Habana y contrajeron matrimonio en 1930, regresando a Asturias al a\u00f1o siguiente. Durante alg\u00fan tiempo, su hogar fue el de nuestros abuelos maternos (Xuan de Pepa y Hermenegildo), en Cu\u00e9rigo, donde nacimos los tres hijos del matrimonio (Jos\u00e9 Mar\u00eda, Juan y Arcadio). Posteriormente, y tras una breve estancia en Felechosa, pasamos a vivir en la Barraca, en el l\u00edmite con Collanzo. Durante estos a\u00f1os, nuestro padre trabaja inicialmente como vigilante de minas y mas tarde como alba\u00f1il y carpintero, mientras que nuestra madre realiza actividades variadas que van desde cocinera a comadrona, desde labores del campo a tareas de servicio dom\u00e9stico.<\/p>\n<p>Juan asiste a la escuela de Cu\u00e9rigo hasta 1947, a\u00f1o en que inicia sus estudios de bachillerato en el colegio \u201cPeque\u00f1a Obra\u201d, dirigido por la congregaci\u00f3n religiosa en la que decidir\u00eda integrarse despu\u00e9s definitivamente (Misioneros del Sagrado Coraz\u00f3n). Tras el a\u00f1o de Noviciado en Barcelona, realiza los estudios de Filosof\u00eda y Teolog\u00eda, en el periodo 1953-1960, en la Casa Escolasticado de Logro\u00f1o, a la que se trasladaron tambi\u00e9n nuestros padres y pep\u00edn con el fin de ocuparse de las labores de cocina, de mantenimiento del edificio y de la atenci\u00f3n a la huerta. El d\u00eda 11 de junio de 1960 es ordenado sacerdote y pocos d\u00edas despu\u00e9s celebra su primera Misa en su Cu\u00e9rigo natal.<\/p>\n<p>A partir de ese momento, comienza la etapa de dedicaci\u00f3n plena a la tarea misionera. Trabaja tres a\u00f1os en Guatemala, desplaz\u00e1ndose posteriormente a Indonesia con el fin de sustituir a miembros de su Congregaci\u00f3n que hab\u00edan sido expulsados del pa\u00eds. En 1965 regresa a Guatemala y orienta su labor a la promoci\u00f3n material y religiosa de la zona central del Quich\u00e9, habitada mayoritariamente por indios mayas. Es detenido, torturado y finalmente asesinado por un grupo de militares o paramilitares el d\u00eda 15 de febrero de 1981. Actualmente sus restos mortales descansan en el interior de la selva, muy cerca de un Iglesia (\u201cNuestra Se\u00f1ora de Covadonga\u201d), un dispensario y un centro de ayuda social que \u00e9l mismo edific\u00f3, cuid\u00f3 y mantuvo activos al servicio de la comunidad maya. La percepci\u00f3n que esas gentes ten\u00edan de su persona, consider\u00e1ndole uno m\u00e1s de los suyos, se resume en la expresi\u00f3n \u201ctierra de nuestra tierra\u201d, que repet\u00edan en el momento de los funerales y que se encuentra en diversas cartas de condolencia que hicieron llegar a nuestra madre.<\/p>\n<p>A lo largo de sus a\u00f1os de vida misionera, regres\u00f3 a Asturias en tres ocasiones, la \u00faltima en 1977. Sus paisanos de Cu\u00e9rigo mantienen vivo su recuerdo y contin\u00faan viendo en \u201c el nietu de Xu\u00e1n de n\u00e1 \u201c a uno de los hijos del pueblo m\u00e1s representativos de los valores que definen su identidad. El hecho de que se vaya consolidando la posibilidad de que en a\u00f1os pr\u00f3ximos sea beatificado invita, sin duda, a ir m\u00e1s all\u00e1 del \u00e1mbito local y a situar el ejemplo de su vida en un horizonte m\u00e1s universal, tanto fuera como dentro de la Iglesia.<\/p>\n<p style=\"text-align: right;\">Enero 2003<\/p>\n<address style=\"padding-left: 360px;\">\u00a0Arcadio Alonso<\/address>\n<p>&nbsp;<\/p>\n","protected":false},"excerpt":{"rendered":"<p>Autor: Arcadio Alonso La decisi\u00f3n del Exmo. Ayuntamiento de Aller de dedicar una calle al Padre Juan Alonso Fern\u00e1ndez en Cu\u00e9rigo, convertida en realidad el d\u00eda 14 de agosto del a\u00f1o 2002,<\/p>\n","protected":false},"author":1,"featured_media":0,"comment_status":"open","ping_status":"open","sticky":false,"template":"","format":"standard","meta":{"footnotes":"","_links_to":"","_links_to_target":""},"categories":[6],"tags":[],"class_list":["post-105","post","type-post","status-publish","format-standard","hentry","category-personajes"],"_links":{"self":[{"href":"https:\/\/www.collanzo.com\/WP_Historia\/index.php?rest_route=\/wp\/v2\/posts\/105","targetHints":{"allow":["GET"]}}],"collection":[{"href":"https:\/\/www.collanzo.com\/WP_Historia\/index.php?rest_route=\/wp\/v2\/posts"}],"about":[{"href":"https:\/\/www.collanzo.com\/WP_Historia\/index.php?rest_route=\/wp\/v2\/types\/post"}],"author":[{"embeddable":true,"href":"https:\/\/www.collanzo.com\/WP_Historia\/index.php?rest_route=\/wp\/v2\/users\/1"}],"replies":[{"embeddable":true,"href":"https:\/\/www.collanzo.com\/WP_Historia\/index.php?rest_route=%2Fwp%2Fv2%2Fcomments&post=105"}],"version-history":[{"count":9,"href":"https:\/\/www.collanzo.com\/WP_Historia\/index.php?rest_route=\/wp\/v2\/posts\/105\/revisions"}],"predecessor-version":[{"id":196,"href":"https:\/\/www.collanzo.com\/WP_Historia\/index.php?rest_route=\/wp\/v2\/posts\/105\/revisions\/196"}],"wp:attachment":[{"href":"https:\/\/www.collanzo.com\/WP_Historia\/index.php?rest_route=%2Fwp%2Fv2%2Fmedia&parent=105"}],"wp:term":[{"taxonomy":"category","embeddable":true,"href":"https:\/\/www.collanzo.com\/WP_Historia\/index.php?rest_route=%2Fwp%2Fv2%2Fcategories&post=105"},{"taxonomy":"post_tag","embeddable":true,"href":"https:\/\/www.collanzo.com\/WP_Historia\/index.php?rest_route=%2Fwp%2Fv2%2Ftags&post=105"}],"curies":[{"name":"wp","href":"https:\/\/api.w.org\/{rel}","templated":true}]}}