{"id":1,"date":"2004-06-25T23:15:19","date_gmt":"2004-06-25T23:15:19","guid":{"rendered":"http:\/\/www.collanzo.com\/WP_Historia\/?p=1"},"modified":"2011-12-09T23:40:14","modified_gmt":"2011-12-09T23:40:14","slug":"hola-mundo","status":"publish","type":"post","link":"https:\/\/www.collanzo.com\/WP_Historia\/?p=1","title":{"rendered":"Gel\u00edn el pescaor"},"content":{"rendered":"<p><span style=\"color: #333399;\"><em><em>Autor: Ton\u00edn, el fiu de Gel\u00edn el pescaor<\/em><\/em><\/span><\/p>\n<p><span style=\"color: #333399;\"><em><em><\/em>A veces le recuerdo a sus ochenta a\u00f1os con el cayado en una mano y en la otra la ca\u00f1a, lanzando en la tablada del Fabar\u00edn a la pluma, en esas noches de verano, con mi madre a su lado por si se ca\u00eda, estaba media hora all\u00ed, lanzando la boya una y otra vez hasta que cansado por el esfuerzo retiraba los aparejos y con mi madre del brazo se iba tan contento como si hubiese pescado la mayor y mejor trucha del r\u00edo.<\/em><\/span><\/p>\n<p><!--more--><\/p>\n<p><em style=\"text-align: justify;\"><span style=\"font-family: Verdana; font-size: medium;\">Escribir acerca del padre de uno mismo parece f\u00e1cil, ya que tienes todas las vivencias y recuerdos aun frescos en la memoria, nada mas lejos de la realidad, es posible que al hacerlo te pases en sus meritos y quede lo escrito como un panfleto de propaganda, o no seas capaz de referir todo o casi todo lo que de el recuerdas.<\/span><\/em><\/p>\n<div id=\"attachment_39\" style=\"width: 132px\" class=\"wp-caption alignleft\"><a href=\"http:\/\/www.collanzo.com\/WP_Historia\/wp-content\/uploads\/2011\/11\/gelin.jpg\"><img loading=\"lazy\" decoding=\"async\" aria-describedby=\"caption-attachment-39\" class=\"size-full wp-image-39\" title=\"Gelin el pescaor\" src=\"http:\/\/www.collanzo.com\/WP_Historia\/wp-content\/uploads\/2011\/11\/gelin.jpg\" alt=\"\" width=\"122\" height=\"168\" \/><\/a><p id=\"caption-attachment-39\" class=\"wp-caption-text\">Gel\u00edn el pescaor<\/p><\/div>\n<p align=\"justify\"><em><span style=\"font-family: Verdana; font-size: medium;\">Con este pre\u00e1mbulo, que solo indica el miedo de no saber hacerlo adecuadamente, empezare a hablar de mi padre.<\/span><\/em><\/p>\n<p align=\"justify\"><em><span style=\"font-family: Verdana; font-size: medium;\">Mi padre naci\u00f3 en Sama de Langreo all\u00e1 por el a\u00f1o de 1909, seguro que muchos cre\u00edais que era de Aller, pues no, hab\u00eda nacido en Sama de Langreo como dec\u00eda antes.<\/span><\/em><\/p>\n<p align=\"justify\"><em><span style=\"font-family: Verdana; font-size: medium;\">La relaci\u00f3n de mi padre con el concejo de Aller esta vinculada a sus r\u00edos, y por ende a sus por entonces numerosas y exquisitas truchas.<\/span><\/em><\/p>\n<p align=\"justify\"><em><span style=\"font-family: Verdana; font-size: medium;\">Mi padre se hab\u00eda jubilado de la mina en tercer grado de silicosis, y aunque antes de hacerlo ya visitaba este concejo, a partir de entonces, ya fue un habitual de los r\u00edos alleranos, por dos motivos principales, uno por la salud y el otro por la ayuda econ\u00f3mica que supon\u00eda la venta de la pesca diaria, no se cual de estos dos motivos era el primero ni el segundo, pero si que eran importantes<\/span><\/em><\/p>\n<p align=\"justify\"><em><span style=\"font-family: Verdana; font-size: medium;\">Recuerdo que mi padre pasaba temporadas en Collanzo, durante el periodo de pesca, mientras mi madre y yo segu\u00edamos en Figaredo hasta que empezaban las vacaciones escolares. Durante ese tiempo se quedaba de pensi\u00f3n creo recordar en la casa de Prieto, que llamaban cari\u00f1osamente de \u201cla g\u00fcela\u201d, y otras veces en La Panera de Alicia y Dionisio, a esta tambi\u00e9n le vend\u00eda las truchas que a veces pescaba, con las que Alicia (q.e.p.d.) hacia una menestra inigualable.<\/span><\/em><\/p>\n<p align=\"justify\"><em><span style=\"font-family: Verdana; font-size: medium;\">Por este motivo, nos trasladamos a vivir a Collanzo, despu\u00e9s de haber estado varios a\u00f1os pasando las vacaciones, definitivamente nos quedamos a vivir aqu\u00ed, cerca de su r\u00edo.<\/span><\/em><\/p>\n<p align=\"justify\"><em><span style=\"font-family: Verdana; font-size: medium;\">Imaginad para un g\u00fcaje, como era yo entonces, lo sorprendente e impactante que fue para mi la primera vez que vi el r\u00edo con sus aguas tan claras y transparentes, acostumbrado al negro de las aguas del Tur\u00f3n y del Caudal, sub\u00edamos en el tren, yo asomado a la ventanilla con los ojos llenos de la carbonilla que la m\u00e1quina desped\u00eda por su chimenea, venia viendo el r\u00edo con sus aguas negras y como por arte de magia, apareci\u00f3 de repente cristalino, se que me alborot\u00e9, porque este recuerdo no se me borrar\u00e1 jam\u00e1s de mi mente, y cuando en Ronderos el r\u00edo cambi\u00f3 su curso, me lanc\u00e9 al otro lado del tren entre la gente que all\u00ed estaba sentada para seguir mir\u00e1ndolo. Esa afici\u00f3n, o devoci\u00f3n por la pesca, mi padre me la transmiti\u00f3 a mi, pero debo de reconocer que no con la misma habilidad que el tenia. Cierto es que me esforzaba en aprender a conocer el r\u00edo, esa fue la primera lecci\u00f3n que mi padre me dio. Me dijo, lo recuerdo muy bien, para pescar algo lo primero es conocer donde estas pescando, saber como, cuando y que d\u00edas ser\u00e1n mas favorables a ello, f\u00edjate bien en todo y aprender\u00e1s con el tiempo, dicho esto, me entrego una ca\u00f1a de ca\u00f1avera, preparada con un sedal y un anzuelo, y nos fuimos los dos al r\u00edo, al amanecer, yo alborotado porque iba a ir de pesca con mi padre por primera vez, de lo que pesque no lo mencionare, este escrito es referente a mi padre, as\u00ed que lo obviare.<\/span><\/em><\/p>\n<p align=\"justify\"><em><span style=\"font-family: Verdana; font-size: medium;\">Despu\u00e9s de ese d\u00eda vinieron otros y otros, y la experiencia se fue acumulando en m\u00ed, y ya pude hacer mis pinitos solo por el r\u00edo, con m\u00e1s o menos fortuna.<\/span><\/em><\/p>\n<p align=\"justify\"><em><span style=\"font-family: Verdana; font-size: medium;\">Cuando me acuerdo de esta an\u00e9cdota que tuve con mi padre no puedo por menos que esbozar una sonrisa, permitidme que la cuente.<\/span><\/em><\/p>\n<p align=\"justify\"><em><span style=\"font-family: Verdana; font-size: medium;\">Estaba yo haciendo la mili, y vine de fin de semana (viv\u00edamos en El Fabar\u00edn) me cambi\u00e9 de ropa a toda prisa para irme a Felechosa, mi padre estaba pescando en el pozo que hab\u00eda cerca de la estaci\u00f3n del tren, me acerqu\u00e9 a el, y despu\u00e9s de saludarle, o no se si fue antes, le ped\u00ed cien pesetas para ir de fiesta, se qued\u00f3 mir\u00e1ndome, puso su ca\u00f1a en mis manos y me dijo se\u00f1alando al r\u00edo, ah\u00ed tienes tus cien pesetas, y lo cierto es que as\u00ed fue, la suerte hizo que pescara tres truchas que mi padre me pag\u00f3, ya tenia mis cien pesetas.<\/span><\/em><\/p>\n<p align=\"justify\"><em><span style=\"font-family: Verdana; font-size: medium;\">A veces le recuerdo a sus ochenta a\u00f1os con el cayado en una mano y en la otra la ca\u00f1a, lanzando en la tablada del Fabar\u00edn a la pluma, en esas noches de verano, con mi madre a su lado por si se ca\u00eda, estaba media hora all\u00ed, lanzando la boya una y otra vez hasta que cansado por el esfuerzo retiraba los aparejos y con mi madre del brazo se iba tan contento como si hubiese pescado la mayor y mejor trucha del r\u00edo.<\/span><\/em><\/p>\n<p align=\"justify\"><em><span style=\"font-family: Verdana; font-size: medium;\">Podr\u00eda estar contando muchas cosas sobre mi padre, quien no lo har\u00eda, pero hay que terminar de alguna manera este escrito, y rebusco en mi memoria un calificativo para definirlo y solo se me ocurre pensar que mi padre fue un buen paisano, y espero y deseo que as\u00ed lo hayan visto quienes lo hayan conocido.<\/span><\/em><\/p>\n<p>\u00a0Collanzo, junio de 2004<\/p>\n<p align=\"right\"><em><span style=\"font-family: Verdana; font-size: medium;\">El fiu de Gel\u00edn el pescaor<\/span><\/em><\/p>\n","protected":false},"excerpt":{"rendered":"<p>Historia de Gel\u00edn el pescaor escrita por su hijo Toni <a href=\"https:\/\/www.collanzo.com\/WP_Historia\/?p=1\">Sigue leyendo <span class=\"meta-nav\">&rarr;<\/span><\/a><\/p>\n","protected":false},"author":1,"featured_media":0,"comment_status":"open","ping_status":"open","sticky":false,"template":"","format":"standard","meta":{"footnotes":"","_links_to":"","_links_to_target":""},"categories":[6],"tags":[],"class_list":["post-1","post","type-post","status-publish","format-standard","hentry","category-personajes"],"_links":{"self":[{"href":"https:\/\/www.collanzo.com\/WP_Historia\/index.php?rest_route=\/wp\/v2\/posts\/1","targetHints":{"allow":["GET"]}}],"collection":[{"href":"https:\/\/www.collanzo.com\/WP_Historia\/index.php?rest_route=\/wp\/v2\/posts"}],"about":[{"href":"https:\/\/www.collanzo.com\/WP_Historia\/index.php?rest_route=\/wp\/v2\/types\/post"}],"author":[{"embeddable":true,"href":"https:\/\/www.collanzo.com\/WP_Historia\/index.php?rest_route=\/wp\/v2\/users\/1"}],"replies":[{"embeddable":true,"href":"https:\/\/www.collanzo.com\/WP_Historia\/index.php?rest_route=%2Fwp%2Fv2%2Fcomments&post=1"}],"version-history":[{"count":14,"href":"https:\/\/www.collanzo.com\/WP_Historia\/index.php?rest_route=\/wp\/v2\/posts\/1\/revisions"}],"predecessor-version":[{"id":188,"href":"https:\/\/www.collanzo.com\/WP_Historia\/index.php?rest_route=\/wp\/v2\/posts\/1\/revisions\/188"}],"wp:attachment":[{"href":"https:\/\/www.collanzo.com\/WP_Historia\/index.php?rest_route=%2Fwp%2Fv2%2Fmedia&parent=1"}],"wp:term":[{"taxonomy":"category","embeddable":true,"href":"https:\/\/www.collanzo.com\/WP_Historia\/index.php?rest_route=%2Fwp%2Fv2%2Fcategories&post=1"},{"taxonomy":"post_tag","embeddable":true,"href":"https:\/\/www.collanzo.com\/WP_Historia\/index.php?rest_route=%2Fwp%2Fv2%2Ftags&post=1"}],"curies":[{"name":"wp","href":"https:\/\/api.w.org\/{rel}","templated":true}]}}