{"id":57,"date":"2011-12-03T20:41:31","date_gmt":"2011-12-03T20:41:31","guid":{"rendered":"http:\/\/www.collanzo.com\/WP_Entorno\/?p=57"},"modified":"2011-12-03T20:43:01","modified_gmt":"2011-12-03T20:43:01","slug":"vegetacion-y-fauna-del-entorno-de-san-blas","status":"publish","type":"post","link":"https:\/\/www.collanzo.com\/WP_Entorno\/?p=57","title":{"rendered":"Vegetaci\u00f3n y fauna del entorno de San Blas"},"content":{"rendered":"<address><span style=\"color: #333399;\">Autor<span style=\"font-size: x-small;\"> : Jos\u00e9 Manuel Carballo Gonz\u00e1lez<\/span><\/span><\/address>\n<p align=\"left\"><span style=\"text-decoration: underline;\"><strong><span style=\"color: #000080; font-size: medium;\"><!--more-->Principales comunidades vegetales <\/span><\/strong><\/span><\/p>\n<p align=\"left\">BOSQUES Y PREBOSQUES<\/p>\n<p><strong>1. CARBAYEDAS GALAICO-ASTURIANAS OLIG\u00d3TROFAS (<em>Blechno spicanti-Quercetum roboris<\/em><\/strong> T\u00fcxen &amp; Oberdorfer 1958).<\/p>\n<p><span style=\"text-decoration: underline;\">Diagnosis y estructura<\/span>: Bosques mixtos constituidos por diferentes especies arb\u00f3reas, asentados sobre substratos pobres en bases (areniscas, pizarras, etc.) con suelo forestal de tipo tierra parda, propios de los territorios termocolinos, colinos y montanos galaico-asturianos (Cantabro-Atl\u00e1nticos). <span style=\"text-decoration: underline;\">Estructura<\/span>: En estrato arb\u00f3reo y arbustivo de estos bosques est\u00e1 dominado por carbayos (<em>Quercus robur<\/em>), abedules (<em>Betula celtiberica<\/em>), casta\u00f1os (<em>Castanea sativa<\/em>), acebos (<em>Ilex aquifolium<\/em>), perales silvestres (<em>Pyrus cordata<\/em>), arraclanes (<em>Frangula alnus<\/em>) y avellanos (<em>Corylus avellana<\/em>). En el estrato subarbustivo son frecuentes zarzas (<em>Rubus ulmifolius<\/em>), helechos (<em>Pteridium aquilinum<\/em>), etc. En el estrato herb\u00e1ceo son comunes: <em>Blechnum spicant, Saxifraga hirsuta, Linaria triornithophora, Lonicera periclymenum, Euphorbia dulcis, Dryopteris affinis, Hypericum pulchrum, Oxalis acetosella, Tamus communis, Hedera helix,<\/em> etc. Existe un estrato muscinal bien desarrollado. <span style=\"text-decoration: underline;\">Caracterizaci\u00f3n fitosociol\u00f3gica<\/span>: Estos bosques pertenecen a la asociaci\u00f3n<em> Blechno spicanti-Quercetum roboris<\/em> T\u00fcxen &amp; Oberdorfer 1958, incluida en la alianza <em>Quercion robori-pyrenaicae<\/em>, del <em>Orden Quercetalia roboris<\/em>, Clase <em>Querco-Fagetea<\/em>. <span style=\"text-decoration: underline;\">Sindinamismo<\/span>: Estos bosques mixtos constituyen la etapa madura o cl\u00edmax de la serie clim\u00e1tica termocolina-colina-montana galaico-asturiana acid\u00f3fila del carbayo (<em>Quercus robur<\/em>) (<em>Blechno spicanti-Querceto roboris<\/em> sigmetum). <span style=\"text-decoration: underline;\">Distribuci\u00f3n en Asturias<\/span>: Estos bosques son frecuentes en la regi\u00f3n asturiana, en los territorios sil\u00edceos de los subsectores Galaico-asturiano-septentrional y Ovetense, desde el piso termocolino hasta el montano. Debido a la acci\u00f3n antr\u00f3pica (utilizaci\u00f3n de su territorio para obtener prados, cultivos arvenses o repoblaciones con pinos o eucaliptos) son escasos los bosques de este tipo que est\u00e9n bien estructurados, quedando manchas m\u00e1s o menos extensas en la zona occidental de Asturias.<\/p>\n<p><span style=\"text-decoration: underline;\">Status legal de protecci\u00f3n<\/span>: <strong>No figura<\/strong> en el Anexo I (Tipos de h\u00e1bitats naturales de inter\u00e9s comunitario para cuya conservaci\u00f3n es necesario designar zonas especiales de conservaci\u00f3n) de la Directiva 92\/43\/CEE del consejo de 21 de mayo de 1992, relativa a la conservaci\u00f3n de los h\u00e1bitats naturales y de la fauna y flora silvestre. (Diario Oficial de las Comunidades Europeas, L206 de 22 de julio de 1992).<\/p>\n<p><strong>2. BOSQUES COLINOS OVETENSES EUTROFOS CON CARBAYO (<em>Polysticho setiferi-Fraxinetum excelsioris<\/em> <\/strong>(T\u00fcxen &amp; Oberdorfer 1958) Rivas-Mart\u00ednez ex C. Navarro 1982)<\/p>\n<p><span style=\"text-decoration: underline;\">Diagnosis y estructura<\/span>. Robledales y bosques mixtos meso-xer\u00f3filos que ocupan suelos profundos de b\u00e1sicos a ligeramente \u00e1cidos y de distribuci\u00f3n termo-eucolina c\u00e1ntabro\u2011atl\u00e1ntica. En ellos son comunes <em>Quercus robur<\/em>, <em>Fraxinus excelsior<\/em>, <em>Castanea sativa<\/em>, <em>Acer pseudoplatanus<\/em>, <em>Cornus sanguinea<\/em>, <em>Corylus avellana<\/em>, <em>Polystichum setiferum<\/em>, <em>Pulmonaria longifolia<\/em>, <em>Primula vulgaris<\/em> y <em>Rosa sempervirens.<\/em>En la zona es relativamente frecuente la presencia del haya (<em>Fagus sylvatica<\/em>) en este tipo de bosques.<em> <\/em><span style=\"text-decoration: underline;\">Sindinamismo<\/span>: Estos bosques mixtos constituyen la etapa madura o cl\u00edmax de la serie clim\u00e1tica<strong> <\/strong>termocolina-colina c\u00e1ntabro-euskalduna y ovetense eutrofa del carbayo (<em>Quercus robur<\/em>), (<em>Polysticho setiferi-Fraxineto excelsioris sigmetum<\/em>).<span style=\"text-decoration: underline;\">Caracterizaci\u00f3n fitosociol\u00f3gica<\/span>: Esta asociaci\u00f3n pertenece a la alianza <em>Carpinion<\/em>, del Orden <em>Fagetalia sylvaticae<\/em>, Clase <em>Querco-Fagetea<\/em>. <span style=\"text-decoration: underline;\">Distribuci\u00f3n en Asturias<\/span>: territorios colinos ovetenses con sustratos calc\u00e1reos y puntual en los escasos enclaves con sustratos de esa naturaleza en el subsector Galaico-asturiano septentrional.<\/p>\n<p><span style=\"text-decoration: underline;\">Status legal de protecci\u00f3n<\/span>: <strong>No figura<\/strong> en el Anexo I (Tipos de h\u00e1bitats naturales de inter\u00e9s comunitario para cuya conservaci\u00f3n es necesario designar zonas especiales de conservaci\u00f3n) de la Directiva 92\/43\/CEE del consejo de 21 de mayo de 1992, relativa a la conservaci\u00f3n de los h\u00e1bitats naturales y de la fauna y flora silvestre. (Diario Oficial de las Comunidades Europeas, L206 de 22 de julio de 1992).<\/p>\n<p><strong>3.<\/strong> <strong>BOSQUES RIBERE\u00d1OS CON ALISOS (ALISEDAS) (<em>Hyperico androsaemi-Alnetum glutinosae<\/em> <\/strong>(Br.-Bl. 1967) Rivas-Mart\u00ednez in Loidi 1983).<\/p>\n<p><span style=\"text-decoration: underline;\">Diagnosis y estructura<\/span>: Alisedas ribere\u00f1as con alisos que se asientan sobre suelos permanentemente encharcados, cuyo estrato arb\u00f3reo es muy diverso y de distribuci\u00f3n termocolina y colina ovetense, c\u00e1ntabro-euskalduna, aquitano-landesa y ubi\u00f1ense-picoeuropeana. El estrato arb\u00f3reo y arbustivo de estos bosques ribere\u00f1os est\u00e1 dominado por el aliso o humero (<em>Alnus glutinosa<\/em>), junto con sauces (<em>Salix atrocinerea<\/em>), carbayos (<em>Quercus robur<\/em>), fresnos (<em>Fraxinus excelsior<\/em>) y avellanos (<em>Corylus avellana<\/em>). En el estrato subarbustivo son frecuentes las zarzas (<em>Rubus ulmifolius<\/em>), mientras que en el herb\u00e1ceo dominan <em>Hypericum androsaemum, Athyrium filix-femina, Carex remota, Lathraea clandestina, Phyllitis scolopendrium, Dryopteris dilatata, Arum italicum<\/em>, etc. <span style=\"text-decoration: underline;\">Sindinamismo<\/span>: Estos bosques constituyen la etapa madura o cl\u00edmax de la serie edafohigr\u00f3fila termocolina y colina, ovetense, c\u00e1ntabro-euskalduna, aquitano-landesa y ubi\u00f1ense-picoeuropeana del aliso (<em>Alnus glutinosa<\/em>) (<em>Hyperico androsaemi-Alneto glutinosae<\/em> sigmetum). <span style=\"text-decoration: underline;\">Caracterizaci\u00f3n fitosociol\u00f3gica<\/span>: Estos bosques de ribera se encuadran en la asociaci\u00f3n <em>Hyperico androsaemi-Alnetum glutinosae<\/em> (Br.-Bl. 1967) Rivas-Mart\u00ednez in Loidi 1983, pertenecientes a la subalianza <em>Hyperico androsaemi-Alnenion<\/em>, alianza <em>Alno-Padion <\/em>(<em>Alno-Ulmion<\/em> ), Orden <em>Populetalia albae<\/em>, Clase <em>Querco-Fagetea<\/em>. <span style=\"text-decoration: underline;\">Distribuci\u00f3n en Asturias<\/span>: Se distribuye por los territorios termocolinos y colinos ovetenses y ubi\u00f1enses-picoeuropeanos.<\/p>\n<p><em> <\/em><span style=\"text-decoration: underline;\">Status legal de protecci\u00f3n<\/span>: <strong>Figura<\/strong> en el Anexo I (Tipos de h\u00e1bitats naturales de inter\u00e9s comunitario para cuya conservaci\u00f3n es necesario designar zonas especiales de conservaci\u00f3n) de la Directiva 92\/43\/CEE del consejo de 21 de mayo de 1992, relativa a la conservaci\u00f3n de los h\u00e1bitats naturales y de la fauna y flora silvestre. (Diario Oficial de las Comunidades Europeas, L206 de 22 de julio de 1992), con el C\u00f3digo CORINE (CORINE BIOTOPES PROJECT) 44.3 (alisedas riparias) de la s\u00edntesis realizada para Espa\u00f1a por el ICONA. Figura con el n\u00famero de c\u00f3digo 81E013 en el documento \u201c<em>Data entry form. <\/em><em>Codes for Annex I. Habitat types<\/em>\u201d. Es considerado como <strong>h\u00e1bitat prioritario<\/strong> en la citada Directiva 92\/43\/CEE (su conservaci\u00f3n supone una especial responsabilidad para la Uni\u00f3n Europea, habida cuenta de la importancia de la proporci\u00f3n de su \u00e1rea de distribuci\u00f3n natural incluida en el territorio europeo). La <strong>valoraci\u00f3n del h\u00e1bitat<\/strong> (establecida en el Documento del Principado de Asturias \u201c<em>Tratamiento de los Datos del Inventario de H\u00e1bitats derivado de la Directiva Europea 92\/43\/CEE\u201d<\/em>, y que se basa en criterios de endemicidad, rareza, fragilidad, vulnerabilidad, representatividad, relictismo y priorizaci\u00f3n del h\u00e1bitat) oscila entre<strong> siete y medio (7,5) y diez y medio (10,5) <\/strong>seg\u00fan el grado de naturalidad, en una escala que, para Asturias, oscila entre 2 y 16,5.<\/p>\n<p><strong>4. FORMACIONES ARBUSTIVAS CALC\u00cdCOLAS DE AVELLANO <\/strong>(<strong><em>CORYLUS AVELLANA<\/em>) (Prebosques del<em> Polysticho setiferi-Fraxinetum excelsioris<\/em><\/strong> ( T\u00fcxen &amp; Oberdorfer 1958) Rivas-Martinez ex. C. Navarro 1982).<\/p>\n<p><span style=\"text-decoration: underline;\">Diagnosis y estructura<\/span>: Representa una fase joven (prebosque) de las carbayedas eutrofas antes comentadas del <em>Polysticho setiferi-Fraxinetum excelsioris<\/em>, cuyo estrato superior se encuentra dominado por el avellano (<em>Corylus avellana<\/em>) y, en menor medida, por los fresnos (<em>Fraxinus excelsioris<\/em>) y los arces (<em>Acer pseudoplatanus<\/em>), plantas que compiten ventajosamente como elementos pioneros. En el estrato herb\u00e1ceo aparecen las mismas plantas se\u00f1aladas anteriormente. <span style=\"text-decoration: underline;\">Sindinamismo<\/span>: Estos bosques mixtos constituyen la orla arb\u00f3rea o arbustiva de la serie clim\u00e1tica termocolina-colina c\u00e1ntabro-euskalduna y ovetense eutrofa del carbayo (<em>Quercus robur<\/em>), (<em>Polystico setiferi-Fraxineto excelsioris sigmetum<\/em>). <span style=\"text-decoration: underline;\">Caracterizaci\u00f3n fitosiociol\u00f3gica<\/span>: Estas comunidades, como ya hemos se\u00f1alado, son referibles a la asociaci\u00f3n <em> Polystico setiferi-Fraxinetum excelsioris<\/em>, en una variante joven o de prebosque y se incluye, por tanto, en la alianza <em>Carpinion <\/em>(Orden <em>Fagetalia sylvaticae<\/em>, Clase <em>Querco-Fagetea<\/em>). <span style=\"text-decoration: underline;\">Distribuci\u00f3n en Asturias<\/span>: Territorios colinos ovetenses con sustratos calc\u00e1reos y puntual en los escasos enclaves con sustratos de esa naturaleza en el subsector Galaico-asturiano septentrional.<\/p>\n<p><span style=\"text-decoration: underline;\">Status legal de protecci\u00f3n<\/span>: <strong>No figura<\/strong> en el Anexo I (Tipos de h\u00e1bitats naturales de inter\u00e9s comunitario para cuya conservaci\u00f3n es necesario designar zonas especiales de conservaci\u00f3n) de la Directiva 92\/43\/CEE del consejo de 21 de mayo de 1992, relativa a la conservaci\u00f3n de los h\u00e1bitats naturales y de la fauna y flora silvestre. (Diario Oficial de las Comunidades Europeas, L206 de 22 de julio de 1992).<\/p>\n<p><strong>5. FORMACIONES ARBUSTIVAS SILIC\u00cdCOLAS <\/strong>(<strong><em>Frangulo alni-Pyretum cordatae<\/em><\/strong> Herrera, F. Prieto &amp; Loidi 1991).<\/p>\n<p><span style=\"text-decoration: underline;\">Diagnosis y estructura<\/span>: Comunidades arbustivas silic\u00edcolas y acid\u00f3filas que orlan diversos bosques de la <em>Quercenion robori-pyrenaicae<\/em> y que se distribuyen por los territorios termocolinos y colinos c\u00e1ntabro-euskaldunes, ovetenses y galaico-asturiano septentrionales. En algunos casos se caracterizan por un predominio casi absoluto del brezo blanco (<em>Erica arborea<\/em>), si bien lo m\u00e1s frecuente es la alternancia de <em>Pyrus cordata<\/em> y <em>Frangula alnus<\/em>. Su \u00f3ptimo desarrollo tiene lugar en los territorios sil\u00edceos y son formadores de humus forestal siendo indiferentes a la naturaleza qu\u00edmica del sustrato. <span style=\"text-decoration: underline;\">Sindinamismo<\/span>: Si bien en ocasiones constituyen comunidades permanentes, normalmente forman parte, como estadios preforestales u orlas, de la serie clim\u00e1tica termocolina-colina-montana galaico-asturiana acid\u00f3fila del carbayo (<em>Quercus robur<\/em>) (<em>Blechno spicanti-Querceto roboris<\/em> sigmetum). <span style=\"text-decoration: underline;\">Posici\u00f3n sintaxon\u00f3mica<\/span>: Pertenece a la Alianza <em>Frangulo alni-Pyrion cordatae<\/em> (Orden <em>Prunetalia spinosae<\/em>, Clase <em>Querco-Fagetea<\/em>). <span style=\"text-decoration: underline;\">Distribuci\u00f3n biogeogr\u00e1fica en Asturias<\/span>: Territorios sil\u00edceos termocolinos y colinos.<\/p>\n<p><span style=\"text-decoration: underline;\">Status legal de protecci\u00f3n<\/span>: <strong>No figura<\/strong> en el Anexo I (Tipos de h\u00e1bitats naturales de inter\u00e9s comunitario para cuya conservaci\u00f3n es necesario designar zonas especiales de conservaci\u00f3n) de la Directiva 92\/43\/CEE del consejo de 21 de mayo de 1992, relativa a la conservaci\u00f3n de los h\u00e1bitats naturales y de la fauna y flora silvestre. (Diario Oficial de las Comunidades Europeas, L206 de 22 de julio de 1992).<\/p>\n<p><span style=\"text-decoration: underline;\"><strong>MATORRALES<\/strong><\/span><\/p>\n<p><strong>6. SEBES (<em>Rubo ulmifolii-Tametum communis<\/em> <\/strong>T\u00fcxen <em>in<\/em> T\u00fcxen &amp; Oberdorfer 1958<strong>)<\/strong><\/p>\n<p><strong> <\/strong><span style=\"text-decoration: underline;\">Diagnosis y estructura<\/span>: Espinares y zarzales astur-galaicos (fundamentalmente ovetenses), c\u00e1ntabro-euskaldunes, aquitano-landeses y orocant\u00e1bricos termocolinos y colinos, h\u00famedos-hiperh\u00famedos, desarrollados sobre suelos profundos meso-\u00e9utrofos, constituyendo generalmente la orla arbustiva espinosa natural de los bosques del <em>Carpinion<\/em>. En estas comunidades son frecuentes <em>Rubus ulmifolius<\/em>, <em>Prunus spinosa<\/em>, <em>Crataegus monogyna<\/em>, <em>Cornus sanguinea<\/em>, <em>Ligustrum vulgare<\/em> y <em>Euonymus europeus<\/em>, junto con trepadoras y lianas como <em>Clematis vitalba<\/em>, <em>Tamus communis<\/em>, <em>Lonicera periclymenum<\/em>, <em>Hedera helix<\/em>, <em>Rubia peregrina<\/em>, etc. <span style=\"text-decoration: underline;\">Caracterizaci\u00f3n fitosociol\u00f3gica<\/span>: estas comunidades se encuadran en la subalianza <em>Lonicerion periclymenii<\/em>, Alianza <em>Pruno-Rubion ulmifolii<\/em>, Orden <em>Prunetalia spinosae<\/em>, Clase <em>Querco-Fagetea. <\/em><span style=\"text-decoration: underline;\">Distribuci\u00f3n biogeogr\u00e1fica en Asturias<\/span>: territorios termocolinos y colinos ovetenses, ubi\u00f1ense-picoeuropeanos y puntualmente en los galaico-asturiano septentrionales y laciano-ancarenses.<\/p>\n<p><span style=\"text-decoration: underline;\">Status legal de protecci\u00f3n<\/span>: <strong>No figura<\/strong> en el Anexo I (Tipos de h\u00e1bitats naturales de inter\u00e9s comunitario para cuya conservaci\u00f3n es necesario designar zonas especiales de conservaci\u00f3n) de la Directiva 92\/43\/CEE del consejo de 21 de mayo de 1992, relativa a la conservaci\u00f3n de los h\u00e1bitats naturales y de la fauna y flora silvestre. (Diario Oficial de las Comunidades Europeas, L206 de 22 de julio de 1992).<\/p>\n<p>puntualmente en los galaico-asturiano septentrionales y laciano-ancarenses.<\/p>\n<p><span style=\"text-decoration: underline;\">Status legal de protecci\u00f3n<\/span>: <strong>No figura<\/strong> en el Anexo I (Tipos de h\u00e1bitats naturales de inter\u00e9s comunitario para cuya conservaci\u00f3n es necesario designar zonas especiales de conservaci\u00f3n) de la Directiva 92\/43\/CEE del consejo de 21 de mayo de 1992, relativa a la conservaci\u00f3n de los h\u00e1bitats naturales y de la fauna y flora silvestre. (Diario Oficial de las Comunidades Europeas, L206 de 22 de julio de 1992).<\/p>\n<p><strong>7. AULAGARES CON TOJOS (<em>Ulici europaei\u2011Genistetum occidentalis<\/em><\/strong> T.E. D\u00edaz &amp; F. Prieto 1994)<\/p>\n<p><span style=\"text-decoration: underline;\">Diagnosis y estructura<\/span>: Aulagares con tojos o \u00e1rgomas, bas\u00f3filos, colinos ovetenses, caracterizados por la presencia de <em>Genista occidentalis<\/em>, <em>Ulex europaeus<\/em>, <em>Erica<\/em> <em>vagans<\/em>, <em>Teucrium pyrenaicum<\/em>, <em>Helianthemum nummularium<\/em>, <em>Lithodora diffusa<\/em> y elementos colinos como <em>Smilax aspera<\/em>, <em>Rubia peregrina<\/em>, etc. <span style=\"text-decoration: underline;\">Sindinamismo<\/span>: Constituyen la etapa de degradaci\u00f3n de la serie de las carbayedas e\u00fatrofas o de los encinares oce\u00e1nicos. <span style=\"text-decoration: underline;\">Posici\u00f3n sintaxon\u00f3mica<\/span>: forman parte de la Alianza <em>Genistion occidentalis<\/em>, Orden <em>Ononidetalia striatae<\/em> y Clase <em>Festuco hystricis-Ononidetea striatae<\/em>. <span style=\"text-decoration: underline;\">Distribuci\u00f3n biogeogr\u00e1fica en Asturias<\/span>: Territorios colinos ovetenses.<\/p>\n<p><em> <\/em><span style=\"text-decoration: underline;\">Status legal de protecci\u00f3n<\/span>: <strong>Figura<\/strong> en el Anexo I (Tipos de h\u00e1bitats naturales de inter\u00e9s comunitario para cuya conservaci\u00f3n es necesario designar zonas especiales de conservaci\u00f3n) de la Directiva 92\/43\/CEE del consejo de 21 de mayo de 1992, relativa a la conservaci\u00f3n de los h\u00e1bitats naturales y de la fauna y flora silvestre. (Diario Oficial de las Comunidades Europeas, L206 de 22 de julio de 1992), con el C\u00f3digo CORINE (CORINE BIOTOPES PROJECT) Figura con el n\u00famero de c\u00f3digo 309050 en la s\u00edntesis realizada para Espa\u00f1a por el ICONA. La <strong>valoraci\u00f3n del h\u00e1bitat<\/strong> (establecida en el Documento del Principado de Asturias \u201c<em>Tratamiento de los Datos del Inventario de H\u00e1bitats derivado de la Directiva Europea 92\/43\/CEE\u201d<\/em>, y que se basa en criterios de endemicidad, rareza, fragilidad, vulnerabilidad, representatividad, relictismo y priorizaci\u00f3n del h\u00e1bitat) oscila entre<strong> seis (6) y ocho (8) <\/strong>seg\u00fan el grado de naturalidad, en una escala que, para Asturias, oscila entre 2 y 16,5.<\/p>\n<p><strong>8. AULAGARES DE <em>GENISTA OCCIDENTALIS <\/em>SIN <em>ULEX EUROPAEUS<\/em> (<em>Lithodoro diffusae-Genistetum occidentale <\/em><\/strong>Rivas-Mart\u00ednez, T.E. D\u00edaz, F. Prieto, J. Loidi &amp; A. Penas 1984)<\/p>\n<p><span style=\"text-decoration: underline;\">Diagnosis y estructura<\/span>: Matorrales de aspecto almohadillado dominados por la aulaga (<em>Genista hispanica<\/em> subsp. <em>occidentalis<\/em>) en los que est\u00e1 ausente el tojo (<em>Ulex europaeus<\/em>). Otras matas frecuentes son el caurioto (<em>Erica vagans<\/em>), las jarillas (<em>Helianthemum nummularium, H. canum, <\/em>y <em>H. croceum<\/em> subsp. <em>cantabricum<\/em>) y la carrasquilla (<em>Lithodora difusa<\/em>). Son frcuentes numerosas hierbas y peque\u00f1as matas comunes en los prados de diente sobre calizas y en los lastonares con los que a menudo forman mosaicos intrincados; destacan entre ellas el last\u00f3n, <em>Koeleria vallesiana, Bromus erectus, Thesium pyrenaicum, Hippocrepis comosa, Thymus praecox <\/em>subsp. <em>britannicus <\/em>y <em>Teucrium chamaedrys<\/em>. <span style=\"text-decoration: underline;\">Posici\u00f3n sintaxon\u00f3mica<\/span>: Alianza <em>Genistion occidentalis <\/em>(Orden <em>Ononidetalia striatae, <\/em>Clase <em>Festuco hystricis-Ononidetea striatae<\/em>). <span style=\"text-decoration: underline;\">Distribuci\u00f3n biogeogr\u00e1fica en Asturias<\/span>: Sector Ubi\u00f1ense-Picoeuropeano, y puntual en zonas montanas del subsector Ovetense.<\/p>\n<p><span style=\"text-decoration: underline;\">Status legal de protecci\u00f3n<\/span>: <strong>No figura<\/strong> en el Anexo I (Tipos de h\u00e1bitats naturales de inter\u00e9s comunitario para cuya conservaci\u00f3n es necesario designar zonas especiales de conservaci\u00f3n) de la Directiva 92\/43\/CEE del consejo de 21 de mayo de 1992, relativa a la conservaci\u00f3n de los h\u00e1bitats naturales y de la fauna y flora silvestre. (Diario Oficial de las Comunidades Europeas, L206 de 22 de julio de 1992).<\/p>\n<p><strong>9. TOJALES CALCICOLAS DE <em>ULEX EUROPAEUS.<\/em><\/strong><\/p>\n<p><span style=\"text-decoration: underline;\">Diagnosis y estructura<\/span>: comunidades de car\u00e1cter calc\u00edcola que orlan diversos tipos de bosques (fundamentalmente carbayedas eutrofas o encinares) y de distribuci\u00f3n termocolina y colina c\u00e1ntabro-euskalduna y ovetense. Se caracterizan flor\u00edsticamente por la dominancia casi absoluta del tojo com\u00fan (<em>Ulex europaeus<\/em>). <span style=\"text-decoration: underline;\">Caracterizaci\u00f3n fitosociol\u00f3gica<\/span>: pueden representar una fase del aulagar del <em>Ulici-Genistetum occidentalis, <\/em>debido a fuegos o intensos pastoreos (Alianza<em> Genistion occidentalis, <\/em>Orden<strong> <\/strong><em>Ononidetalia striatae<\/em> y Clase<em> Festuco hystricis-Ononidetea striatae<\/em>). <span style=\"text-decoration: underline;\">Distribuci\u00f3n biogeogr\u00e1fica en Asturias<\/span>: Territorios colinos ovetenses. <span style=\"text-decoration: underline;\">Status legal de protecci\u00f3n<\/span>: <strong>No figura<\/strong> en el Anexo I (Tipos de h\u00e1bitats naturales de inter\u00e9s comunitario para cuya conservaci\u00f3n es necesario designar zonas especiales de conservaci\u00f3n) de la Directiva 92\/43\/CEE del consejo de 21 de mayo de 1992, relativa a la conservaci\u00f3n de los h\u00e1bitats naturales y de la fauna y flora silvestre. (Diario Oficial de las Comunidades Europeas, L206 de 22 de julio de 1992)<\/p>\n<p>PRADOS Y CULTIVOS HORT\u00cdCOLAS<\/p>\n<p><strong>10. PRADOS DE SIEGA Y DIENTE (<em>Lino biennis-Cynosuretum cristati<\/em><\/strong> T\u00fcxen &amp; Oberdorfer 1958<strong>).<\/strong><\/p>\n<p><span style=\"text-decoration: underline;\">Diagnosis y estructura<\/span>: Prados colinos cantabro\u2011atl\u00e1nticos y orocant\u00e1bricos, con frecuencia explotados en r\u00e9gimen mixto de siega y diente, caracterizados por la presencia de <em>Cynosurus cristatus<\/em>, <em>Gaudinia fragilis<\/em>, <em>Trisetum flavescens<\/em>, <em>Trifolium patens<\/em>, <em>Linum bienne<\/em>, <em>Lolium perenne<\/em>, <em>Trifolium maritimum<\/em>, <em>Agrostis tenuis<\/em>, <em>Prunella vulgaris<\/em>, <em>Trifolium repens<\/em>, <em>Dactylis glomerata<\/em>, <em>Daucus carota<\/em>, <em>Crepis capillaris<\/em>, <em>Taraxacum officinale<\/em>, <em>Bellis perennis<\/em>, <em>Holcus lanatus<\/em>, <em>Trifolium pratense<\/em>, <em>Leontodon hispidus<\/em>, <em>Festuca rubra<\/em> subsp. <em>eurubra<\/em>, <em>Ranunculus acer<\/em>, <em>Festuca pratensis<\/em>, <em>Bromus racemosus<\/em>, <em>Poa pratensis<\/em>, <em>Centaurea nigra<\/em>, <em>Lotus corniculatus<\/em>, <em>Plantago lanceolata,<\/em> <em>Hypochoeris radicata<\/em>, <em>Anthoxanthum odoratum<\/em>, <em>Plantago media<\/em>, etc. <span style=\"text-decoration: underline;\">Caracterizaci\u00f3n fitosociol\u00f3gica<\/span>: Pertenecen a la subalianza <em>Gaudinio fragilis-Cynosurenion cristati<\/em>, de la alianza <em>Cynosurion cristati<\/em>, Orden <em>Arrhenatheretalia<\/em>, Clase <em>Molinio-Arrhenatheretea<\/em>. <span style=\"text-decoration: underline;\">Sindinamismo<\/span>: Estas comunidades herb\u00e1ceas forman parte, fundamentalmente, como etapas de degradaci\u00f3n de origen antr\u00f3pico, tanto de la serie de las carbayedas e\u00fatrofas como de las olig\u00f3trofas. <span style=\"text-decoration: underline;\">Distribuci\u00f3n biogeogr\u00e1fica en Asturias<\/span>: se extiende ampliamente por los territorios colinos orocant\u00e1bricos y ovetenses (puntualmente en los galaico-asturianos septentrionales m\u00e1s orientales).<\/p>\n<p><span style=\"text-decoration: underline;\">Status legal de protecci\u00f3n<\/span>: <strong>No figura<\/strong> en el Anexo I (Tipos de h\u00e1bitats naturales de inter\u00e9s comunitario para cuya conservaci\u00f3n es necesario designar zonas especiales de conservaci\u00f3n) de la Directiva 92\/43\/CEE del consejo de 21 de mayo de 1992, relativa a la conservaci\u00f3n de los h\u00e1bitats naturales y de la fauna y flora silvestre. (Diario Oficial de las Comunidades Europeas, L206 de 22 de julio de 1992).<\/p>\n<p><strong>11. CULTIVOS HERB\u00c1CEOS (HUERTAS Y VALLICARES).<\/strong><\/p>\n<p><span style=\"text-decoration: underline;\">Diagnosis y estructura<\/span>: Constituyen comunidades de car\u00e1cter antr\u00f3pico con una cierta significaci\u00f3n en la zona. En los cultivos hort\u00edcolas aparecen comunidades de \u201cmalas hierbas\u201d de cultivos muy especializadas como son las de la asociaci\u00f3n <strong><em>Lamio (hybridi) dissecti\u2011Panicetum crus\u2011galli<\/em><\/strong> R. Tx. &amp; Oberdorfer 1958, que incluye las comunidades de malas hierbas estivales de cultivos sachados de los territorios termocolinos y colinos c\u00e1ntabro\u2011euskaldunes y galaico\u2011asturianos. En estos cultivos arvenses de \u00f3ptimo estival son frecuentes, adem\u00e1s de las plantas arvenses que aparecen a lo largo de todo el a\u00f1o en los cultivos, aquellas de fenolog\u00eda b\u00e1sicamente estival de los g\u00e9neros <em>Amaranthus<\/em>, <em>Chenopodium<\/em>, <em>Polygonum<\/em> y <em>Oxalis latifolia<\/em>, sobre todo, adem\u00e1s de gram\u00edneas como <em>Echinochloa crus\u2011galli<\/em>, <em>Setaria<\/em> sp. pls. o <em>Digitaria sanguinalis<\/em>. Asimismo son frecuentes las de la asociaci\u00f3n <strong><em>Fumario capreolatae\u2011Veronicetum persicae<\/em><\/strong> Aedo, Herrera, F. Prieto &amp; T.E. D\u00edaz 1988, que incluye comunidades arvenses iverno\u2011primaverales de cultivos sachados de los territorios termocolinos y colinos c\u00e1ntabro\u2011euskaldunes y galaico\u2011asturianos. En estos cultivos arvenses de \u00f3ptimo invernal y primaveral son frecuentes <em>Fumaria capreolata<\/em>, <em>Fumaria<\/em> gr. <em>muralis<\/em>, <em>Veronica persica<\/em>, <em>Senecio vulgaris<\/em>, <em>Geranium dissectum<\/em>, <em>Geranium molle<\/em>, <em>Mercurialis annua<\/em>, <em>Lamium hybridum<\/em>, <em>Euphorbia helioscopia<\/em>, <em>Cardamine hirsuta<\/em>, <em>Cerastium glomeratum<\/em>, <em>Stellaria media<\/em>, <em>Stachys arvensis<\/em>, <em>Euphorbia peplus<\/em>, <em>Ranunculus sardous<\/em>, <em>Coleostephus myconis<\/em> y <em>Ranunculus parviflorus<\/em>, estando ausentes las amarant\u00e1ceas, quenopodi\u00e1ceas y gram\u00edneas de la asociaci\u00f3n estival.. Los vallicares (prados de car\u00e1cter artificial) no tienen gran significado.<\/p>\n<p><span style=\"text-decoration: underline;\">Status legal de protecci\u00f3n<\/span>: <strong>No figura<\/strong> en el Anexo I (Tipos de h\u00e1bitats naturales de inter\u00e9s comunitario para cuya conservaci\u00f3n es necesario designar zonas especiales de conservaci\u00f3n) de la Directiva 92\/43\/CEE del consejo de 21 de mayo de 1992, relativa a la conservaci\u00f3n de los h\u00e1bitats naturales y de la fauna y flora silvestre. (Diario Oficial de las Comunidades Europeas, L206 de 22 de julio de 1992).<\/p>\n<p><span style=\"color: #000080;\">Principales especies animales<\/span><\/p>\n<p><span style=\"text-decoration: underline;\">Tabla 1.- Especies pisc\u00edcolas.<\/span><\/p>\n<table width=\"548\" border=\"0\" cellspacing=\"0\" cellpadding=\"0\">\n<tbody>\n<tr>\n<td align=\"center\" valign=\"top\"><span style=\"font-family: 'Trebuchet MS', Arial, Helvetica;\"><strong>Nombre cient\u00edfico<\/strong><\/span><\/td>\n<td align=\"center\" valign=\"top\"><span style=\"font-family: 'Trebuchet MS', Arial, Helvetica;\"><strong> N. castellano<\/strong><\/span><\/td>\n<\/tr>\n<tr>\n<td align=\"center\" valign=\"top\"><span style=\"font-family: 'Trebuchet MS', Arial, Helvetica;\"><em>Salmo trutta<\/em> <\/span><\/td>\n<td align=\"center\" valign=\"top\"><span style=\"font-family: 'Trebuchet MS', Arial, Helvetica;\">Trucha<\/span><\/td>\n<\/tr>\n<tr>\n<td align=\"center\" valign=\"top\"><span style=\"font-family: 'Trebuchet MS', Arial, Helvetica;\"><em>Phoxinus phoxinus<\/em> <\/span><\/td>\n<td align=\"center\" valign=\"top\"><span style=\"font-family: 'Trebuchet MS', Arial, Helvetica;\">Pescardo<\/span><\/td>\n<\/tr>\n<tr>\n<td align=\"center\" valign=\"top\"><span style=\"font-family: 'Trebuchet MS', Arial, Helvetica;\"><em>Anguilla anguilla<\/em><\/span><\/td>\n<td align=\"center\" valign=\"top\"><span style=\"font-family: 'Trebuchet MS', Arial, Helvetica;\">Anguila<\/span><\/td>\n<\/tr>\n<\/tbody>\n<\/table>\n<p align=\"left\"><strong><span style=\"text-decoration: underline;\">Tabla 2.- Listado general de aves .<\/span><\/strong><\/p>\n<table width=\"548\" border=\"0\" cellspacing=\"0\" cellpadding=\"0\">\n<tbody>\n<tr>\n<td align=\"center\" valign=\"top\"><span style=\"font-family: 'Trebuchet MS', Arial, Helvetica;\"><strong>Nombre cient\u00edfico<\/strong><\/span><\/td>\n<td align=\"center\" valign=\"top\"><span style=\"font-family: 'Trebuchet MS', Arial, Helvetica;\"><strong> Nombre castellano<\/strong><\/span><\/td>\n<td align=\"center\" valign=\"top\"><span style=\"font-family: 'Trebuchet MS', Arial, Helvetica;\"><strong>Fenolog\u00eda<\/strong><\/span><\/td>\n<\/tr>\n<tr>\n<td align=\"center\" valign=\"top\"><span style=\"font-family: 'Trebuchet MS', Arial, Helvetica;\"><em>Ardea cinerea<\/em><\/span><\/td>\n<td align=\"center\" valign=\"top\"><span style=\"font-family: 'Trebuchet MS', Arial, Helvetica;\">Garza real<\/span><\/td>\n<td align=\"center\" valign=\"top\"><span style=\"font-family: 'Trebuchet MS', Arial, Helvetica;\">S+I<\/span><\/td>\n<\/tr>\n<tr>\n<td align=\"center\" valign=\"top\"><span style=\"font-family: 'Trebuchet MS', Arial, Helvetica;\"><em>Anas platyrrhynchos<\/em><\/span><\/td>\n<td align=\"center\" valign=\"top\"><span style=\"font-family: 'Trebuchet MS', Arial, Helvetica;\">Anade real<\/span><\/td>\n<td align=\"center\" valign=\"top\"><span style=\"font-family: 'Trebuchet MS', Arial, Helvetica;\">S+I<\/span><\/td>\n<\/tr>\n<tr>\n<td align=\"center\" valign=\"top\"><span style=\"font-family: 'Trebuchet MS', Arial, Helvetica;\"><em>Accipiter nisus<\/em><\/span><\/td>\n<td align=\"center\" valign=\"top\"><span style=\"font-family: 'Trebuchet MS', Arial, Helvetica;\">Gavil\u00e1n<\/span><\/td>\n<td align=\"center\" valign=\"top\"><span style=\"font-family: 'Trebuchet MS', Arial, Helvetica;\">S<\/span><\/td>\n<\/tr>\n<tr>\n<td align=\"center\" valign=\"top\"><span style=\"font-family: 'Trebuchet MS', Arial, Helvetica;\"><em> Buteo buteo<\/em><\/span><\/td>\n<td align=\"center\" valign=\"top\"><span style=\"font-family: 'Trebuchet MS', Arial, Helvetica;\">Ratonero com\u00fan<\/span><\/td>\n<td align=\"center\" valign=\"top\"><span style=\"font-family: 'Trebuchet MS', Arial, Helvetica;\">S<\/span><\/td>\n<\/tr>\n<tr>\n<td align=\"center\" valign=\"top\"><span style=\"font-family: 'Trebuchet MS', Arial, Helvetica;\"><em>Gyps fulvus<\/em><\/span><\/td>\n<td align=\"center\" valign=\"top\"><span style=\"font-family: 'Trebuchet MS', Arial, Helvetica;\">Buitre com\u00fan<\/span><\/td>\n<td align=\"center\" valign=\"top\"><span style=\"font-family: 'Trebuchet MS', Arial, Helvetica;\">S<\/span><\/td>\n<\/tr>\n<tr>\n<td align=\"center\" valign=\"top\"><span style=\"font-family: 'Trebuchet MS', Arial, Helvetica;\"><em>Neophron percnopterus<\/em><\/span><\/td>\n<td align=\"center\" valign=\"top\"><span style=\"font-family: 'Trebuchet MS', Arial, Helvetica;\">Alimoche<\/span><\/td>\n<td align=\"center\" valign=\"top\"><span style=\"font-family: 'Trebuchet MS', Arial, Helvetica;\">E<\/span><\/td>\n<\/tr>\n<tr>\n<td align=\"center\" valign=\"top\"><span style=\"font-family: 'Trebuchet MS', Arial, Helvetica;\"><em>Falco peregrinus<\/em><\/span><\/td>\n<td align=\"center\" valign=\"top\"><span style=\"font-family: 'Trebuchet MS', Arial, Helvetica;\">Halc\u00f3n peregrino<\/span><\/td>\n<td align=\"center\" valign=\"top\"><span style=\"font-family: 'Trebuchet MS', Arial, Helvetica;\">S<\/span><\/td>\n<\/tr>\n<tr>\n<td align=\"center\" valign=\"top\"><span style=\"font-family: 'Trebuchet MS', Arial, Helvetica;\"><em>Falco tinnunculus<\/em><\/span><\/td>\n<td align=\"center\" valign=\"top\"><span style=\"font-family: 'Trebuchet MS', Arial, Helvetica;\">Cern\u00edcalo vulgar<\/span><\/td>\n<td align=\"center\" valign=\"top\"><span style=\"font-family: 'Trebuchet MS', Arial, Helvetica;\">S<\/span><\/td>\n<\/tr>\n<tr>\n<td align=\"center\" valign=\"top\"><span style=\"font-family: 'Trebuchet MS', Arial, Helvetica;\"><em>Actitis hypoleucos<\/em><\/span><\/td>\n<td align=\"center\" valign=\"top\"><span style=\"font-family: 'Trebuchet MS', Arial, Helvetica;\">Andarr\u00edos chico<\/span><\/td>\n<td align=\"center\" valign=\"top\"><span style=\"font-family: 'Trebuchet MS', Arial, Helvetica;\">S+I<\/span><\/td>\n<\/tr>\n<tr>\n<td align=\"center\" valign=\"top\"><span style=\"font-family: 'Trebuchet MS', Arial, Helvetica;\"><em>Larus cachinnans<\/em><\/span><\/td>\n<td align=\"center\" valign=\"top\"><span style=\"font-family: 'Trebuchet MS', Arial, Helvetica;\">Gaviota patiamarilla<\/span><\/td>\n<td align=\"center\" valign=\"top\"><span style=\"font-family: 'Trebuchet MS', Arial, Helvetica;\">S<\/span><\/td>\n<\/tr>\n<tr>\n<td align=\"center\" valign=\"top\"><span style=\"font-family: 'Trebuchet MS', Arial, Helvetica;\"><em>Columba palumbus<\/em><\/span><\/td>\n<td align=\"center\" valign=\"top\"><span style=\"font-family: 'Trebuchet MS', Arial, Helvetica;\">Paloma torcaz<\/span><\/td>\n<td align=\"center\" valign=\"top\"><span style=\"font-family: 'Trebuchet MS', Arial, Helvetica;\">S<\/span><\/td>\n<\/tr>\n<tr>\n<td align=\"center\" valign=\"top\"><span style=\"font-family: 'Trebuchet MS', Arial, Helvetica;\"><em>Cuculus canorus<\/em><\/span><\/td>\n<td align=\"center\" valign=\"top\"><span style=\"font-family: 'Trebuchet MS', Arial, Helvetica;\">Cuco<\/span><\/td>\n<td align=\"center\" valign=\"top\"><span style=\"font-family: 'Trebuchet MS', Arial, Helvetica;\">E<\/span><\/td>\n<\/tr>\n<tr>\n<td align=\"center\" valign=\"top\"><span style=\"font-family: 'Trebuchet MS', Arial, Helvetica;\"><em>Otus scops<\/em><\/span><\/td>\n<td align=\"center\" valign=\"top\"><span style=\"font-family: 'Trebuchet MS', Arial, Helvetica;\">Autillo<\/span><\/td>\n<td align=\"center\" valign=\"top\"><span style=\"font-family: 'Trebuchet MS', Arial, Helvetica;\">E<\/span><\/td>\n<\/tr>\n<tr>\n<td align=\"center\" valign=\"top\"><span style=\"font-family: 'Trebuchet MS', Arial, Helvetica;\"><em>Strix aluco<\/em><\/span><\/td>\n<td align=\"center\" valign=\"top\"><span style=\"font-family: 'Trebuchet MS', Arial, Helvetica;\">C\u00e1rabo com\u00fan<\/span><\/td>\n<td align=\"center\" valign=\"top\"><span style=\"font-family: 'Trebuchet MS', Arial, Helvetica;\">S<\/span><\/td>\n<\/tr>\n<tr>\n<td align=\"center\" valign=\"top\"><span style=\"font-family: 'Trebuchet MS', Arial, Helvetica;\"><em>Tyto alba<\/em><\/span><\/td>\n<td align=\"center\" valign=\"top\"><span style=\"font-family: 'Trebuchet MS', Arial, Helvetica;\">Lechuza com\u00fan<\/span><\/td>\n<td align=\"center\" valign=\"top\"><span style=\"font-family: 'Trebuchet MS', Arial, Helvetica;\">S<\/span><\/td>\n<\/tr>\n<tr>\n<td align=\"center\" valign=\"top\"><span style=\"font-family: 'Trebuchet MS', Arial, Helvetica;\"><em>Apus apus<\/em><\/span><\/td>\n<td align=\"center\" valign=\"top\"><span style=\"font-family: 'Trebuchet MS', Arial, Helvetica;\">Vencejo com\u00fan<\/span><\/td>\n<td align=\"center\" valign=\"top\"><span style=\"font-family: 'Trebuchet MS', Arial, Helvetica;\">E<\/span><\/td>\n<\/tr>\n<tr>\n<td align=\"center\" valign=\"top\"><span style=\"font-family: 'Trebuchet MS', Arial, Helvetica;\"><em>Alcedo athis<\/em><\/span><\/td>\n<td align=\"center\" valign=\"top\"><span style=\"font-family: 'Trebuchet MS', Arial, Helvetica;\">Mart\u00edn pescador<\/span><\/td>\n<td align=\"center\" valign=\"top\"><span style=\"font-family: 'Trebuchet MS', Arial, Helvetica;\">S<\/span><\/td>\n<\/tr>\n<tr>\n<td align=\"center\" valign=\"top\"><span style=\"font-family: 'Trebuchet MS', Arial, Helvetica;\"><em>Dendrocopus major<\/em><\/span><\/td>\n<td align=\"center\" valign=\"top\"><span style=\"font-family: 'Trebuchet MS', Arial, Helvetica;\">Pico picapinos<\/span><\/td>\n<td align=\"center\" valign=\"top\"><span style=\"font-family: 'Trebuchet MS', Arial, Helvetica;\">S<\/span><\/td>\n<\/tr>\n<tr>\n<td align=\"center\" valign=\"top\"><span style=\"font-family: 'Trebuchet MS', Arial, Helvetica;\"><em>Picus viridis<\/em><\/span><\/td>\n<td align=\"center\" valign=\"top\"><span style=\"font-family: 'Trebuchet MS', Arial, Helvetica;\">Pito real<\/span><\/td>\n<td align=\"center\" valign=\"top\"><span style=\"font-family: 'Trebuchet MS', Arial, Helvetica;\">S<\/span><\/td>\n<\/tr>\n<tr>\n<td align=\"center\" valign=\"top\"><span style=\"font-family: 'Trebuchet MS', Arial, Helvetica;\"><em>Alauda arvensis<\/em><\/span><\/td>\n<td align=\"center\" valign=\"top\"><span style=\"font-family: 'Trebuchet MS', Arial, Helvetica;\">Alondra com\u00fan<\/span><\/td>\n<td align=\"center\" valign=\"top\"><span style=\"font-family: 'Trebuchet MS', Arial, Helvetica;\">S<\/span><\/td>\n<\/tr>\n<tr>\n<td align=\"center\" valign=\"top\"><span style=\"font-family: 'Trebuchet MS', Arial, Helvetica;\"><em>Delichon urbica<\/em><\/span><\/td>\n<td align=\"center\" valign=\"top\"><span style=\"font-family: 'Trebuchet MS', Arial, Helvetica;\">Avi\u00f3n com\u00fan<\/span><\/td>\n<td align=\"center\" valign=\"top\"><span style=\"font-family: 'Trebuchet MS', Arial, Helvetica;\">E<\/span><\/td>\n<\/tr>\n<tr>\n<td align=\"center\" valign=\"top\"><span style=\"font-family: 'Trebuchet MS', Arial, Helvetica;\"><em>Ptyonoprogna rupestris<\/em><\/span><\/td>\n<td align=\"center\" valign=\"top\"><span style=\"font-family: 'Trebuchet MS', Arial, Helvetica;\">Avi\u00f3n roquero<\/span><\/td>\n<td align=\"center\" valign=\"top\"><span style=\"font-family: 'Trebuchet MS', Arial, Helvetica;\">E<\/span><\/td>\n<\/tr>\n<tr>\n<td align=\"center\" valign=\"top\"><span style=\"font-family: 'Trebuchet MS', Arial, Helvetica;\"><em>Hirundo rustica<\/em><\/span><\/td>\n<td align=\"center\" valign=\"top\"><span style=\"font-family: 'Trebuchet MS', Arial, Helvetica;\">Golondrina com\u00fan<\/span><\/td>\n<td align=\"center\" valign=\"top\"><span style=\"font-family: 'Trebuchet MS', Arial, Helvetica;\">E<\/span><\/td>\n<\/tr>\n<tr>\n<td align=\"center\" valign=\"top\"><span style=\"font-family: 'Trebuchet MS', Arial, Helvetica;\"><em>Anthus campestris<\/em><\/span><\/td>\n<td align=\"center\" valign=\"top\"><span style=\"font-family: 'Trebuchet MS', Arial, Helvetica;\">Bisbita campestre<\/span><\/td>\n<td align=\"center\" valign=\"top\"><span style=\"font-family: 'Trebuchet MS', Arial, Helvetica;\">E<\/span><\/td>\n<\/tr>\n<tr>\n<td align=\"center\" valign=\"top\"><span style=\"font-family: 'Trebuchet MS', Arial, Helvetica;\"><em>Anthus pratensis<\/em><\/span><\/td>\n<td align=\"center\" valign=\"top\"><span style=\"font-family: 'Trebuchet MS', Arial, Helvetica;\">Bisbita com\u00fan<\/span><\/td>\n<td align=\"center\" valign=\"top\"><span style=\"font-family: 'Trebuchet MS', Arial, Helvetica;\">I<\/span><\/td>\n<\/tr>\n<tr>\n<td align=\"center\" valign=\"top\"><span style=\"font-family: 'Trebuchet MS', Arial, Helvetica;\"><em>Motacilla alba alba<\/em><\/span><\/td>\n<td align=\"center\" valign=\"top\"><span style=\"font-family: 'Trebuchet MS', Arial, Helvetica;\">Lavandera blanca com\u00fan<\/span><\/td>\n<td align=\"center\" valign=\"top\"><span style=\"font-family: 'Trebuchet MS', Arial, Helvetica;\">S<\/span><\/td>\n<\/tr>\n<tr>\n<td align=\"center\" valign=\"top\"><span style=\"font-family: 'Trebuchet MS', Arial, Helvetica;\"><em>Motacilla cinerea<\/em><\/span><\/td>\n<td align=\"center\" valign=\"top\"><span style=\"font-family: 'Trebuchet MS', Arial, Helvetica;\">Lavandera cascade\u00f1a<\/span><\/td>\n<td align=\"center\" valign=\"top\"><span style=\"font-family: 'Trebuchet MS', Arial, Helvetica;\">S<\/span><\/td>\n<\/tr>\n<tr>\n<td align=\"center\" valign=\"top\"><span style=\"font-family: 'Trebuchet MS', Arial, Helvetica;\"><em>Lanius collurio<\/em><\/span><\/td>\n<td align=\"center\" valign=\"top\"><span style=\"font-family: 'Trebuchet MS', Arial, Helvetica;\">Alcaud\u00f3n dorsirrojo<\/span><\/td>\n<td align=\"center\" valign=\"top\"><span style=\"font-family: 'Trebuchet MS', Arial, Helvetica;\">E<\/span><\/td>\n<\/tr>\n<tr>\n<td align=\"center\" valign=\"top\"><span style=\"font-family: 'Trebuchet MS', Arial, Helvetica;\"><em>Cinclus cinclus<\/em><\/span><\/td>\n<td align=\"center\" valign=\"top\"><span style=\"font-family: 'Trebuchet MS', Arial, Helvetica;\">Mirlo acu\u00e1tico<\/span><\/td>\n<td align=\"center\" valign=\"top\"><span style=\"font-family: 'Trebuchet MS', Arial, Helvetica;\">S<\/span><\/td>\n<\/tr>\n<tr>\n<td align=\"center\" valign=\"top\"><span style=\"font-family: 'Trebuchet MS', Arial, Helvetica;\"><em>Troglodytes troglodytes<\/em><\/span><\/td>\n<td align=\"center\" valign=\"top\"><span style=\"font-family: 'Trebuchet MS', Arial, Helvetica;\">Choch\u00edn<\/span><\/td>\n<td align=\"center\" valign=\"top\"><span style=\"font-family: 'Trebuchet MS', Arial, Helvetica;\">S<\/span><\/td>\n<\/tr>\n<tr>\n<td align=\"center\" valign=\"top\"><span style=\"font-family: 'Trebuchet MS', Arial, Helvetica;\"><em>Prunella modularis<\/em><\/span><\/td>\n<td align=\"center\" valign=\"top\"><span style=\"font-family: 'Trebuchet MS', Arial, Helvetica;\">Acentor com\u00fan<\/span><\/td>\n<td align=\"center\" valign=\"top\"><span style=\"font-family: 'Trebuchet MS', Arial, Helvetica;\">S<\/span><\/td>\n<\/tr>\n<tr>\n<td align=\"center\" valign=\"top\"><span style=\"font-family: 'Trebuchet MS', Arial, Helvetica;\"><em>Cettia cetti<\/em><\/span><\/td>\n<td align=\"center\" valign=\"top\"><span style=\"font-family: 'Trebuchet MS', Arial, Helvetica;\">Ruise\u00f1or bastardo<\/span><\/td>\n<td align=\"center\" valign=\"top\"><span style=\"font-family: 'Trebuchet MS', Arial, Helvetica;\">S<\/span><\/td>\n<\/tr>\n<tr>\n<td align=\"center\" valign=\"top\"><span style=\"font-family: 'Trebuchet MS', Arial, Helvetica;\"><em>Erithacus rubecula<\/em><\/span><\/td>\n<td align=\"center\" valign=\"top\"><span style=\"font-family: 'Trebuchet MS', Arial, Helvetica;\">Petirrojo<\/span><\/td>\n<td align=\"center\" valign=\"top\"><span style=\"font-family: 'Trebuchet MS', Arial, Helvetica;\">S<\/span><\/td>\n<\/tr>\n<tr>\n<td align=\"center\" valign=\"top\"><span style=\"font-family: 'Trebuchet MS', Arial, Helvetica;\"><em>Hippolais polyglota<\/em><\/span><\/td>\n<td align=\"center\" valign=\"top\"><span style=\"font-family: 'Trebuchet MS', Arial, Helvetica;\">Zarcero com\u00fan<\/span><\/td>\n<td align=\"center\" valign=\"top\"><span style=\"font-family: 'Trebuchet MS', Arial, Helvetica;\">E<\/span><\/td>\n<\/tr>\n<tr>\n<td align=\"center\" valign=\"top\"><span style=\"font-family: 'Trebuchet MS', Arial, Helvetica;\"><em>Muscicapa striata<\/em><\/span><\/td>\n<td align=\"center\" valign=\"top\"><span style=\"font-family: 'Trebuchet MS', Arial, Helvetica;\">Papamoscas com\u00fan<\/span><\/td>\n<td align=\"center\" valign=\"top\"><span style=\"font-family: 'Trebuchet MS', Arial, Helvetica;\">E<\/span><\/td>\n<\/tr>\n<tr>\n<td align=\"center\" valign=\"top\"><span style=\"font-family: 'Trebuchet MS', Arial, Helvetica;\"><em>Phoenicurus ochruros<\/em><\/span><\/td>\n<td align=\"center\" valign=\"top\"><span style=\"font-family: 'Trebuchet MS', Arial, Helvetica;\">Colirrojo tiz\u00f3n<\/span><\/td>\n<td align=\"center\" valign=\"top\"><span style=\"font-family: 'Trebuchet MS', Arial, Helvetica;\">S<\/span><\/td>\n<\/tr>\n<tr>\n<td align=\"center\" valign=\"top\"><span style=\"font-family: 'Trebuchet MS', Arial, Helvetica;\"><em>Phylloscpus collybita<\/em><\/span><\/td>\n<td align=\"center\" valign=\"top\"><span style=\"font-family: 'Trebuchet MS', Arial, Helvetica;\">Mosquitero com\u00fan<\/span><\/td>\n<td align=\"center\" valign=\"top\"><span style=\"font-family: 'Trebuchet MS', Arial, Helvetica;\">S+I<\/span><\/td>\n<\/tr>\n<tr>\n<td align=\"center\" valign=\"top\"><span style=\"font-family: 'Trebuchet MS', Arial, Helvetica;\"><em>Regulus ignicapillus<\/em><\/span><\/td>\n<td align=\"center\" valign=\"top\"><span style=\"font-family: 'Trebuchet MS', Arial, Helvetica;\">Reyezuelo listado<\/span><\/td>\n<td align=\"center\" valign=\"top\"><span style=\"font-family: 'Trebuchet MS', Arial, Helvetica;\">S+I<\/span><\/td>\n<\/tr>\n<tr>\n<td align=\"center\" valign=\"top\"><span style=\"font-family: 'Trebuchet MS', Arial, Helvetica;\"><em>Saxicola torquata<\/em><\/span><\/td>\n<td align=\"center\" valign=\"top\"><span style=\"font-family: 'Trebuchet MS', Arial, Helvetica;\">Tarabilla com\u00fan<\/span><\/td>\n<td align=\"center\" valign=\"top\"><span style=\"font-family: 'Trebuchet MS', Arial, Helvetica;\">S<\/span><\/td>\n<\/tr>\n<tr>\n<td align=\"center\" valign=\"top\"><span style=\"font-family: 'Trebuchet MS', Arial, Helvetica;\"><em>Sylvia atricapilla<\/em><\/span><\/td>\n<td align=\"center\" valign=\"top\"><span style=\"font-family: 'Trebuchet MS', Arial, Helvetica;\">Curruca capirotada<\/span><\/td>\n<td align=\"center\" valign=\"top\"><span style=\"font-family: 'Trebuchet MS', Arial, Helvetica;\">S+I<\/span><\/td>\n<\/tr>\n<tr>\n<td align=\"center\" valign=\"top\"><span style=\"font-family: 'Trebuchet MS', Arial, Helvetica;\"><em>Sylvia borin<\/em><\/span><\/td>\n<td align=\"center\" valign=\"top\"><span style=\"font-family: 'Trebuchet MS', Arial, Helvetica;\">Curruca mosquitera<\/span><\/td>\n<td align=\"center\" valign=\"top\"><span style=\"font-family: 'Trebuchet MS', Arial, Helvetica;\">E<\/span><\/td>\n<\/tr>\n<tr>\n<td align=\"center\" valign=\"top\"><span style=\"font-family: 'Trebuchet MS', Arial, Helvetica;\"><em>Turdus iliacus<\/em><\/span><\/td>\n<td align=\"center\" valign=\"top\"><span style=\"font-family: 'Trebuchet MS', Arial, Helvetica;\">Zorzal alirrojo<\/span><\/td>\n<td align=\"center\" valign=\"top\"><span style=\"font-family: 'Trebuchet MS', Arial, Helvetica;\">I<\/span><\/td>\n<\/tr>\n<tr>\n<td align=\"center\" valign=\"top\"><span style=\"font-family: 'Trebuchet MS', Arial, Helvetica;\"><em>Turdus merula<\/em><\/span><\/td>\n<td align=\"center\" valign=\"top\"><span style=\"font-family: 'Trebuchet MS', Arial, Helvetica;\">Mirlo com\u00fan<\/span><\/td>\n<td align=\"center\" valign=\"top\"><span style=\"font-family: 'Trebuchet MS', Arial, Helvetica;\">E<\/span><\/td>\n<\/tr>\n<tr>\n<td align=\"center\" valign=\"top\"><span style=\"font-family: 'Trebuchet MS', Arial, Helvetica;\"><em>Turdus philomelos<\/em><\/span><\/td>\n<td align=\"center\" valign=\"top\"><span style=\"font-family: 'Trebuchet MS', Arial, Helvetica;\">Zorzal com\u00fan<\/span><\/td>\n<td align=\"center\" valign=\"top\"><span style=\"font-family: 'Trebuchet MS', Arial, Helvetica;\">S+I<\/span><\/td>\n<\/tr>\n<tr>\n<td align=\"center\" valign=\"top\"><span style=\"font-family: 'Trebuchet MS', Arial, Helvetica;\"><em>Turdus viscivorus<\/em><\/span><\/td>\n<td align=\"center\" valign=\"top\"><span style=\"font-family: 'Trebuchet MS', Arial, Helvetica;\">Zorzal charlo<\/span><\/td>\n<td align=\"center\" valign=\"top\"><span style=\"font-family: 'Trebuchet MS', Arial, Helvetica;\">S+I<\/span><\/td>\n<\/tr>\n<tr>\n<td align=\"center\" valign=\"top\"><span style=\"font-family: 'Trebuchet MS', Arial, Helvetica;\"><em>Aegithalos caudatus<\/em><\/span><\/td>\n<td align=\"center\" valign=\"top\"><span style=\"font-family: 'Trebuchet MS', Arial, Helvetica;\">Mito<\/span><\/td>\n<td align=\"center\" valign=\"top\"><span style=\"font-family: 'Trebuchet MS', Arial, Helvetica;\">S<\/span><\/td>\n<\/tr>\n<tr>\n<td align=\"center\" valign=\"top\"><span style=\"font-family: 'Trebuchet MS', Arial, Helvetica;\"><em>Parus ater<\/em><\/span><\/td>\n<td align=\"center\" valign=\"top\"><span style=\"font-family: 'Trebuchet MS', Arial, Helvetica;\">Carbonero garrapinos<\/span><\/td>\n<td align=\"center\" valign=\"top\"><span style=\"font-family: 'Trebuchet MS', Arial, Helvetica;\">S<\/span><\/td>\n<\/tr>\n<tr>\n<td align=\"center\" valign=\"top\"><span style=\"font-family: 'Trebuchet MS', Arial, Helvetica;\"><em>Parus caerulus<\/em><\/span><\/td>\n<td align=\"center\" valign=\"top\"><span style=\"font-family: 'Trebuchet MS', Arial, Helvetica;\">Herrerillo com\u00fan<\/span><\/td>\n<td align=\"center\" valign=\"top\"><span style=\"font-family: 'Trebuchet MS', Arial, Helvetica;\">S<\/span><\/td>\n<\/tr>\n<tr>\n<td align=\"center\" valign=\"top\"><span style=\"font-family: 'Trebuchet MS', Arial, Helvetica;\"><em>Parus cristatus<\/em><\/span><\/td>\n<td align=\"center\" valign=\"top\"><span style=\"font-family: 'Trebuchet MS', Arial, Helvetica;\">Herrerillo capuchino<\/span><\/td>\n<td align=\"center\" valign=\"top\"><span style=\"font-family: 'Trebuchet MS', Arial, Helvetica;\">S<\/span><\/td>\n<\/tr>\n<tr>\n<td align=\"center\" valign=\"top\"><span style=\"font-family: 'Trebuchet MS', Arial, Helvetica;\"><em>Parus major<\/em><\/span><\/td>\n<td align=\"center\" valign=\"top\"><span style=\"font-family: 'Trebuchet MS', Arial, Helvetica;\">Carbonero com\u00fan<\/span><\/td>\n<td align=\"center\" valign=\"top\"><span style=\"font-family: 'Trebuchet MS', Arial, Helvetica;\">S<\/span><\/td>\n<\/tr>\n<tr>\n<td align=\"center\" valign=\"top\"><span style=\"font-family: 'Trebuchet MS', Arial, Helvetica;\"><em>Certhia brachydactila<\/em><\/span><\/td>\n<td align=\"center\" valign=\"top\"><span style=\"font-family: 'Trebuchet MS', Arial, Helvetica;\">Agueteador com\u00fan<\/span><\/td>\n<td align=\"center\" valign=\"top\"><span style=\"font-family: 'Trebuchet MS', Arial, Helvetica;\">S<\/span><\/td>\n<\/tr>\n<tr>\n<td align=\"center\" valign=\"top\"><span style=\"font-family: 'Trebuchet MS', Arial, Helvetica;\"><em>Emberiza cia<\/em><\/span><\/td>\n<td align=\"center\" valign=\"top\"><span style=\"font-family: 'Trebuchet MS', Arial, Helvetica;\">Escribano montesino<\/span><\/td>\n<td align=\"center\" valign=\"top\"><span style=\"font-family: 'Trebuchet MS', Arial, Helvetica;\">S<\/span><\/td>\n<\/tr>\n<tr>\n<td align=\"center\" valign=\"top\"><span style=\"font-family: 'Trebuchet MS', Arial, Helvetica;\"><em>Emberiza cirlus<\/em><\/span><\/td>\n<td align=\"center\" valign=\"top\"><span style=\"font-family: 'Trebuchet MS', Arial, Helvetica;\">Escribano sote\u00f1o<\/span><\/td>\n<td align=\"center\" valign=\"top\"><span style=\"font-family: 'Trebuchet MS', Arial, Helvetica;\">S<\/span><\/td>\n<\/tr>\n<tr>\n<td align=\"center\" valign=\"top\"><span style=\"font-family: 'Trebuchet MS', Arial, Helvetica;\"><em>Emberiza citrinella<\/em><\/span><\/td>\n<td align=\"center\" valign=\"top\"><span style=\"font-family: 'Trebuchet MS', Arial, Helvetica;\">Escribano cerillo<\/span><\/td>\n<td align=\"center\" valign=\"top\"><span style=\"font-family: 'Trebuchet MS', Arial, Helvetica;\">S<\/span><\/td>\n<\/tr>\n<tr>\n<td align=\"center\" valign=\"top\"><span style=\"font-family: 'Trebuchet MS', Arial, Helvetica;\"><em>Acanthis cannabina<\/em><\/span><\/td>\n<td align=\"center\" valign=\"top\"><span style=\"font-family: 'Trebuchet MS', Arial, Helvetica;\">Pardillo com\u00fan<\/span><\/td>\n<td align=\"center\" valign=\"top\"><span style=\"font-family: 'Trebuchet MS', Arial, Helvetica;\">S<\/span><\/td>\n<\/tr>\n<tr>\n<td align=\"center\" valign=\"top\"><span style=\"font-family: 'Trebuchet MS', Arial, Helvetica;\"><em>Carduelis carduelis<\/em><\/span><\/td>\n<td align=\"center\" valign=\"top\"><span style=\"font-family: 'Trebuchet MS', Arial, Helvetica;\">Jilguero<\/span><\/td>\n<td align=\"center\" valign=\"top\"><span style=\"font-family: 'Trebuchet MS', Arial, Helvetica;\">S+I<\/span><\/td>\n<\/tr>\n<tr>\n<td align=\"center\" valign=\"top\"><span style=\"font-family: 'Trebuchet MS', Arial, Helvetica;\"><em>Carduelis chloris<\/em><\/span><\/td>\n<td align=\"center\" valign=\"top\"><span style=\"font-family: 'Trebuchet MS', Arial, Helvetica;\">Verder\u00f3n com\u00fan<\/span><\/td>\n<td align=\"center\" valign=\"top\"><span style=\"font-family: 'Trebuchet MS', Arial, Helvetica;\">E<\/span><\/td>\n<\/tr>\n<tr>\n<td align=\"center\" valign=\"top\"><span style=\"font-family: 'Trebuchet MS', Arial, Helvetica;\"><em>Carduelis spinus<\/em><\/span><\/td>\n<td align=\"center\" valign=\"top\"><span style=\"font-family: 'Trebuchet MS', Arial, Helvetica;\">L\u00fagano<\/span><\/td>\n<td align=\"center\" valign=\"top\"><span style=\"font-family: 'Trebuchet MS', Arial, Helvetica;\">I<\/span><\/td>\n<\/tr>\n<tr>\n<td align=\"center\" valign=\"top\"><span style=\"font-family: 'Trebuchet MS', Arial, Helvetica;\"><em>Fringilla coelebs<\/em><\/span><\/td>\n<td align=\"center\" valign=\"top\"><span style=\"font-family: 'Trebuchet MS', Arial, Helvetica;\">Pinz\u00f3n vulgar<\/span><\/td>\n<td align=\"center\" valign=\"top\"><span style=\"font-family: 'Trebuchet MS', Arial, Helvetica;\">S<\/span><\/td>\n<\/tr>\n<tr>\n<td align=\"center\" valign=\"top\"><span style=\"font-family: 'Trebuchet MS', Arial, Helvetica;\"><em>Pyrrhula pyrrhula<\/em><\/span><\/td>\n<td align=\"center\" valign=\"top\"><span style=\"font-family: 'Trebuchet MS', Arial, Helvetica;\">Camachuelo com\u00fan<\/span><\/td>\n<td align=\"center\" valign=\"top\"><span style=\"font-family: 'Trebuchet MS', Arial, Helvetica;\">S+I<\/span><\/td>\n<\/tr>\n<tr>\n<td align=\"center\" valign=\"top\"><span style=\"font-family: 'Trebuchet MS', Arial, Helvetica;\"><em>Serinus serinus<\/em><\/span><\/td>\n<td align=\"center\" valign=\"top\"><span style=\"font-family: 'Trebuchet MS', Arial, Helvetica;\">Verdecillo<\/span><\/td>\n<td align=\"center\" valign=\"top\"><span style=\"font-family: 'Trebuchet MS', Arial, Helvetica;\">E<\/span><\/td>\n<\/tr>\n<tr>\n<td align=\"center\" valign=\"top\"><span style=\"font-family: 'Trebuchet MS', Arial, Helvetica;\"><em>Passer domesticus<\/em><\/span><\/td>\n<td align=\"center\" valign=\"top\"><span style=\"font-family: 'Trebuchet MS', Arial, Helvetica;\">Gorri\u00f3n com\u00fan<\/span><\/td>\n<td align=\"center\" valign=\"top\"><span style=\"font-family: 'Trebuchet MS', Arial, Helvetica;\">S<\/span><\/td>\n<\/tr>\n<tr>\n<td align=\"center\" valign=\"top\"><span style=\"font-family: 'Trebuchet MS', Arial, Helvetica;\"><em>Sturnus unicolor<\/em><\/span><\/td>\n<td align=\"center\" valign=\"top\"><span style=\"font-family: 'Trebuchet MS', Arial, Helvetica;\">Estornino negro<\/span><\/td>\n<td align=\"center\" valign=\"top\"><span style=\"font-family: 'Trebuchet MS', Arial, Helvetica;\">I<\/span><\/td>\n<\/tr>\n<tr>\n<td align=\"center\" valign=\"top\"><span style=\"font-family: 'Trebuchet MS', Arial, Helvetica;\"><em>Sturnus vulgaris<\/em><\/span><\/td>\n<td align=\"center\" valign=\"top\"><span style=\"font-family: 'Trebuchet MS', Arial, Helvetica;\">Estornino pinto<\/span><\/td>\n<td align=\"center\" valign=\"top\"><span style=\"font-family: 'Trebuchet MS', Arial, Helvetica;\">I<\/span><\/td>\n<\/tr>\n<tr>\n<td align=\"center\" valign=\"top\"><span style=\"font-family: 'Trebuchet MS', Arial, Helvetica;\"><em>Corvus corax<\/em><\/span><\/td>\n<td align=\"center\" valign=\"top\"><span style=\"font-family: 'Trebuchet MS', Arial, Helvetica;\">Cuervo<\/span><\/td>\n<td align=\"center\" valign=\"top\"><span style=\"font-family: 'Trebuchet MS', Arial, Helvetica;\">S<\/span><\/td>\n<\/tr>\n<tr>\n<td align=\"center\" valign=\"top\"><span style=\"font-family: 'Trebuchet MS', Arial, Helvetica;\"><em>Corvus corone corone<\/em><\/span><\/td>\n<td align=\"center\" valign=\"top\"><span style=\"font-family: 'Trebuchet MS', Arial, Helvetica;\">Corneja negra<\/span><\/td>\n<td align=\"center\" valign=\"top\"><span style=\"font-family: 'Trebuchet MS', Arial, Helvetica;\">S<\/span><\/td>\n<\/tr>\n<tr>\n<td align=\"center\" valign=\"top\"><span style=\"font-family: 'Trebuchet MS', Arial, Helvetica;\"><em>Garrulus glandarius<\/em><\/span><\/td>\n<td align=\"center\" valign=\"top\"><span style=\"font-family: 'Trebuchet MS', Arial, Helvetica;\">Arrendajo com\u00fan<\/span><\/td>\n<td align=\"center\" valign=\"top\"><span style=\"font-family: 'Trebuchet MS', Arial, Helvetica;\">S<\/span><\/td>\n<\/tr>\n<tr>\n<td align=\"center\" valign=\"top\"><span style=\"font-family: 'Trebuchet MS', Arial, Helvetica;\"><em>Pica pica<\/em><\/span><\/td>\n<td align=\"center\" valign=\"top\"><span style=\"font-family: 'Trebuchet MS', Arial, Helvetica;\">Urraca<\/span><\/td>\n<td align=\"center\" valign=\"top\"><span style=\"font-family: 'Trebuchet MS', Arial, Helvetica;\">S<\/span><\/td>\n<\/tr>\n<tr>\n<td align=\"center\" valign=\"top\"><span style=\"font-family: 'Trebuchet MS', Arial, Helvetica;\"><em>Phyrrhocorax graculus<\/em><\/span><\/td>\n<td align=\"center\" valign=\"top\"><span style=\"font-family: 'Trebuchet MS', Arial, Helvetica;\">Chova piquigualda<\/span><\/td>\n<td align=\"center\" valign=\"top\"><span style=\"font-family: 'Trebuchet MS', Arial, Helvetica;\">S<\/span><\/td>\n<\/tr>\n<\/tbody>\n<\/table>\n<p>S:.- Sedentaria E- Estival I:.- Invernante<\/p>\n<p>Tabla 3.- Mam\u00edferos.<\/p>\n<table width=\"419\" border=\"0\" cellspacing=\"0\" cellpadding=\"0\">\n<tbody>\n<tr>\n<td align=\"center\" valign=\"top\"><span style=\"font-family: 'Trebuchet MS', Arial, Helvetica;\"><strong>Nombre cient\u00edfico<\/strong><\/span><\/td>\n<td align=\"center\" valign=\"top\"><span style=\"font-family: 'Trebuchet MS', Arial, Helvetica;\"><strong>Nombre castellano<\/strong><\/span><\/td>\n<\/tr>\n<tr>\n<td align=\"center\" valign=\"top\">\n<p align=\"center\"><span style=\"font-family: 'Trebuchet MS', Arial, Helvetica;\"><em>Erinaceus europaeus<\/em><\/span><\/p>\n<\/td>\n<td align=\"center\" valign=\"top\">\n<p align=\"center\"><span style=\"font-family: 'Trebuchet MS', Arial, Helvetica;\">Erizo com\u00fan<\/span><\/p>\n<\/td>\n<\/tr>\n<tr>\n<td align=\"center\" valign=\"top\">\n<p align=\"center\"><span style=\"font-family: 'Trebuchet MS', Arial, Helvetica;\"><em>Sorex minutus<\/em><\/span><\/p>\n<\/td>\n<td align=\"center\" valign=\"top\">\n<p align=\"center\"><span style=\"font-family: 'Trebuchet MS', Arial, Helvetica;\">Musara\u00f1a enana<\/span><\/p>\n<\/td>\n<\/tr>\n<tr>\n<td align=\"center\" valign=\"top\">\n<p align=\"center\"><span style=\"font-family: 'Trebuchet MS', Arial, Helvetica;\"><em>Crocidura russula<\/em><\/span><\/p>\n<\/td>\n<td align=\"center\" valign=\"top\">\n<p align=\"center\"><span style=\"font-family: 'Trebuchet MS', Arial, Helvetica;\">Musara\u00f1a com\u00fan<\/span><\/p>\n<\/td>\n<\/tr>\n<tr>\n<td align=\"center\" valign=\"top\">\n<p align=\"center\"><span style=\"font-family: 'Trebuchet MS', Arial, Helvetica;\"><em>Apodemus sylvaticus<\/em><\/span><\/p>\n<\/td>\n<td align=\"center\" valign=\"top\">\n<p align=\"center\"><span style=\"font-family: 'Trebuchet MS', Arial, Helvetica;\">Rat\u00f3n de campo<\/span><\/p>\n<\/td>\n<\/tr>\n<tr>\n<td align=\"center\" valign=\"top\">\n<p align=\"center\"><span style=\"font-family: 'Trebuchet MS', Arial, Helvetica;\"><em>Galemys pyrenaicus <\/em><\/span><\/p>\n<\/td>\n<td align=\"center\" valign=\"top\">\n<p align=\"center\"><span style=\"font-family: 'Trebuchet MS', Arial, Helvetica;\">Desm\u00e1n de los Pirineos<\/span><\/p>\n<\/td>\n<\/tr>\n<tr>\n<td align=\"center\" valign=\"top\">\n<p align=\"center\"><span style=\"font-family: 'Trebuchet MS', Arial, Helvetica;\"><em>Sciurus vulgaris<\/em><\/span><\/p>\n<\/td>\n<td align=\"center\" valign=\"top\">\n<p align=\"center\"><span style=\"font-family: 'Trebuchet MS', Arial, Helvetica;\">Ardilla<\/span><\/p>\n<\/td>\n<\/tr>\n<tr>\n<td align=\"center\" valign=\"top\">\n<p align=\"center\"><span style=\"font-family: 'Trebuchet MS', Arial, Helvetica;\"><em>Vulpes vulpes<\/em><\/span><\/p>\n<\/td>\n<td align=\"center\" valign=\"top\">\n<p align=\"center\"><span style=\"font-family: 'Trebuchet MS', Arial, Helvetica;\">Zorro<\/span><\/p>\n<\/td>\n<\/tr>\n<tr>\n<td align=\"center\" valign=\"top\">\n<p align=\"center\"><span style=\"font-family: 'Trebuchet MS', Arial, Helvetica;\"><em>Martes foina<\/em><\/span><\/p>\n<\/td>\n<td align=\"center\" valign=\"top\">\n<p align=\"center\"><span style=\"font-family: 'Trebuchet MS', Arial, Helvetica;\">Gardu\u00f1a<\/span><\/p>\n<\/td>\n<\/tr>\n<tr>\n<td align=\"center\" valign=\"top\">\n<p align=\"center\"><span style=\"font-family: 'Trebuchet MS', Arial, Helvetica;\"><em>Mustela erminea<\/em><\/span><\/p>\n<\/td>\n<td align=\"center\" valign=\"top\">\n<p align=\"center\"><span style=\"font-family: 'Trebuchet MS', Arial, Helvetica;\">Armi\u00f1o<\/span><\/p>\n<\/td>\n<\/tr>\n<tr>\n<td align=\"center\" valign=\"top\">\n<p align=\"center\"><span style=\"font-family: 'Trebuchet MS', Arial, Helvetica;\"><em>Mustela nivalis<\/em><\/span><\/p>\n<\/td>\n<td align=\"center\" valign=\"top\">\n<p align=\"center\"><span style=\"font-family: 'Trebuchet MS', Arial, Helvetica;\">Comadreja<\/span><\/p>\n<\/td>\n<\/tr>\n<tr>\n<td align=\"center\" valign=\"top\">\n<p align=\"center\"><span style=\"font-family: 'Trebuchet MS', Arial, Helvetica;\"><em>Martes martes<\/em><\/span><\/p>\n<\/td>\n<td align=\"center\" valign=\"top\">\n<p align=\"center\"><span style=\"font-family: 'Trebuchet MS', Arial, Helvetica;\">Marta<\/span><\/p>\n<\/td>\n<\/tr>\n<tr>\n<td align=\"center\" valign=\"top\">\n<p align=\"center\"><span style=\"font-family: 'Trebuchet MS', Arial, Helvetica;\"><em>Genneta genneta<\/em><\/span><\/p>\n<\/td>\n<td align=\"center\" valign=\"top\">\n<p align=\"center\"><span style=\"font-family: 'Trebuchet MS', Arial, Helvetica;\">Gineta<\/span><\/p>\n<\/td>\n<\/tr>\n<tr>\n<td align=\"center\" valign=\"top\">\n<p align=\"center\"><span style=\"font-family: 'Trebuchet MS', Arial, Helvetica;\"><em>Lutra lutra<\/em><\/span><\/p>\n<\/td>\n<td align=\"center\" valign=\"top\">\n<p align=\"center\"><span style=\"font-family: 'Trebuchet MS', Arial, Helvetica;\">Nutria<\/span><\/p>\n<\/td>\n<\/tr>\n<tr>\n<td align=\"center\" valign=\"top\">\n<p align=\"center\"><span style=\"font-family: 'Trebuchet MS', Arial, Helvetica;\"><em>Sus scrofa<\/em><\/span><\/p>\n<\/td>\n<td align=\"center\" valign=\"top\">\n<p align=\"center\"><span style=\"font-family: 'Trebuchet MS', Arial, Helvetica;\">Jabal\u00ed<\/span><\/p>\n<\/td>\n<\/tr>\n<tr>\n<td align=\"center\" valign=\"top\">\n<p align=\"center\"><span style=\"font-family: 'Trebuchet MS', Arial, Helvetica;\"><em>Capreolus capreolus<\/em><\/span><\/p>\n<\/td>\n<td align=\"center\" valign=\"top\">\n<p align=\"center\"><span style=\"font-family: 'Trebuchet MS', Arial, Helvetica;\">Corzo<\/span><\/p>\n<\/td>\n<\/tr>\n<\/tbody>\n<\/table>\n<p><em><strong>Jos\u00e9 Manuel Carballo Gonz\u00e1lez<\/strong><\/em><\/p>\n","protected":false},"excerpt":{"rendered":"<p>Autor : Jos\u00e9 Manuel Carballo Gonz\u00e1lez<\/p>\n","protected":false},"author":1,"featured_media":0,"comment_status":"open","ping_status":"open","sticky":false,"template":"","format":"standard","meta":{"footnotes":"","_links_to":"","_links_to_target":""},"categories":[5,8],"tags":[],"class_list":["post-57","post","type-post","status-publish","format-standard","hentry","category-animales","category-flora"],"_links":{"self":[{"href":"https:\/\/www.collanzo.com\/WP_Entorno\/index.php?rest_route=\/wp\/v2\/posts\/57","targetHints":{"allow":["GET"]}}],"collection":[{"href":"https:\/\/www.collanzo.com\/WP_Entorno\/index.php?rest_route=\/wp\/v2\/posts"}],"about":[{"href":"https:\/\/www.collanzo.com\/WP_Entorno\/index.php?rest_route=\/wp\/v2\/types\/post"}],"author":[{"embeddable":true,"href":"https:\/\/www.collanzo.com\/WP_Entorno\/index.php?rest_route=\/wp\/v2\/users\/1"}],"replies":[{"embeddable":true,"href":"https:\/\/www.collanzo.com\/WP_Entorno\/index.php?rest_route=%2Fwp%2Fv2%2Fcomments&post=57"}],"version-history":[{"count":3,"href":"https:\/\/www.collanzo.com\/WP_Entorno\/index.php?rest_route=\/wp\/v2\/posts\/57\/revisions"}],"predecessor-version":[{"id":64,"href":"https:\/\/www.collanzo.com\/WP_Entorno\/index.php?rest_route=\/wp\/v2\/posts\/57\/revisions\/64"}],"wp:attachment":[{"href":"https:\/\/www.collanzo.com\/WP_Entorno\/index.php?rest_route=%2Fwp%2Fv2%2Fmedia&parent=57"}],"wp:term":[{"taxonomy":"category","embeddable":true,"href":"https:\/\/www.collanzo.com\/WP_Entorno\/index.php?rest_route=%2Fwp%2Fv2%2Fcategories&post=57"},{"taxonomy":"post_tag","embeddable":true,"href":"https:\/\/www.collanzo.com\/WP_Entorno\/index.php?rest_route=%2Fwp%2Fv2%2Ftags&post=57"}],"curies":[{"name":"wp","href":"https:\/\/api.w.org\/{rel}","templated":true}]}}