{"id":36,"date":"2011-12-03T19:32:48","date_gmt":"2011-12-03T19:32:48","guid":{"rendered":"http:\/\/www.collanzo.com\/WP_Entorno\/?p=36"},"modified":"2011-12-03T20:36:25","modified_gmt":"2011-12-03T20:36:25","slug":"nuestros-rios-2","status":"publish","type":"post","link":"https:\/\/www.collanzo.com\/WP_Entorno\/?p=36","title":{"rendered":"Nuestros r\u00edos"},"content":{"rendered":"<address><span style=\"color: #333399;\">Autor: C\u00e9sar Casta\u00f1\u00f3n<\/span><\/address>\n<p align=\"center\"><span style=\"font-size: xx-large;\"><img loading=\"lazy\" decoding=\"async\" class=\"alignleft\" style=\"font-size: 16px; line-height: 24px; text-align: -webkit-auto; border-style: initial; border-color: initial; border-width: 0px;\" src=\"http:\/\/ccfccf.wanadooadsl.net\/rios\/images\/tit01.jpg\" alt=\"\" width=\"200\" height=\"132\" border=\"0\" \/><\/span><\/p>\n<p>\u00a0<span class=\"Apple-style-span\" style=\"color: #333399; font-family: 'Trebuchet MS', Arial, Helvetica;\">Sin duda uno de los recursos naturales mas apreciados del Alto Aller son sus r\u00edos; sus aguas cristalinas provenientes de los valles de San Isidro y Vegarada,<!--more--> dan vida a la trucha fario, siendo sus cotos de pesca de Felechosa (San Isidro) y de Collanzo (Aller), los m\u00e1s codiciados por los pescadores de dentro y de afuera de Asturias, principalmente este \u00faltimo, el de Collanzo, que ha pasado ha ser el primero en cuanto al n\u00famero de solicitudes.<\/span><\/p>\n<p align=\"center\"><a style=\"line-height: 48px; font-size: xx-large;\" name=\"La trucha fario\"><\/a><span class=\"Apple-style-span\" style=\"line-height: 48px; font-size: xx-large;\">La trucha fario<\/span><\/p>\n<p align=\"center\"><img loading=\"lazy\" decoding=\"async\" src=\"http:\/\/ccfccf.wanadooadsl.net\/rios\/_themes\/factory\/fachsepa.gif\" alt=\"\" width=\"600\" height=\"10\" \/><\/p>\n<p align=\"left\">El rey de los r\u00edos en estas aguas es la trucha fario.<\/p>\n<p align=\"center\"><img loading=\"lazy\" decoding=\"async\" class=\"alignleft\" style=\"border-width: 2px; border-color: black; border-style: solid;\" src=\"http:\/\/ccfccf.wanadooadsl.net\/rios\/images\/trucha.jpg\" alt=\"\" width=\"275\" height=\"271\" border=\"2\" \/><\/p>\n<p align=\"left\"><span style=\"font-family: 'Trebuchet MS', Arial, Helvetica;\">Anta\u00f1o nos visitaban tambi\u00e9n los salmones, pero la forma de ver las cosas por las administraciones de antes, permitieron que se construyesen presas y aprovechamientos hidr\u00e1ulicos, que cerraron el paso de este apreciado pez. Hoy d\u00eda parece que la sensatez ha llegado de nuevo y se est\u00e1n haciendo esfuerzos para demostrar que los aprovechamientos hidr\u00e1ulicos y la vida en sus aguas son totalmente compatibles y que \u00fanicamente hay que saber racionalizarlos. Esperemos que en los pr\u00f3ximos a\u00f1os podamos ver los salmones, reos y anguilas remontando en estas aguas.<\/span><\/p>\n<p align=\"left\">Desde hace bastante a\u00f1os existe en Aller una asociaci\u00f3n de pescadores denominada El Maravayu, la cual se ha esforzado en repoblar los r\u00edos Alleranos con trucha aut\u00f3ctona proveniente del mismo r\u00edo, siendo este el motivo por el cual, tanto en las zonas libres, que son muchas, como en los dos cotos de pesca existentes, se pueda disfrutar del bonito deporte de la pesca.<\/p>\n<p align=\"center\"><span class=\"Apple-style-span\" style=\"line-height: 48px; font-size: xx-large;\">Los r\u00edos<\/span><\/p>\n<p align=\"center\"><img loading=\"lazy\" decoding=\"async\" src=\"http:\/\/ccfccf.wanadooadsl.net\/rios\/_themes\/factory\/fachsepa.gif\" alt=\"\" width=\"600\" height=\"10\" \/><\/p>\n<p align=\"left\">Los r\u00edos principales del Alto Aller son el de San Isidro, que nace en el puerto del mismo nombre y que pasando por los pueblos de Felechosa, El Pino, La Pola y Llanos, llega a Collanzo, donde se une con el segundo r\u00edo en importancia, el rio Aller, que nace en el puerto de Vegarada, y pasa por los pueblos de Rioaller, Casomera y Llamas, antes de llegar a la uni\u00f3n de los dos valles.<\/p>\n<p align=\"left\">El r\u00edo San Isidro es un r\u00edo claro, m\u00e1s sil\u00edceo por la gran cantidad de roca cuarc\u00edtica que arrastra desde la parte alta del valle.<\/p>\n<p align=\"center\"><img loading=\"lazy\" decoding=\"async\" src=\"http:\/\/ccfccf.wanadooadsl.net\/rios\/images\/rio03.jpg\" alt=\"\" width=\"275\" height=\"182\" border=\"2\" \/>\u00a0<img loading=\"lazy\" decoding=\"async\" src=\"http:\/\/ccfccf.wanadooadsl.net\/rios\/images\/rio09.jpg\" alt=\"\" width=\"275\" height=\"205\" border=\"2\" \/><\/p>\n<p align=\"left\">El r\u00edo Aller en cambio es m\u00e1s oscuro y son las pizarras las que le confieren este tono; siendo sus aguas m\u00e1s fr\u00edas y menos caudalosas que el de San Isidro.<\/p>\n<div style=\"width: 285px\" class=\"wp-caption aligncenter\"><img loading=\"lazy\" decoding=\"async\" style=\"border-style: initial; border-color: initial; border-width: 0px;\" src=\"http:\/\/ccfccf.wanadooadsl.net\/rios\/images\/focerra102a.JPG\" alt=\"\" width=\"275\" height=\"366\" border=\"0\" \/><span class=\"Apple-style-span\" style=\"font-size: 11px; font-weight: normal; line-height: 17px;\">\u00a0Aller en les foces<\/span><\/dt>\n<\/dl>\n<\/div>\n<p align=\"center\"><span style=\"font-family: Verdana;\"><span class=\"Apple-style-span\" style=\"line-height: 13px; font-size: xx-small;\"><br \/>\n<\/span><\/span><\/p>\n<div class=\"mceTemp mceIEcenter\">\n<dl id=\"\" class=\"wp-caption  aligncenter\" style=\"width: 285px;\">\n<dt class=\"wp-caption-dt\"><img loading=\"lazy\" decoding=\"async\" style=\"border-style: initial; border-color: initial; border-width: 0px;\" src=\"http:\/\/ccfccf.wanadooadsl.net\/rios\/images\/rioallerenllamas102a.JPG\" alt=\"\" width=\"275\" height=\"206\" border=\"0\" \/><p class=\"wp-caption-text\">R\u00edo Aller en Llamas<\/p><\/div>\n<p align=\"center\"><a style=\"line-height: 48px; font-size: xx-large;\" name=\"El Marayayu\"><\/a><\/p>\n<p align=\"left\">Sin duda la vida que se guarda en estos r\u00edos es debida a los m\u00faltiples afluentes que tienen, que permiten a la trucha tener zonas donde reproducirse durante los meses de diciembre y enero.<\/p>\n<p align=\"left\">El r\u00edo Valmartin, que recorre las famosas Foces de El Pino y en donde la asociaci\u00f3n de pescadores El Maravayu tiene su centro de alevinaje, es uno de los m\u00e1s importantes.<\/p>\n<p align=\"center\"><a style=\"line-height: 48px; font-size: xx-large;\" name=\"El Marayayu\"><\/a><\/p>\n<div style=\"width: 285px\" class=\"wp-caption aligncenter\"><img loading=\"lazy\" decoding=\"async\" style=\"border-width: 2px; border-color: black; border-style: solid;\" src=\"http:\/\/ccfccf.wanadooadsl.net\/rios\/images\/rio04.jpg\" alt=\"\" width=\"275\" height=\"366\" border=\"2\" \/><p class=\"wp-caption-text\">R\u00edo Valmart\u00edn en les Foces de El Pino<\/p><\/div>\n<p align=\"center\"><a style=\"line-height: 48px; font-size: xx-large;\" name=\"El Marayayu\"><\/a><\/p>\n<p align=\"center\">\n<div style=\"width: 285px\" class=\"wp-caption aligncenter\"><img loading=\"lazy\" decoding=\"async\" style=\"border-width: 2px; border-color: black; border-style: solid;\" src=\"http:\/\/ccfccf.wanadooadsl.net\/rios\/images\/rio08.jpg\" alt=\"\" width=\"275\" height=\"205\" border=\"2\" \/><p class=\"wp-caption-text\">R\u00edo Valmartin<\/p><\/div>\n<p align=\"center\"><a style=\"line-height: 48px; font-size: xx-large;\" name=\"El Marayayu\"><\/a><\/p>\n<p align=\"center\"><a style=\"line-height: 48px; font-size: xx-large;\" name=\"El Marayayu\"><\/a><span class=\"Apple-style-span\" style=\"line-height: 48px; font-size: xx-large;\">El Maravayu<\/span><\/p>\n<p align=\"center\"><img loading=\"lazy\" decoding=\"async\" src=\"http:\/\/ccfccf.wanadooadsl.net\/rios\/_themes\/factory\/fachsepa.gif\" alt=\"\" width=\"600\" height=\"10\" \/><\/p>\n<p align=\"center\"><img loading=\"lazy\" decoding=\"async\" src=\"http:\/\/ccfccf.wanadooadsl.net\/rios\/images\/LOGO200MPP.gif\" alt=\"\" width=\"218\" height=\"209\" border=\"0\" \/><\/p>\n<p align=\"left\">El maravayu es el nombre de un invertebrado de color amarillo, que hace su casa tubular con peque\u00f1as piedras y que vive debajo de las rocas del r\u00edo. Este curioso nombre fue el que un d\u00eda varios pescadores de la zona, encabezados por el fundador, Eduardo (q.p.e.), decidieron crear la asociaci\u00f3n de pescadores.<\/p>\n<p align=\"center\"><img loading=\"lazy\" decoding=\"async\" class=\"alignleft\" style=\"border-width: 2px; border-color: black; border-style: solid;\" src=\"http:\/\/ccfccf.wanadooadsl.net\/rios\/images\/amravayu01.jpg\" alt=\"\" width=\"275\" height=\"193\" border=\"2\" \/><\/p>\n<p align=\"left\">Sus instalaciones se encuentran en Mol\u00edn Pe\u00f3n, un antiguo molino que se encuentra en el r\u00edo Valmart\u00edn, cerca del pueblo de El Pino. Esta instalaci\u00f3n est\u00e1 siendo reformada y ampliada todos los a\u00f1os con el esfuerzo de unos pocos y las pocas ayudas de las administraciones.<\/p>\n<p align=\"center\"><img loading=\"lazy\" decoding=\"async\" class=\"alignnone\" style=\"border-width: 2px; border-color: black; border-style: solid;\" src=\"http:\/\/ccfccf.wanadooadsl.net\/rios\/images\/maravayu022.jpg\" alt=\"\" width=\"275\" height=\"159\" border=\"2\" \/><\/p>\n<p align=\"center\"><span style=\"font-size: xx-large;\"><a name=\"La pesca\"><\/a><\/span><\/p>\n<p align=\"center\"><img loading=\"lazy\" decoding=\"async\" class=\"alignleft\" style=\"border-width: 2px; border-color: black; border-style: solid;\" src=\"http:\/\/ccfccf.wanadooadsl.net\/rios\/images\/huevos.jpg\" alt=\"\" width=\"275\" height=\"228\" border=\"2\" \/><\/p>\n<p align=\"center\"><span style=\"font-size: xx-large;\"><a name=\"La pesca\"><\/a><\/span><\/p>\n<p align=\"left\">El proceso se basa en desovar las truchas del mismo r\u00edo o r\u00edos cercanos en los meses de diciembre y enero y culminar el proceso de cr\u00eda de los alevines en las instalaciones de el Maravayu.<\/p>\n<p align=\"center\"><img loading=\"lazy\" decoding=\"async\" class=\"alignnone\" style=\"border-style: initial; border-color: initial; border-width: 0px;\" src=\"http:\/\/ccfccf.wanadooadsl.net\/rios\/images\/ale004.jpg\" alt=\"\" width=\"275\" height=\"109\" border=\"0\" \/>\u00a0\u00a0<img loading=\"lazy\" decoding=\"async\" class=\"alignleft\" style=\"font-size: 16px; line-height: 24px; border-style: initial; border-color: initial; border-width: 0px;\" src=\"http:\/\/ccfccf.wanadooadsl.net\/rios\/images\/ale015.jpg\" alt=\"\" width=\"275\" height=\"104\" border=\"0\" \/><\/p>\n<p align=\"center\"><span style=\"font-size: xx-large;\"><a name=\"La pesca\"><\/a><\/span><\/p>\n<p align=\"left\">\u00a0Cuando los alevines tengan unos cent\u00edmetros ser\u00e1n llevados a los r\u00edos del concejo para ayudar de est\u00e1 forma a que en los a\u00f1os en que no han tenido un desove natural suficiente, debido principalmente a las riadas, esto permita el mantenimiento de la trucha fario.<\/p>\n<p align=\"center\"><span style=\"font-size: xx-large;\"><img loading=\"lazy\" decoding=\"async\" class=\"alignnone\" style=\"font-size: 16px; line-height: 24px; border-width: 2px; border-color: black; border-style: solid;\" src=\"http:\/\/ccfccf.wanadooadsl.net\/rios\/images\/alevines.jpg\" alt=\"\" width=\"275\" height=\"188\" border=\"2\" \/><\/span><\/p>\n<p align=\"center\"><span style=\"font-size: xx-large;\"><a name=\"La pesca\"><\/a><\/span><\/p>\n<p style=\"text-align: center;\" align=\"left\">\u00a0<span class=\"Apple-style-span\" style=\"line-height: 48px; font-size: xx-large;\">La pesca<\/span><\/p>\n<p align=\"center\"><img loading=\"lazy\" decoding=\"async\" src=\"http:\/\/ccfccf.wanadooadsl.net\/rios\/_themes\/factory\/fachsepa.gif\" alt=\"\" width=\"600\" height=\"10\" \/><\/p>\n<p align=\"left\">Para los amantes de la pesca existen muchas zonas donde pescar, tanto libres como cotos, aunque estos \u00faltimos son muy dif\u00edciles de disfrutar, teniendo en cuenta que existe un sortero de reparto de cotos anual que hace la administraci\u00f3n del Principado de Asturias y dado que estos cotos, principalmente el de Collanzo, son los preferidos por la gran mayor\u00eda, se necesita tener suerte para poder tener un d\u00eda al a\u00f1o para disfrutarlo.<\/p>\n<p align=\"center\"><img loading=\"lazy\" decoding=\"async\" src=\"http:\/\/ccfccf.wanadooadsl.net\/rios\/images\/rio07.jpg\" alt=\"\" width=\"275\" height=\"178\" border=\"0\" \/><\/p>\n<p align=\"left\">Tanto la cola de rata, como la cucharilla o la mosca a la Allerana, sin olvidarnos del cebo, son posibles en estos r\u00edos.<\/p>\n<p align=\"center\"><img loading=\"lazy\" decoding=\"async\" class=\"alignleft\" src=\"http:\/\/ccfccf.wanadooadsl.net\/rios\/images\/rio02.jpg\" alt=\"\" width=\"250\" height=\"386\" border=\"0\" \/><\/p>\n<p align=\"center\"><img loading=\"lazy\" decoding=\"async\" src=\"http:\/\/ccfccf.wanadooadsl.net\/rios\/images\/rio06.jpg\" alt=\"\" width=\"275\" height=\"425\" border=\"0\" \/><\/p>\n<p align=\"left\">Para los que lo conocen saben de sobra que hay d\u00edas que vas para casa sin estrenarte y diciendo que el r\u00edo est\u00e1 acabado y posiblemente el d\u00eda siguiente tienes otro completamente distinto donde disfrutas de lo lindo.<\/p>\n<div style=\"width: 285px\" class=\"wp-caption alignleft\"><img loading=\"lazy\" decoding=\"async\" style=\"border-style: initial; border-color: initial; border-width: 0px;\" src=\"http:\/\/ccfccf.wanadooadsl.net\/rios\/images\/truchas1a.jpg\" alt=\"\" width=\"275\" height=\"153\" border=\"0\" \/><p class=\"wp-caption-text\">Truchas del r\u00edo Aller<\/p><\/div>\n<p align=\"left\">Disfruta de la pesca en nuestros r\u00edos y ll\u00e9vate para casa dos o tres para saborearlas, las dem\u00e1s d\u00e9jalas en el r\u00edo para que la pr\u00f3xima vez que vengas puedas pasarlo bien de nuevo.<\/p>\n<p align=\"left\">Estos \u00faltimos a\u00f1os se han pescado salmones de gran tama\u00f1o, uno de esos, que bati\u00f3 el record de los \u00faltimos 40 a\u00f1os, fue pescado por Jos\u00e9 Antonio Lillo, socio del Maravayu; el salm\u00f3n pes\u00f3 13.4 Kg. y fue pescado en el coto Juan Casta\u00f1o, en el r\u00edo Narcea.<\/p>\n<p align=\"center\"><a href=\"http:\/\/www.collanzo.com\/WP_Entorno\/wp-content\/uploads\/2011\/12\/tressalmon1.jpg\"><img loading=\"lazy\" decoding=\"async\" src=\"http:\/\/ccfccf.wanadooadsl.net\/rios\/images\/tressalmon_small.jpg\" alt=\"\" width=\"100\" height=\"83\" border=\"1\" \/><\/a><\/p>\n","protected":false},"excerpt":{"rendered":"<p>Autor: C\u00e9sar Casta\u00f1\u00f3n \u00a0Sin duda uno de los recursos naturales mas apreciados del Alto Aller son sus r\u00edos; sus aguas cristalinas provenientes de los valles de San Isidro y Vegarada,<\/p>\n","protected":false},"author":1,"featured_media":0,"comment_status":"open","ping_status":"open","sticky":false,"template":"","format":"standard","meta":{"footnotes":"","_links_to":"","_links_to_target":""},"categories":[6],"tags":[],"class_list":["post-36","post","type-post","status-publish","format-standard","hentry","category-rios"],"_links":{"self":[{"href":"https:\/\/www.collanzo.com\/WP_Entorno\/index.php?rest_route=\/wp\/v2\/posts\/36","targetHints":{"allow":["GET"]}}],"collection":[{"href":"https:\/\/www.collanzo.com\/WP_Entorno\/index.php?rest_route=\/wp\/v2\/posts"}],"about":[{"href":"https:\/\/www.collanzo.com\/WP_Entorno\/index.php?rest_route=\/wp\/v2\/types\/post"}],"author":[{"embeddable":true,"href":"https:\/\/www.collanzo.com\/WP_Entorno\/index.php?rest_route=\/wp\/v2\/users\/1"}],"replies":[{"embeddable":true,"href":"https:\/\/www.collanzo.com\/WP_Entorno\/index.php?rest_route=%2Fwp%2Fv2%2Fcomments&post=36"}],"version-history":[{"count":12,"href":"https:\/\/www.collanzo.com\/WP_Entorno\/index.php?rest_route=\/wp\/v2\/posts\/36\/revisions"}],"predecessor-version":[{"id":124,"href":"https:\/\/www.collanzo.com\/WP_Entorno\/index.php?rest_route=\/wp\/v2\/posts\/36\/revisions\/124"}],"wp:attachment":[{"href":"https:\/\/www.collanzo.com\/WP_Entorno\/index.php?rest_route=%2Fwp%2Fv2%2Fmedia&parent=36"}],"wp:term":[{"taxonomy":"category","embeddable":true,"href":"https:\/\/www.collanzo.com\/WP_Entorno\/index.php?rest_route=%2Fwp%2Fv2%2Fcategories&post=36"},{"taxonomy":"post_tag","embeddable":true,"href":"https:\/\/www.collanzo.com\/WP_Entorno\/index.php?rest_route=%2Fwp%2Fv2%2Ftags&post=36"}],"curies":[{"name":"wp","href":"https:\/\/api.w.org\/{rel}","templated":true}]}}